{"id":6867,"date":"2021-01-08T17:52:51","date_gmt":"2021-01-08T17:52:51","guid":{"rendered":"https:\/\/www.modapunta.com\/noticia\/6660\/moda\/empiezan-las-rebajas-te-contamos-los-detalles-por-marcas-y-comunidades.html"},"modified":"2021-01-08T17:52:51","modified_gmt":"2021-01-08T17:52:51","slug":"empiezan-las-rebajas-te-contamos-los-detalles-por-marcas-y-comunidades","status":"publish","type":"post","link":"http:\/\/cordobainforma.info\/index.php\/2021\/01\/08\/empiezan-las-rebajas-te-contamos-los-detalles-por-marcas-y-comunidades\/","title":{"rendered":"\u00a1Empiezan las rebajas! Te contamos los detalles por marcas y comunidades"},"content":{"rendered":"<div class=\"media_block\"><\/div>\n<div><img src=\"http:\/\/cordobainforma.info\/wp-content\/uploads\/2021\/01\/empiezan-las-rebajas-te-contamos-los-detalles-por-marcas-y-comunidades.jpg\" class=\"ff-og-image-inserted\"><\/div>\n<p>La cuesta de enero est\u00e1 aqu\u00ed, la pandemia sigue con mayor incidencia y por tiempo indefinido, los h\u00e1bitos de los consumidores han cambiado aumentando las compras online.<\/p>\n<h4><strong>\u00bfCu\u00e1ndo empiezan las rebajas ?<\/strong><\/h4>\n<p>Las rebajas suelen comenzar el 7 de enero, despu\u00e9s de Reyes, pero muchas tiendas se adelantaron para aprovechar los d\u00edas navide\u00f1os.<\/p>\n<p>Suelen durar dos meses, dependiendo de cada comunidad aut\u00f3noma y de cada marca, aunque enero y febrero son los meses oficiales, y en algunas firmas o comunidades se alargan hasta el mes de marzo.<\/p>\n<p>Otros a\u00f1os, el 7 de enero comenzaban en tiendas f\u00edsicas y el 6 de enero para las compras online, algo que se ha visto afectado en esta campa\u00f1a.<\/p>\n<p>Para evitar largas colas y agobios en las puertas de los comercios, las compras online ser\u00e1n de nuevo protagonistas. Podr\u00e1s encontrar todas las marcas, incluso ofertas que no siempre se hallan en los establecimientos.<\/p>\n<h4><strong>Rebajas de tiendas en el invierno 2021<\/strong><\/h4>\n<ul>\n<li><strong>Asos<\/strong>: desde el 1 de enero ya contaban con descuentos del 50% en una selecci\u00f3n de productos.<\/li>\n<li><strong>Cortefiel<\/strong>: desde el pasado desde el 26 de diciembre, en prendas seleccionadas.<\/li>\n<li><strong>Desigual<\/strong>: desde el 1 de enero.<\/li>\n<li><strong>El Corte Ingl\u00e9s<\/strong>: a partir del 6 de enero (online).<\/li>\n<li><strong>Guess<\/strong>: a partir del 7 de enero.<\/li>\n<li><strong>H&amp;M<\/strong>: desde el 2 de enero.<\/li>\n<li><strong>Inditex<\/strong> (Zara, Oysho, Stradivarius, Bershka, Uterq\u00fce, Lefties, Pull &amp; Bear, Massimo Dutti, Zara Home): a partir del 7 de enero.<\/li>\n<li><strong>Intimissimi<\/strong>: empiezan el 7 de enero.<\/li>\n<li><strong>Mango<\/strong>: a partir del 2 de enero.<\/li>\n<li><strong>Springfield<\/strong>: desde el 1 de enero.<\/li>\n<li><strong>Purificaci\u00f3n Garc\u00eda<\/strong>: a partir del 7 de enero.<\/li>\n<li><strong>&amp; Other Stories<\/strong>: empiezan el 7 de enero.<\/li>\n<li><strong>Women\u2019secret<\/strong>: a partir del 7 de enero.<\/li>\n<\/ul>\n<p>Las rebajas de invierno 2021 se extender\u00e1n, como dec\u00edamos, al menos durante al menos dos meses.<\/p>\n<p><strong>Rebajas por comunidades<\/strong>:<\/p>\n<div class=\"txt article-main-txt\">\n<ul>\n<li>Andaluc\u00eda, del 7 de enero al 7 de marzo.<\/li>\n<li>Arag\u00f3n, del 6 de enero hasta marzo.<\/li>\n<li>Islas Baleares, desde el 7 de enero.<\/li>\n<li>Canarias, del 7 de enero al 6 de marzo.<\/li>\n<li>Cantabria, del 7 de enero al 6 de abril.<\/li>\n<li>Castilla-La Mancha, del 7 de enero al 31 de marzo.<\/li>\n<li>Castilla y Le\u00f3n, del 7 de enero al 6 de marzo.<\/li>\n<li>Catalu\u00f1a, del 7 de enero al 6 de marzo.<\/li>\n<li>Ceuta, del 7 de enero al 28 de febrero.<\/li>\n<li>Comunidad Valenciana, del 8 de enero al 10 de marzo.<\/li>\n<li>Extremadura. del 7 de enero al 6 de marzo.<\/li>\n<li>Galicia, del 7 de enero al 7 de abril.<\/li>\n<li>Madrid, del 1 de enero al 31 de marzo.<\/li>\n<li>Melilla, del 7 de enero al 7 de marzo.<\/li>\n<li>Murcia, del 7 de enero al 7 de marzo.<\/li>\n<li>Navarra, del 7 de enero al 6 de marzo.<\/li>\n<li>Pa\u00eds Vasco, del 7 de enero al 31 de marzo.<\/li>\n<li>Principado de Asturias, del 8 de enero al 6 de marzo.<\/li>\n<li>La Rioja, del 7 de enero al 6 de marzo. <\/li>\n<\/ul>\n<\/div>\n","protected":false},"excerpt":{"rendered":"<p>La cuesta de enero est\u00e1 aqu\u00ed, la pandemia sigue con mayor incidencia y por tiempo indefinido, los h\u00e1bitos de los consumidores han cambiado aumentando las compras online. \u00bfCu\u00e1ndo empiezan las rebajas ? Las rebajas suelen comenzar el 7 de enero, despu\u00e9s de Reyes, pero muchas tiendas se adelantaron para aprovechar los d\u00edas navide\u00f1os. Suelen durar [&hellip;]<\/p>\n","protected":false},"author":1,"featured_media":6868,"comment_status":"open","ping_status":"closed","sticky":false,"template":"","format":"standard","meta":[],"categories":[24],"tags":[],"_links":{"self":[{"href":"http:\/\/cordobainforma.info\/index.php\/wp-json\/wp\/v2\/posts\/6867"}],"collection":[{"href":"http:\/\/cordobainforma.info\/index.php\/wp-json\/wp\/v2\/posts"}],"about":[{"href":"http:\/\/cordobainforma.info\/index.php\/wp-json\/wp\/v2\/types\/post"}],"author":[{"embeddable":true,"href":"http:\/\/cordobainforma.info\/index.php\/wp-json\/wp\/v2\/users\/1"}],"replies":[{"embeddable":true,"href":"http:\/\/cordobainforma.info\/index.php\/wp-json\/wp\/v2\/comments?post=6867"}],"version-history":[{"count":0,"href":"http:\/\/cordobainforma.info\/index.php\/wp-json\/wp\/v2\/posts\/6867\/revisions"}],"wp:featuredmedia":[{"embeddable":true,"href":"http:\/\/cordobainforma.info\/index.php\/wp-json\/wp\/v2\/media\/6868"}],"wp:attachment":[{"href":"http:\/\/cordobainforma.info\/index.php\/wp-json\/wp\/v2\/media?parent=6867"}],"wp:term":[{"taxonomy":"category","embeddable":true,"href":"http:\/\/cordobainforma.info\/index.php\/wp-json\/wp\/v2\/categories?post=6867"},{"taxonomy":"post_tag","embeddable":true,"href":"http:\/\/cordobainforma.info\/index.php\/wp-json\/wp\/v2\/tags?post=6867"}],"curies":[{"name":"wp","href":"https:\/\/api.w.org\/{rel}","templated":true}]}}