{"id":535,"date":"2020-08-31T19:16:09","date_gmt":"2020-08-31T19:16:09","guid":{"rendered":"https:\/\/www.mujerhoy.com\/moda\/no-te-pierdas\/202008\/31\/tendencias-chaquetas-otono-bershka-20200831184555.html"},"modified":"2020-08-31T19:16:09","modified_gmt":"2020-08-31T19:16:09","slug":"tienes-que-ver-las-tres-chaquetas-clave-de-la-nueva-coleccion-de-berskha-eliges-peluche-lady-o-flecos","status":"publish","type":"post","link":"http:\/\/cordobainforma.info\/index.php\/2020\/08\/31\/tienes-que-ver-las-tres-chaquetas-clave-de-la-nueva-coleccion-de-berskha-eliges-peluche-lady-o-flecos\/","title":{"rendered":"Tienes que ver las tres chaquetas clave de la nueva colecci\u00f3n de Berskha: \u00bfeliges peluche, lady o flecos?"},"content":{"rendered":"<p>Ahora mismo a\u00fan tenemos el armario abarrotado de bermudas, vestidos y tops, pero nuestras <strong>&#8216;wishlists&#8217;<\/strong> ya est\u00e1n a tope con las tendencias de oto\u00f1o. Como buenas compradoras expertas, vamos guardando y descartando prendas seg\u00fan se van renovando las nuevas colecciones con el objetivo de comprar el dise\u00f1o m\u00e1s redondo de las tendencias elegidas. En <a href=\"https:\/\/www.mujerhoy.com\/moda\/no-te-pierdas\/202004\/01\/ana-moya-chaqueta-flecos-bershka-rebajas-20200401101541.html\">Bershka<\/a> vemos ya claramente las <a href=\"https:\/\/www.mujerhoy.com\/moda\/no-te-pierdas\/202008\/19\/chaquetas-pata-de-gallo-otono-mango-hym-20200819124921.html\">chaquetas<\/a> que van a protagonizar la primera parte del oto\u00f1o: la americana cropped, el <a href=\"https:\/\/www.mujerhoy.com\/moda\/no-te-pierdas\/202008\/26\/cardigan-nueva-temporada-zara-mango-hym-12022289300-ga.html\">c\u00e1rdigan<\/a> a la cintura y la chaqueta camiseta. Pero, adem\u00e1s, proponen tres versiones de cada prenda que nos <strong>apasionan<\/strong>. Y no pueden tener estilos m\u00e1s distintos: &#8216;lady&#8217;, rom\u00e1ntica y aventurera.<\/p>\n<div class=\"comp_mm\">\n<figure><picture><source srcset=\"http:\/\/cordobainforma.info\/wp-content\/uploads\/2020\/08\/tienes-que-ver-las-tres-chaquetas-clave-de-la-nueva-coleccion-de-berskha-eliges-peluche-lady-o-flecos.jpg, http:\/\/cordobainforma.info\/wp-content\/uploads\/2020\/08\/tienes-que-ver-las-tres-chaquetas-clave-de-la-nueva-coleccion-de-berskha-eliges-peluche-lady-o-flecos.jpg 2x\" media=\"(min-width: 1054px)\"><source srcset=\"http:\/\/cordobainforma.info\/wp-content\/uploads\/2020\/08\/tienes-que-ver-las-tres-chaquetas-clave-de-la-nueva-coleccion-de-berskha-eliges-peluche-lady-o-flecos.jpg, http:\/\/cordobainforma.info\/wp-content\/uploads\/2020\/08\/tienes-que-ver-las-tres-chaquetas-clave-de-la-nueva-coleccion-de-berskha-eliges-peluche-lady-o-flecos.jpg 2x\" media=\"(min-width: 720px)\"><source srcset=\"https:\/\/resizer.mujerhoy.com\/resizer\/resizer.php?imagen=http:\/\/cordobainforma.info\/wp-content\/uploads\/2020\/08\/tienes-que-ver-las-tres-chaquetas-clave-de-la-nueva-coleccion-de-berskha-eliges-peluche-lady-o-flecos.jpg&amp;nuevoalto=714&amp;nuevoancho=476\"><img src=\"http:\/\/cordobainforma.info\/wp-content\/uploads\/2020\/08\/tienes-que-ver-las-tres-chaquetas-clave-de-la-nueva-coleccion-de-berskha-eliges-peluche-lady-o-flecos.jpg\" alt=\"El c&amp;aacute;digan de punto con pelo de Bershka, perfecto para combinar con lentejuelas. \" title=\"El c&amp;aacute;digan de punto con pelo de Bershka, perfecto para combinar con lentejuelas. \" itemprop=\"image\"><\/picture><figcaption> El c\u00e1digan de punto con pelo de Bershka, perfecto para combinar con lentejuelas. <span class=\"firma\"><\/span><\/figcaption><\/figure>\n<\/div>\n<p>La primera chaqueta que nos ha llamado poderosamente la atenc\u00f3n es una versi\u00f3n de la americana cien por cien tendencia de oto\u00f1o: cropped. Pero, adem\u00e1s, en un tejido de <strong>tweed <\/strong>estampado con pata de gallo espectacular. Queda fant\u00e1stica con vaqueros, con una falda a juego, con un vestido&#8230; con todo. Si tu estilo es &#8216;lady&#8217;, no lo dudes (29,99 euros). Si vas buscando un look m\u00e1s <strong>rom\u00e1ntico<\/strong>, o si te apetece a robar el combo que vas a ver por todas partes en oto\u00f1o (punto y lentejuelas), tienes que probarte el c\u00e1rdigan de pelo <strong>peluche <\/strong>de Bershka: lo tienes de color camel y en un blanco maravilloso (19,99 euros).<\/p>\n<div class=\"comp_mm\">\n<figure><picture><source srcset=\"http:\/\/cordobainforma.info\/wp-content\/uploads\/2020\/08\/tienes-que-ver-las-tres-chaquetas-clave-de-la-nueva-coleccion-de-berskha-eliges-peluche-lady-o-flecos.png, http:\/\/cordobainforma.info\/wp-content\/uploads\/2020\/08\/tienes-que-ver-las-tres-chaquetas-clave-de-la-nueva-coleccion-de-berskha-eliges-peluche-lady-o-flecos.png 2x\" media=\"(min-width: 1054px)\"><source srcset=\"http:\/\/cordobainforma.info\/wp-content\/uploads\/2020\/08\/tienes-que-ver-las-tres-chaquetas-clave-de-la-nueva-coleccion-de-berskha-eliges-peluche-lady-o-flecos.png, http:\/\/cordobainforma.info\/wp-content\/uploads\/2020\/08\/tienes-que-ver-las-tres-chaquetas-clave-de-la-nueva-coleccion-de-berskha-eliges-peluche-lady-o-flecos.png 2x\" media=\"(min-width: 720px)\"><source srcset=\"https:\/\/resizer.mujerhoy.com\/resizer\/resizer.php?imagen=http:\/\/cordobainforma.info\/wp-content\/uploads\/2020\/08\/tienes-que-ver-las-tres-chaquetas-clave-de-la-nueva-coleccion-de-berskha-eliges-peluche-lady-o-flecos.png&amp;nuevoalto=714&amp;nuevoancho=476\"><img src=\"http:\/\/cordobainforma.info\/wp-content\/uploads\/2020\/08\/tienes-que-ver-las-tres-chaquetas-clave-de-la-nueva-coleccion-de-berskha-eliges-peluche-lady-o-flecos.png\" alt=\"Bershka apuesta por la chaqueta camisera con flecos.\" title=\"Bershka apuesta por la chaqueta camisera con flecos.\" itemprop=\"image\"><\/picture><figcaption> Bershka apuesta por la chaqueta camisera con flecos. <span class=\"firma\"><\/span><\/figcaption><\/figure>\n<\/div>\n<p>La tercera opci\u00f3n que <strong>Bershka <\/strong>propone como chaqueta de la temporada es, probablemente, la tendencia m\u00e1s arrasadora ahora mismo en las nuevas colecciones: la<strong> chaqueta camisera<\/strong>. Esta nos convence sobre muchas otras porque apuesta por un color hueso s\u00faper vers\u00e1til y en vez de sumarse a los omnipresentes cuadros le a\u00f1ade unos divertid\u00edsimos <strong>flecos <\/strong>(39,99 euros). Nos encanta este giro de la chaqueta camisera que no hemos visto en ninguna nueva colecci\u00f3n. De momento. <\/p>\n<div class=\"tb-interesa\">\n<h3>Tambi\u00e9n te interesa<\/h3>\n<\/div>\n","protected":false},"excerpt":{"rendered":"<p>Ahora mismo a\u00fan tenemos el armario abarrotado de bermudas, vestidos y tops, pero nuestras &#8216;wishlists&#8217; ya est\u00e1n a tope con las tendencias de oto\u00f1o. Como buenas compradoras expertas, vamos guardando y descartando prendas seg\u00fan se van renovando las nuevas colecciones con el objetivo de comprar el dise\u00f1o m\u00e1s redondo de las tendencias elegidas. En Bershka [&hellip;]<\/p>\n","protected":false},"author":1,"featured_media":536,"comment_status":"closed","ping_status":"closed","sticky":false,"template":"","format":"standard","meta":[],"categories":[24],"tags":[],"_links":{"self":[{"href":"http:\/\/cordobainforma.info\/index.php\/wp-json\/wp\/v2\/posts\/535"}],"collection":[{"href":"http:\/\/cordobainforma.info\/index.php\/wp-json\/wp\/v2\/posts"}],"about":[{"href":"http:\/\/cordobainforma.info\/index.php\/wp-json\/wp\/v2\/types\/post"}],"author":[{"embeddable":true,"href":"http:\/\/cordobainforma.info\/index.php\/wp-json\/wp\/v2\/users\/1"}],"replies":[{"embeddable":true,"href":"http:\/\/cordobainforma.info\/index.php\/wp-json\/wp\/v2\/comments?post=535"}],"version-history":[{"count":0,"href":"http:\/\/cordobainforma.info\/index.php\/wp-json\/wp\/v2\/posts\/535\/revisions"}],"wp:featuredmedia":[{"embeddable":true,"href":"http:\/\/cordobainforma.info\/index.php\/wp-json\/wp\/v2\/media\/536"}],"wp:attachment":[{"href":"http:\/\/cordobainforma.info\/index.php\/wp-json\/wp\/v2\/media?parent=535"}],"wp:term":[{"taxonomy":"category","embeddable":true,"href":"http:\/\/cordobainforma.info\/index.php\/wp-json\/wp\/v2\/categories?post=535"},{"taxonomy":"post_tag","embeddable":true,"href":"http:\/\/cordobainforma.info\/index.php\/wp-json\/wp\/v2\/tags?post=535"}],"curies":[{"name":"wp","href":"https:\/\/api.w.org\/{rel}","templated":true}]}}