{"id":491,"date":"2020-08-26T01:36:53","date_gmt":"2020-08-26T01:36:53","guid":{"rendered":"http:\/\/semanario5152.com\/?p=6484"},"modified":"2020-08-26T01:36:53","modified_gmt":"2020-08-26T01:36:53","slug":"evaluan-enviar-helicopteros-del-ejercito-para-el-traslado-de-bomberos","status":"publish","type":"post","link":"http:\/\/cordobainforma.info\/index.php\/2020\/08\/26\/evaluan-enviar-helicopteros-del-ejercito-para-el-traslado-de-bomberos\/","title":{"rendered":"Eval\u00faan enviar helic\u00f3pteros del Ej\u00e9rcito para el traslado de bomberos"},"content":{"rendered":"<p>Este martes se sum\u00f3 al combate de los incendios en las serran\u00edas cordobesas un helic\u00f3ptero de la Polic\u00eda Federal. De este modo, ya son 12 las aeronaves que operan en las zonas con focos activos.<\/p>\n<p>El helic\u00f3ptero que se incorpor\u00f3 esta jornada est\u00e1 trabajando en el frente que afecta una zona comprendida en comuna de San Roque, Cosqu\u00edn, Santa Mar\u00eda de Punilla, Bialet Mass\u00e9 y La Calera. El otro foco abarca Charbonier, Capilla del Monte y Copacabana.<\/p>\n<p>El ministro de Seguridad de la Provincia, Alfonso Mosquera, valor\u00f3 los recursos enviados por Naci\u00f3n para combatir el fuego:&nbsp;<strong><em>\u201cSer\u00e1 muy \u00fatil para el combate de este incendio que ya lleva tantos d\u00edas\u201d.<\/em><\/strong><\/p>\n<p><iframe src=\"https:\/\/www.youtube.com\/embed\/J-aWraSCbnw\" width=\"853\" height=\"480\" frameborder=\"0\" allowfullscreen=\"allowfullscreen\" data-mce-fragment=\"1\">[embedded content]<\/iframe><\/p>\n<p>El funcionario provincial indic\u00f3 que hay aviones hidrantes de la Naci\u00f3n y de la Provincia operando. El helic\u00f3ptero enviado por el Gobierno Nacional se suma a los otros dos que la administraci\u00f3n provincial ya dispon\u00eda para combatir las llamas.<\/p>\n<p><strong><em>\u201cEvaluaremos la posibilidad de conseguir otros recursos m\u00e1s que pueden estar disponibles, por parte del Ej\u00e9rcito y sus helic\u00f3pteros que sirven para el traslado de bomberos\u201d<\/em><\/strong>, agreg\u00f3 Mosquera.<\/p>\n<p>Por su parte, el subsecretario de Gesti\u00f3n de Riesgo del Ministerio de Seguridad de la Naci\u00f3n, Gabriel Gasparutti, dijo:&nbsp;<em>\u201cYa est\u00e1n trabajando los aviones hidrantes del Sistema Nacional de Manejo del Fuego y un avi\u00f3n vig\u00eda. Hoy hemos venido con un helic\u00f3ptero de la Polic\u00eda Federal que tiene un balde para trabajar, que es un sistema muy eficiente\u201d.<\/em><\/p>\n<figure class=\"wp-block-gallery columns-2 is-cropped\">\n<ul class=\"blocks-gallery-grid\">\n<li class=\"blocks-gallery-item cc_cursor\">\n<figure><img class=\"wp-image-431519 cc_cursor\" src=\"https:\/\/prensa.cba.gov.ar\/wp-content\/uploads\/2020\/08\/Incendio-martes-9-25-08-1.jpg\" sizes=\"(max-width: 903px) 100vw, 903px\" srcset=\"https:\/\/prensa.cba.gov.ar\/wp-content\/uploads\/2020\/08\/Incendio-martes-9-25-08-1.jpg 903w, https:\/\/prensa.cba.gov.ar\/wp-content\/uploads\/2020\/08\/Incendio-martes-9-25-08-1-300x219.jpg 300w, https:\/\/prensa.cba.gov.ar\/wp-content\/uploads\/2020\/08\/Incendio-martes-9-25-08-1-768x561.jpg 768w\" alt data-id=\"431519\" data-full-url=\"https:\/\/prensa.cba.gov.ar\/wp-content\/uploads\/2020\/08\/Incendio-martes-9-25-08-1.jpg\" data-link=\"https:\/\/prensa.cba.gov.ar\/no-home\/la-provincia-recibio-otro-helicoperto-de-nacion-para-luchar-contra-el-fuego\/attachment\/incendio-martes-9-25-08-1\/\"><\/figure>\n<\/li>\n<li class=\"blocks-gallery-item\">\n<figure><img class=\"wp-image-431538 cc_cursor\" src=\"https:\/\/prensa.cba.gov.ar\/wp-content\/uploads\/2020\/08\/WhatsApp-Image-2020-08-25-at-19.17.17-1024x682.jpeg\" sizes=\"(max-width: 1024px) 100vw, 1024px\" srcset=\"https:\/\/prensa.cba.gov.ar\/wp-content\/uploads\/2020\/08\/WhatsApp-Image-2020-08-25-at-19.17.17-1024x682.jpeg 1024w, https:\/\/prensa.cba.gov.ar\/wp-content\/uploads\/2020\/08\/WhatsApp-Image-2020-08-25-at-19.17.17-300x200.jpeg 300w, https:\/\/prensa.cba.gov.ar\/wp-content\/uploads\/2020\/08\/WhatsApp-Image-2020-08-25-at-19.17.17-768x512.jpeg 768w, https:\/\/prensa.cba.gov.ar\/wp-content\/uploads\/2020\/08\/WhatsApp-Image-2020-08-25-at-19.17.17.jpeg 1280w\" alt data-id=\"431538\" data-full-url=\"https:\/\/prensa.cba.gov.ar\/wp-content\/uploads\/2020\/08\/WhatsApp-Image-2020-08-25-at-19.17.17.jpeg\" data-link=\"https:\/\/prensa.cba.gov.ar\/no-home\/la-provincia-recibio-otro-helicoperto-de-nacion-para-luchar-contra-el-fuego\/attachment\/whatsapp-image-2020-08-25-at-19-17-17\/\"><\/figure>\n<\/li>\n<\/ul>\n<\/figure>\n<p>Ademas, el funcionario nacional destac\u00f3 el trabajo de la Provincia en la lucha contra los incendios:&nbsp;<em>\u201cEstamos observando que hay un trabajo muy coordinado, muy profesional, con un nivel de equipamiento y de recursos de lo mejor del pa\u00eds, as\u00ed que eso debe llevar tranquilidad a la gente\u201d.<\/em><\/p>\n<p>En relaci\u00f3n al aporte de recursos y al apoyo de Naci\u00f3n, Gasparitti fue categ\u00f3rico:&nbsp;<strong><em>\u201c<\/em><\/strong><em>Ac\u00e1 nos quedaremos hasta que esto se termine<\/em><strong><em>\u201d.<\/em><\/strong><\/p>\n","protected":false},"excerpt":{"rendered":"<p>Este martes se sum\u00f3 al combate de los incendios en las serran\u00edas cordobesas un helic\u00f3ptero de la Polic\u00eda Federal. De este modo, ya son 12 las aeronaves que operan en las zonas con focos activos. El helic\u00f3ptero que se incorpor\u00f3 esta jornada est\u00e1 trabajando en el frente que afecta una zona comprendida en comuna de [&hellip;]<\/p>\n","protected":false},"author":1,"featured_media":0,"comment_status":"closed","ping_status":"closed","sticky":false,"template":"","format":"standard","meta":[],"categories":[23],"tags":[],"_links":{"self":[{"href":"http:\/\/cordobainforma.info\/index.php\/wp-json\/wp\/v2\/posts\/491"}],"collection":[{"href":"http:\/\/cordobainforma.info\/index.php\/wp-json\/wp\/v2\/posts"}],"about":[{"href":"http:\/\/cordobainforma.info\/index.php\/wp-json\/wp\/v2\/types\/post"}],"author":[{"embeddable":true,"href":"http:\/\/cordobainforma.info\/index.php\/wp-json\/wp\/v2\/users\/1"}],"replies":[{"embeddable":true,"href":"http:\/\/cordobainforma.info\/index.php\/wp-json\/wp\/v2\/comments?post=491"}],"version-history":[{"count":0,"href":"http:\/\/cordobainforma.info\/index.php\/wp-json\/wp\/v2\/posts\/491\/revisions"}],"wp:attachment":[{"href":"http:\/\/cordobainforma.info\/index.php\/wp-json\/wp\/v2\/media?parent=491"}],"wp:term":[{"taxonomy":"category","embeddable":true,"href":"http:\/\/cordobainforma.info\/index.php\/wp-json\/wp\/v2\/categories?post=491"},{"taxonomy":"post_tag","embeddable":true,"href":"http:\/\/cordobainforma.info\/index.php\/wp-json\/wp\/v2\/tags?post=491"}],"curies":[{"name":"wp","href":"https:\/\/api.w.org\/{rel}","templated":true}]}}