{"id":41025,"date":"2022-05-23T13:09:24","date_gmt":"2022-05-23T13:09:24","guid":{"rendered":"http:\/\/playfmradio.com\/?p=15779"},"modified":"2022-05-23T13:09:24","modified_gmt":"2022-05-23T13:09:24","slug":"nuevo-campus-universitario","status":"publish","type":"post","link":"http:\/\/cordobainforma.info\/index.php\/2022\/05\/23\/nuevo-campus-universitario\/","title":{"rendered":"Nuevo campus universitario"},"content":{"rendered":"<p><em>Ser\u00e1 en Estaci\u00f3n Ju\u00e1rez Celman y est\u00e1 prevista para el mes de junio.<\/em><\/p>\n<p>Se present\u00f3 al p\u00fablico c\u00f3mo evoluciona la construcci\u00f3n del <strong>campus norte de la UNC<\/strong>. La intendenta de Estaci\u00f3n Ju\u00e1rez Celman, Myrian Prunotto, llev\u00f3 adelante un acto, donde agradeci\u00f3 el apoyo de las autoridades presentes, entre ellas se destacaron: Hugo Juri, rector de la universidad y Walter Grahovac, ministro provincial de educaci\u00f3n.<\/p>\n<p>El nuevo espacio pudo materializarse gracias a la <strong>donaci\u00f3n de 14 hect\u00e1reas de la familia Prunotto<\/strong>; y all\u00ed van a desarrollarse carreras y tecnicaturas que se adapten a la realidad social, a los servicios actuales y al proceso productivo.<\/p>\n<p><strong>Por: Sof\u00eda Luz Corbella Navarro<\/strong><\/p>\n<p><a class=\"synved-social-button synved-social-button-share synved-social-size-32 synved-social-resolution-single synved-social-provider-facebook nolightbox\" data-provider=\"facebook\" target=\"_blank\" rel=\"nofollow noopener noreferrer\" title=\"Share on Facebook\" href=\"https:\/\/www.facebook.com\/sharer.php?u=http%3A%2F%2Fplayfmradio.com%2Fnuevo-campus-universitario%2F&amp;t=Nuevo%20campus%20universitario&amp;s=100&amp;p[url]=http%3A%2F%2Fplayfmradio.com%2Fnuevo-campus-universitario%2F&amp;p[images][0]=http%3A%2F%2Fplayfmradio.com%2Fwp-content%2Fuploads%2F2022%2F05%2Finterior_render_0.jpg&amp;p[title]=Nuevo%20campus%20universitario\"><img loading=\"lazy\" alt=\"Facebook\" title=\"Share on Facebook\" class=\"synved-share-image synved-social-image synved-social-image-share\" width=\"32\" height=\"32\" src=\"http:\/\/cordobainforma.info\/wp-content\/uploads\/2022\/05\/nuevo-campus-universitario.png\"><\/a><a class=\"synved-social-button synved-social-button-share synved-social-size-32 synved-social-resolution-single synved-social-provider-twitter nolightbox\" data-provider=\"twitter\" target=\"_blank\" rel=\"nofollow noopener noreferrer\" title=\"Share on Twitter\" href=\"https:\/\/twitter.com\/intent\/tweet?url=http%3A%2F%2Fplayfmradio.com%2Fnuevo-campus-universitario%2F&amp;text=Compartido%20de%20Playfmradio.com\"><img loading=\"lazy\" alt=\"twitter\" title=\"Share on Twitter\" class=\"synved-share-image synved-social-image synved-social-image-share\" width=\"32\" height=\"32\" src=\"http:\/\/cordobainforma.info\/wp-content\/uploads\/2022\/05\/nuevo-campus-universitario-1.png\"><\/a><a class=\"synved-social-button synved-social-button-share synved-social-size-32 synved-social-resolution-single synved-social-provider-pinterest nolightbox\" data-provider=\"pinterest\" target=\"_blank\" rel=\"nofollow noopener noreferrer\" title=\"Pin it with Pinterest\" href=\"https:\/\/pinterest.com\/pin\/create\/button\/?url=http%3A%2F%2Fplayfmradio.com%2Fnuevo-campus-universitario%2F&amp;media=http%3A%2F%2Fplayfmradio.com%2Fwp-content%2Fuploads%2F2022%2F05%2Finterior_render_0.jpg&amp;description=Nuevo%20campus%20universitario\"><img loading=\"lazy\" alt=\"pinterest\" title=\"Pin it with Pinterest\" class=\"synved-share-image synved-social-image synved-social-image-share\" width=\"32\" height=\"32\" src=\"http:\/\/cordobainforma.info\/wp-content\/uploads\/2022\/05\/nuevo-campus-universitario-2.png\"><\/a><a class=\"synved-social-button synved-social-button-share synved-social-size-32 synved-social-resolution-single synved-social-provider-tumblr nolightbox\" data-provider=\"tumblr\" target=\"_blank\" rel=\"nofollow noopener noreferrer\" title=\"Share on tumblr\" href=\"https:\/\/tumblr.com\/share?s=&amp;v=3&amp;t=Nuevo%20campus%20universitario&amp;u=http%3A%2F%2Fplayfmradio.com%2Fnuevo-campus-universitario%2F\"><img loading=\"lazy\" alt=\"tumblr\" title=\"Share on tumblr\" class=\"synved-share-image synved-social-image synved-social-image-share\" width=\"32\" height=\"32\" src=\"http:\/\/cordobainforma.info\/wp-content\/uploads\/2022\/05\/nuevo-campus-universitario-3.png\"><\/a><a class=\"synved-social-button synved-social-button-share synved-social-size-32 synved-social-resolution-single synved-social-provider-mail nolightbox\" data-provider=\"mail\" rel=\"nofollow\" title=\"Share by email\" href=\"mailto:?subject=Nuevo%20campus%20universitario&amp;body=Compartido%20de%20Playfmradio.com:%20http%3A%2F%2Fplayfmradio.com%2Fnuevo-campus-universitario%2F\"><img loading=\"lazy\" alt=\"mail\" title=\"Share by email\" class=\"synved-share-image synved-social-image synved-social-image-share\" width=\"32\" height=\"32\" src=\"http:\/\/cordobainforma.info\/wp-content\/uploads\/2022\/05\/nuevo-campus-universitario-4.png\"><\/a> <!-- AUTHOR PART ========================= --><\/p>\n<div class=\"qt-post-author qt-card\">\n<div class=\"row\">\n<div class=\"qt-post-author-data col s10 m7 l8\">\n<h6>Autor<\/h6>\n<h4><a href=\"http:\/\/playfmradio.com\/nuevo-campus-universitario\/#author_page\">Play FM<\/a><\/h4>\n<\/p><\/div>\n<div class=\"qt-post-author-link col s12 m3 l3 aligncenter\"> <a href=\"http:\/\/playfmradio.com\/author\/andres\/\" class=\"qt-btn qt-btn-large qt-btn-primary\">Archivos del autor<\/a> <\/div><\/div>\n<\/div>\n<p><!-- AUTHOR PART END ========================= --> <\/p>\n","protected":false},"excerpt":{"rendered":"<p>Ser\u00e1 en Estaci\u00f3n Ju\u00e1rez Celman y est\u00e1 prevista para el mes de junio. Se present\u00f3 al p\u00fablico c\u00f3mo evoluciona la construcci\u00f3n del campus norte de la UNC. La intendenta de Estaci\u00f3n Ju\u00e1rez Celman, Myrian Prunotto, llev\u00f3 adelante un acto, donde agradeci\u00f3 el apoyo de las autoridades presentes, entre ellas se destacaron: Hugo Juri, rector de [&hellip;]<\/p>\n","protected":false},"author":1,"featured_media":41026,"comment_status":"closed","ping_status":"closed","sticky":false,"template":"","format":"standard","meta":[],"categories":[23],"tags":[],"_links":{"self":[{"href":"http:\/\/cordobainforma.info\/index.php\/wp-json\/wp\/v2\/posts\/41025"}],"collection":[{"href":"http:\/\/cordobainforma.info\/index.php\/wp-json\/wp\/v2\/posts"}],"about":[{"href":"http:\/\/cordobainforma.info\/index.php\/wp-json\/wp\/v2\/types\/post"}],"author":[{"embeddable":true,"href":"http:\/\/cordobainforma.info\/index.php\/wp-json\/wp\/v2\/users\/1"}],"replies":[{"embeddable":true,"href":"http:\/\/cordobainforma.info\/index.php\/wp-json\/wp\/v2\/comments?post=41025"}],"version-history":[{"count":0,"href":"http:\/\/cordobainforma.info\/index.php\/wp-json\/wp\/v2\/posts\/41025\/revisions"}],"wp:featuredmedia":[{"embeddable":true,"href":"http:\/\/cordobainforma.info\/index.php\/wp-json\/wp\/v2\/media\/41026"}],"wp:attachment":[{"href":"http:\/\/cordobainforma.info\/index.php\/wp-json\/wp\/v2\/media?parent=41025"}],"wp:term":[{"taxonomy":"category","embeddable":true,"href":"http:\/\/cordobainforma.info\/index.php\/wp-json\/wp\/v2\/categories?post=41025"},{"taxonomy":"post_tag","embeddable":true,"href":"http:\/\/cordobainforma.info\/index.php\/wp-json\/wp\/v2\/tags?post=41025"}],"curies":[{"name":"wp","href":"https:\/\/api.w.org\/{rel}","templated":true}]}}