{"id":40943,"date":"2022-05-23T03:05:56","date_gmt":"2022-05-23T03:05:56","guid":{"rendered":"http:\/\/cordobainforma.info\/index.php\/2022\/05\/23\/el-numero-de-desplazados-forzosos-en-el-mundo-supero-por-primera-vez-100-millones-de-personas-advierte-la-onu\/"},"modified":"2022-05-23T03:05:56","modified_gmt":"2022-05-23T03:05:56","slug":"el-numero-de-desplazados-forzosos-en-el-mundo-supero-por-primera-vez-100-millones-de-personas-advierte-la-onu","status":"publish","type":"post","link":"http:\/\/cordobainforma.info\/index.php\/2022\/05\/23\/el-numero-de-desplazados-forzosos-en-el-mundo-supero-por-primera-vez-100-millones-de-personas-advierte-la-onu\/","title":{"rendered":"El n\u00famero de desplazados forzosos en el mundo super\u00f3 por primera vez 100 millones de personas, advierte la ONU"},"content":{"rendered":"<p><img src=\"http:\/\/cordobainforma.info\/wp-content\/uploads\/2022\/05\/el-numero-de-desplazados-forzosos-en-el-mundo-supero-por-primera-vez-100-millones-de-personas-advierte-la-onu.jpg\"><\/p>\n<div readability=\"32\">\n<p><span>Publicado:<\/span><time class=\"Timestamp-root Timestamp-isBlackColor \" datetime=\"2022-05-23T03:05:56+00:00\"> 23 may 2022 03:05 GMT <\/time><\/p>\n<\/div>\n<div readability=\"38\">\n<p> El alto comisionado de la Agencia de las Naciones Unidas para los Refugiados, Filippo Grandi, declar\u00f3 que esa cifra \u00abdebe servir como una llamada de atenci\u00f3n para resolver y prevenir los conflictos destructivos, poner fin a la persecuci\u00f3n y abordar las causas subyacentes que obligan a personas inocentes a huir de sus hogares\u00bb. <\/p>\n<\/div>\n<div readability=\"98.472843450479\">\n<p>El n\u00famero de personas que se ven obligadas a huir de los conflictos, la violencia, las violaciones de los derechos humanos y la persecuci\u00f3n <strong>ha superado por primera vez los 100 millones<\/strong>, seg\u00fan <a href=\"https:\/\/www.unhcr.org\/en-us\/news\/press\/2022\/5\/628a389e4\/unhcr-ukraine-other-conflicts-push-forcibly-displaced-total-100-million.html\" target=\"_blank\" rel=\"noopener noreferrer\">inform\u00f3<\/a> este lunes en un comunicado el Alto Comisionado de la ONU para los Refugiados (ACNUR).<\/p>\n<p>\u00abCien millones es una cifra muy cruda: aleccionadora y alarmante a partes iguales. Es un r\u00e9cord que nunca deber\u00eda haberse alcanzado\u00bb, explic\u00f3 el alto comisionado del organismo, Filippo Grandi. Subray\u00f3 que esa estad\u00edstica \u00abdebe servir como una llamada de atenci\u00f3n para resolver y <strong>prevenir los conflictos destructivos<\/strong>, poner fin a la persecuci\u00f3n y abordar las causas subyacentes que obligan a personas inocentes a huir de sus hogares\u00bb.<\/p>\n<div class=\"ReadMore-root Section-root Section-is1to3-xs_is1to1\" data-widgets=\"ReadMore\">\n<div class=\"Section-container Section-isRow-isTop-isWrap\">\n<article class=\"Card-root Card-is1to1 \">\n<div class=\"Card-imageWrap\">\n<div class=\"Card-picture\"> <picture class=\"Picture-root Picture-default\"><!--[if IE 9]><video style=\"display: none;\"><![endif]--><source media=\"(-webkit-min-device-pixel-ratio: 2) and (min-resolution: 120dpi)\" srcset=\"http:\/\/cordobainforma.info\/wp-content\/uploads\/2022\/05\/el-numero-de-desplazados-forzosos-en-el-mundo-supero-por-primera-vez-100-millones-de-personas-advierte-la-onu-2.jpg 850w, http:\/\/cordobainforma.info\/wp-content\/uploads\/2022\/05\/el-numero-de-desplazados-forzosos-en-el-mundo-supero-por-primera-vez-100-millones-de-personas-advierte-la-onu-3.jpg 1960w\"><source srcset=\"http:\/\/cordobainforma.info\/wp-content\/uploads\/2022\/05\/el-numero-de-desplazados-forzosos-en-el-mundo-supero-por-primera-vez-100-millones-de-personas-advierte-la-onu-2.jpg 460w, http:\/\/cordobainforma.info\/wp-content\/uploads\/2022\/05\/el-numero-de-desplazados-forzosos-en-el-mundo-supero-por-primera-vez-100-millones-de-personas-advierte-la-onu-3.jpg 980w\"><!--[if IE 9]><\/video><![endif]--><img data-sizes=\"auto\" src=\"http:\/\/cordobainforma.info\/wp-content\/uploads\/2022\/05\/el-numero-de-desplazados-forzosos-en-el-mundo-supero-por-primera-vez-100-millones-de-personas-advierte-la-onu-2.jpg\" class=\"Picture-root Picture-default lazyload\" alt=\"&quot;Racismo e hipocres\u00eda&quot;: Amnist\u00eda Internacional acusa a Polonia de detener arbitrariamente a refugiados y abusar de ellos\"><\/picture><!-- noscript pattern --><noscript><img src=\"http:\/\/cordobainforma.info\/wp-content\/uploads\/2022\/05\/el-numero-de-desplazados-forzosos-en-el-mundo-supero-por-primera-vez-100-millones-de-personas-advierte-la-onu-3.jpg\" alt=\"&quot;Racismo e hipocres\u00eda&quot;: Amnist\u00eda Internacional acusa a Polonia de detener arbitrariamente a refugiados y abusar de ellos\"><\/noscript> <\/div><\/div>\n<\/article><\/div><\/div>\n<p>De acuerdo con nuevos datos del ACNUR, el n\u00famero de desplazados forzosos en todo el mundo aument\u00f3 hasta <strong>los 90 millones para finales del pasado a\u00f1o<\/strong>, impulsado por nuevas olas de violencia o conflictos prolongados en pa\u00edses como Etiop\u00eda, Burkina Faso, Myanmar, Nigeria, Afganist\u00e1n y la Rep\u00fablica Democr\u00e1tica del Congo.<\/p>\n<p>Mientras, el conflicto en Ucrania provoc\u00f3 este a\u00f1o el desplazamiento de unos 8 millones de personas dentro del pa\u00eds, y se registraron <strong>m\u00e1s de 6 millones de movimientos de refugiados desde el territorio ucraniano<\/strong>, indica la agencia de las Naciones Unidas.<\/p>\n<p>Grandi apunt\u00f3 que \u00abla ayuda humanitaria es un paliativo, no una cura\u00bb, y que para invertir esta tendencia \u00abla \u00fanica respuesta es la paz y la estabilidad, de modo que las personas inocentes no se vean obligadas a apostar entre el peligro agudo en casa o la huida precaria y el exilio\u00bb.<\/p>\n<h3>Estad\u00edsticas<\/h3>\n<p>Seg\u00fan&nbsp;indic\u00f3 el ACNUR en un <a href=\"https:\/\/www.unhcr.org\/statistics\/unhcrstats\/618ae4694\/mid-year-trends-2021.html\" target=\"_blank\" rel=\"noopener noreferrer\">informe<\/a> previo, el n\u00famero de personas desplazadas por la fuerza en todo el mundo superaba <strong>a mediados de 2021 los 84 millones<\/strong>. Esto supon\u00eda un aumento respecto a los 82,4 millones estimados a finales de 2020. Los conflictos armados, la violencia y las violaciones de los derechos humanos fueron las principales causas. El documento tambi\u00e9n se\u00f1alaba que la pandemia del covid-19, las cat\u00e1strofes, las condiciones meteorol\u00f3gicas extremas y los dem\u00e1s efectos de la alteraci\u00f3n del clima hab\u00edan creado retos adicionales para los desplazados.<\/p>\n<div class=\"ReadMore-root Section-root Section-is1to3-xs_is1to1\" data-widgets=\"ReadMore\">\n<div class=\"Section-container Section-isRow-isTop-isWrap\">\n<article class=\"Card-root Card-is1to1 \">\n<div class=\"Card-imageWrap\">\n<div class=\"Card-picture\"> <picture class=\"Picture-root Picture-default\"><!--[if IE 9]><video style=\"display: none;\"><![endif]--><source media=\"(-webkit-min-device-pixel-ratio: 2) and (min-resolution: 120dpi)\" srcset=\"http:\/\/cordobainforma.info\/wp-content\/uploads\/2022\/05\/el-numero-de-desplazados-forzosos-en-el-mundo-supero-por-primera-vez-100-millones-de-personas-advierte-la-onu-4.jpg 850w, http:\/\/cordobainforma.info\/wp-content\/uploads\/2022\/05\/el-numero-de-desplazados-forzosos-en-el-mundo-supero-por-primera-vez-100-millones-de-personas-advierte-la-onu-5.jpg 1960w\"><source srcset=\"http:\/\/cordobainforma.info\/wp-content\/uploads\/2022\/05\/el-numero-de-desplazados-forzosos-en-el-mundo-supero-por-primera-vez-100-millones-de-personas-advierte-la-onu-4.jpg 460w, http:\/\/cordobainforma.info\/wp-content\/uploads\/2022\/05\/el-numero-de-desplazados-forzosos-en-el-mundo-supero-por-primera-vez-100-millones-de-personas-advierte-la-onu-5.jpg 980w\"><!--[if IE 9]><\/video><![endif]--><img data-sizes=\"auto\" src=\"http:\/\/cordobainforma.info\/wp-content\/uploads\/2022\/05\/el-numero-de-desplazados-forzosos-en-el-mundo-supero-por-primera-vez-100-millones-de-personas-advierte-la-onu-4.jpg\" class=\"Picture-root Picture-default lazyload\" alt=\"La violencia desplaza a 3.000 personas en tres d\u00edas: el &quot;destierro sistem\u00e1tico&quot; se agrava en el municipio colombiano de Ituango\"><\/picture><!-- noscript pattern --><noscript><img src=\"http:\/\/cordobainforma.info\/wp-content\/uploads\/2022\/05\/el-numero-de-desplazados-forzosos-en-el-mundo-supero-por-primera-vez-100-millones-de-personas-advierte-la-onu-5.jpg\" alt=\"La violencia desplaza a 3.000 personas en tres d\u00edas: el &quot;destierro sistem\u00e1tico&quot; se agrava en el municipio colombiano de Ituango\"><\/noscript> <\/div><\/div>\n<\/article><\/div><\/div>\n<p>El organismo indic\u00f3 que, a finales de junio de 2021, <strong>el n\u00famero de refugiados bajo su mandato hab\u00eda superado los 20,8 millones<\/strong>, lo que supone un aumento de 172.000 respecto a finales de 2020. M\u00e1s de la mitad de los que recibieron protecci\u00f3n internacional proced\u00edan de Rep\u00fablica Centroafricana (71.800), Sud\u00e1n del Sur (61.700), Siria (38.800), Afganist\u00e1n (25.200) y Nigeria (20.300).<\/p>\n<p>El ACNUR agreg\u00f3 que&nbsp;los <strong>sirios siguieron siendo la mayor poblaci\u00f3n de refugiados<\/strong> del mundo, seguida de los venezolanos y los afganos.&nbsp;A su vez, los tres pa\u00edses que acog\u00edan a m\u00e1s personas desplazadas eran Turqu\u00eda, Colombia y Uganda.<\/p>\n<\/div>\n","protected":false},"excerpt":{"rendered":"<p>Publicado: 23 may 2022 03:05 GMT El alto comisionado de la Agencia de las Naciones Unidas para los Refugiados, Filippo Grandi, declar\u00f3 que esa cifra \u00abdebe servir como una llamada de atenci\u00f3n para resolver y prevenir los conflictos destructivos, poner fin a la persecuci\u00f3n y abordar las causas subyacentes que obligan a personas inocentes a [&hellip;]<\/p>\n","protected":false},"author":1,"featured_media":40944,"comment_status":"closed","ping_status":"closed","sticky":false,"template":"","format":"standard","meta":[],"categories":[22],"tags":[],"_links":{"self":[{"href":"http:\/\/cordobainforma.info\/index.php\/wp-json\/wp\/v2\/posts\/40943"}],"collection":[{"href":"http:\/\/cordobainforma.info\/index.php\/wp-json\/wp\/v2\/posts"}],"about":[{"href":"http:\/\/cordobainforma.info\/index.php\/wp-json\/wp\/v2\/types\/post"}],"author":[{"embeddable":true,"href":"http:\/\/cordobainforma.info\/index.php\/wp-json\/wp\/v2\/users\/1"}],"replies":[{"embeddable":true,"href":"http:\/\/cordobainforma.info\/index.php\/wp-json\/wp\/v2\/comments?post=40943"}],"version-history":[{"count":0,"href":"http:\/\/cordobainforma.info\/index.php\/wp-json\/wp\/v2\/posts\/40943\/revisions"}],"wp:featuredmedia":[{"embeddable":true,"href":"http:\/\/cordobainforma.info\/index.php\/wp-json\/wp\/v2\/media\/40944"}],"wp:attachment":[{"href":"http:\/\/cordobainforma.info\/index.php\/wp-json\/wp\/v2\/media?parent=40943"}],"wp:term":[{"taxonomy":"category","embeddable":true,"href":"http:\/\/cordobainforma.info\/index.php\/wp-json\/wp\/v2\/categories?post=40943"},{"taxonomy":"post_tag","embeddable":true,"href":"http:\/\/cordobainforma.info\/index.php\/wp-json\/wp\/v2\/tags?post=40943"}],"curies":[{"name":"wp","href":"https:\/\/api.w.org\/{rel}","templated":true}]}}