{"id":40816,"date":"2022-05-21T05:30:00","date_gmt":"2022-05-21T05:30:00","guid":{"rendered":"https:\/\/somoscordobeses.com\/2022\/05\/21\/un-joven-murio-tras-caerse-de-su-moto-en-la-general-paz\/"},"modified":"2022-05-21T05:30:00","modified_gmt":"2022-05-21T05:30:00","slug":"un-joven-murio-tras-caerse-de-su-moto-en-la-general-paz","status":"publish","type":"post","link":"http:\/\/cordobainforma.info\/index.php\/2022\/05\/21\/un-joven-murio-tras-caerse-de-su-moto-en-la-general-paz\/","title":{"rendered":"Un joven muri\u00f3 tras caerse de su moto en la General Paz"},"content":{"rendered":"<div><img src=\"http:\/\/cordobainforma.info\/wp-content\/uploads\/2022\/05\/un-joven-murio-tras-caerse-de-su-moto-en-la-general-paz.jpg\" class=\"ff-og-image-inserted\"><\/div>\n<div>\n<p>Un <strong>joven de 24 a\u00f1os muri\u00f3<\/strong> en la tarde de este viernes tras caerse de su motocicleta en la Avenida General Paz, m\u00e1s precisamente en el empalme de las autopistas Dellepiane y Riccheri, en el barrio porte\u00f1o de Villa Lugano, seg\u00fan informaron fuentes policiales.<\/p>\n<p>El tr\u00e1gico accidente ocurri\u00f3 poco antes de las 16 en el puente de la General Paz que une las autopista Dellepiane y Riccheri, mano a la Ciudad de Buenos Aires. Por causas que los investigadores a\u00fan intentan establecer, el motociclista <strong>perdi\u00f3 el control de la moto<\/strong> y cay\u00f3 sobre el asfalto: perdi\u00f3 la vida de manera instant\u00e1nea. <\/p>\n<p>Como consecuencia del incidente fatal, dos carriles de la autopista fueron temporalmente bloqueados por personal de la Comisar\u00eda Vecinal 8 A de la Polic\u00eda porte\u00f1a, hasta que llegaran los peritos viales para realizar de las pericias correspondientes y <strong>determinar la causa del siniestro.<\/strong><\/p>\n<p>En tanto, la Fiscal\u00eda Nacional Criminal y Correccional N\u00b036, a cargo del doctor Munilla Lacasa, dispuso darle intervenci\u00f3n a la Unidad Criminal\u00edstica y orden\u00f3 un relevamiento de c\u00e1maras conocer m\u00e1s detalles del momento.&nbsp;<\/p>\n<h2>Salta: una pareja que viajaba en moto muri\u00f3 al chocar con un auto<\/h2>\n<p>Una joven pareja que se movilizaba en <strong>una moto choc\u00f3 contra un autom\u00f3vil<\/strong> y como consecuencia del impacto ambos murieron. El hecho ocurri\u00f3 en Salta sobre la ruta provincial 28, a la altura de la Finca Bella Vista, camino a Lesser, una localidad ubicada a s\u00f3lo 15 kil\u00f3metros de la capital provincial.<\/p>\n<p>La pareja que se movilizaba en una motocicleta 110 cc. impact\u00f3 contra un Citr\u00f6en C4 que se desplazaba, seg\u00fan testimonios, a <strong>excesiva velocidad<\/strong>. Sin embargo, los investigadores no dieron precisiones sobre c\u00f3mo ocurri\u00f3 el tr\u00e1gico accidente.<\/p>\n<div>\n<div> <picture><source media=\"(min-width: 720px)\"><\/picture><figcaption>\n<p>Tragedia en Salta: un matrimonio que viajaba en una moto muri\u00f3 al chocar contra un auto. Foto: Twitter <\/p>\n<\/figcaption><\/div>\n<\/div>\n<p> Fuentes policiales citadas por El Tribuno de Salta inform\u00f3 que las v\u00edctimas fueron identificadas como Florencia Guerra, de <strong>28 a\u00f1os<\/strong>, y su esposo C\u00e9sar Jerez, de <strong>30 a\u00f1os<\/strong>, quienes viv\u00edan cerca del lugar del siniestro vial.<\/p>\n<p> El hecho ocurri\u00f3 alrededor de las 13.30 del pasado 26 de abril&nbsp;y conmocion\u00f3 a todos los vecinos de la zona que expresaron a trav\u00e9s de las redes sociales su dolor por la muerte de C\u00e9sar y Florencia, quieren eran <strong>padres de tres&nbsp;peque\u00f1os ni\u00f1os.<\/strong><\/p>\n<p> De acuerdo a lo precisado por las fuentes policiales, la conductora de la motocicleta circulaba de oeste a este y, por razones que se tratan de establecer, termin\u00f3 contra el autom\u00f3vil.<\/p>\n<div>\n<div> <picture><source media=\"(min-width: 720px)\"><\/picture><figcaption>\n<p>Florencia Guerra, de 28 a\u00f1os, y su esposo C\u00e9sar Jerez, de 30, murieron al chocar con un auto en Salta. Foto: Facebook <\/p>\n<\/figcaption><\/div>\n<\/div>\n<p>Tras el violento choque la mujer <strong>muri\u00f3 de manera instant\u00e1nea<\/strong>, como consecuencia de la colisi\u00f3n y los grav\u00edsimos traumatismos sufridos.<\/p>\n<p> En tanto, su acompa\u00f1ante fue derivado al hospital San Bernardo, donde <strong>falleci\u00f3 minutos despu\u00e9s<\/strong>. Efectivos de Criminal\u00edstica documentaron la escena del hecho y realizaron las diligencias de rigor ordenadas por la fiscal\u00eda.<\/p>\n<p><em>Con informaci\u00f3n de T\u00e9lam. <\/em><\/p>\n<p><em>GRB\u200b<\/em><\/p>\n<div>\n<h2>TEMAS QUE APARECEN EN ESTA NOTA<\/h2>\n<\/div>\n<\/div>\n<nav class=\"navigation post-navigation\" role=\"navigation\" aria-label=\"Continue Reading\">\n<h2 class=\"screen-reader-text\">Continue Reading<\/h2>\n<\/nav>\n","protected":false},"excerpt":{"rendered":"<p>Un joven de 24 a\u00f1os muri\u00f3 en la tarde de este viernes tras caerse de su motocicleta en la Avenida General Paz, m\u00e1s precisamente en el empalme de las autopistas Dellepiane y Riccheri, en el barrio porte\u00f1o de Villa Lugano, seg\u00fan informaron fuentes policiales. El tr\u00e1gico accidente ocurri\u00f3 poco antes de las 16 en el [&hellip;]<\/p>\n","protected":false},"author":1,"featured_media":40817,"comment_status":"closed","ping_status":"closed","sticky":false,"template":"","format":"standard","meta":[],"categories":[2],"tags":[],"_links":{"self":[{"href":"http:\/\/cordobainforma.info\/index.php\/wp-json\/wp\/v2\/posts\/40816"}],"collection":[{"href":"http:\/\/cordobainforma.info\/index.php\/wp-json\/wp\/v2\/posts"}],"about":[{"href":"http:\/\/cordobainforma.info\/index.php\/wp-json\/wp\/v2\/types\/post"}],"author":[{"embeddable":true,"href":"http:\/\/cordobainforma.info\/index.php\/wp-json\/wp\/v2\/users\/1"}],"replies":[{"embeddable":true,"href":"http:\/\/cordobainforma.info\/index.php\/wp-json\/wp\/v2\/comments?post=40816"}],"version-history":[{"count":0,"href":"http:\/\/cordobainforma.info\/index.php\/wp-json\/wp\/v2\/posts\/40816\/revisions"}],"wp:featuredmedia":[{"embeddable":true,"href":"http:\/\/cordobainforma.info\/index.php\/wp-json\/wp\/v2\/media\/40817"}],"wp:attachment":[{"href":"http:\/\/cordobainforma.info\/index.php\/wp-json\/wp\/v2\/media?parent=40816"}],"wp:term":[{"taxonomy":"category","embeddable":true,"href":"http:\/\/cordobainforma.info\/index.php\/wp-json\/wp\/v2\/categories?post=40816"},{"taxonomy":"post_tag","embeddable":true,"href":"http:\/\/cordobainforma.info\/index.php\/wp-json\/wp\/v2\/tags?post=40816"}],"curies":[{"name":"wp","href":"https:\/\/api.w.org\/{rel}","templated":true}]}}