{"id":40729,"date":"2022-05-20T17:13:00","date_gmt":"2022-05-20T17:13:00","guid":{"rendered":"https:\/\/ahora.com.ar\/el-departamento-genero-boca-hablo-sebastian-villa-n4264276"},"modified":"2022-05-20T17:13:00","modified_gmt":"2022-05-20T17:13:00","slug":"el-departamento-de-genero-de-boca-hablo-de-sebastian-villa","status":"publish","type":"post","link":"http:\/\/cordobainforma.info\/index.php\/2022\/05\/20\/el-departamento-de-genero-de-boca-hablo-de-sebastian-villa\/","title":{"rendered":"El Departamento de G\u00e9nero de Boca habl\u00f3 de Sebasti\u00e1n Villa"},"content":{"rendered":"<div><img src=\"http:\/\/cordobainforma.info\/wp-content\/uploads\/2022\/05\/el-departamento-de-genero-de-boca-hablo-de-sebastian-villa.png\" class=\"ff-og-image-inserted\"><\/div>\n<div id=\"article-post\">\n<header class=\"article-info-wrapper\" readability=\"28.622448979592\">\n<p> <span class=\"fecha-detallenota\">20 de mayo de 2022 &#8211; 14:05<\/span><\/p>\n<p class=\"interiorCopete\"> Qu\u00e9 dijo el \u00e1rea de g\u00e9nero de Boca tras la denuncia contra el delantero colombiano, acusado de violaci\u00f3n, violencia de g\u00e9nero e intento de femicidio. <\/p>\n<\/header><\/div>\n<div id=\"article-post\">\n<div class=\"cuerpo\" data-twitter-link=\"https:\/\/twitter.com\/intent\/tweet?url=https:\/\/ahora.com.ar\/c4264276&amp;via=NueveLitoral&amp;related=Ahora&amp;text=\" readability=\"12.585507246377\">\n<p class=\"paragraph\">Por primera vez desde que <strong>Sebasti\u00e1n Villa<\/strong> fuera denunciado por violencia de <a href=\"https:\/\/ahora.com.ar\/\/genero-a12594\" class=\"agrupador\" rel=\"12594\">g\u00e9nero<\/a>, abuso sexual e intento de homicidio por parte de R., el pasado viernes 13 de mayo, <strong>el Departamento de G\u00e9nero de <a href=\"https:\/\/ahora.com.ar\/\/boca-a8152\" class=\"agrupador\" rel=\"8152\">Boca<\/a> emiti\u00f3 un comunicado<\/strong> en el que asegura estar a disposici\u00f3n de la Justicia \u201cpara colaborar con el avance y esclarecimiento de la causa\u201d.<\/p>\n<\/div><\/div>\n<div id=\"article-post\">\n<div class=\"cuerpo\" data-twitter-link=\"https:\/\/twitter.com\/intent\/tweet?url=https:\/\/ahora.com.ar\/c4264276&amp;via=NueveLitoral&amp;related=Ahora&amp;text=\" readability=\"34.539776462853\">\n<p class=\"paragraph\">Asimismo, el cuestionado departamento que lidera <strong>Adriana Bravo<\/strong>, puso \u201ca disposici\u00f3n de la denunciante para su acompa\u00f1amiento y asesoramiento\u201d un equipo interdisciplinario y asegur\u00f3 que ejerce una permanente labor para \u201cerradicar estas conductas (en el marco de la <a href=\"https:\/\/ahora.com.ar\/violencia-genero-a7318\" class=\"agrupador\" rel=\"7318\">violencia de g\u00e9nero<\/a>) y seremos consecuentes con ella\u201d.<\/p>\n<p class=\"paragraph\"><strong>El comunicado del Departamento de G\u00e9nero de Boca tras la denuncia a Sebasti\u00e1n Villa<\/strong><\/p>\n<p class=\"paragraph\"><em> Ante los hechos de p\u00fablico conocimiento que involucran al jugador de nuestra Instituci\u00f3n <\/em><em>Sebasti\u00e1n Villa <\/em><em>queremos informar que el Club Atl\u00e9tico Boca Juniors ha suministrado a la justicia toda la documentaci\u00f3n solicitada v\u00eda oficio judicial para colaborar con el avance y esclarecimiento de la causa.<\/em><\/p>\n<p class=\"paragraph\"><em> El Departamento de Inclusi\u00f3n e Igualdad cuenta con un equipo interdisciplinario, creado en el marco del Protocolo de Actuaci\u00f3n en Casos de Violencia en Raz\u00f3n de Genero, Identidad de G\u00e9nero u Orientaci\u00f3n Sexual, a disposici\u00f3n de la denunciante para su acompa\u00f1amiento y asesoramiento. Mediante la labor que ejercemos a diario buscamos erradicar estas conductas y seremos consecuentes con ella.<\/em><\/p>\n<p class=\"paragraph\"><em> Consideramos fundamental brindar nuevamente esta informaci\u00f3n de manera publica en pos de velar por la seriedad y el compromiso institucional que asumimos al ampliar y crear nuevas herramientas que nos permitan avances en materia de g\u00e9nero e igualdad.<\/em><\/p>\n<p class=\"paragraph\"><em> Por atenci\u00f3n, asesoramiento y contenci\u00f3n para situaciones de violencias por motives de g\u00e9nero podes comunicarte al 144 las 24 horas.<\/em><\/p>\n<p class=\"paragraph\">Fuente: TN<\/p>\n<\/div><\/div>\n","protected":false},"excerpt":{"rendered":"<p>20 de mayo de 2022 &#8211; 14:05 Qu\u00e9 dijo el \u00e1rea de g\u00e9nero de Boca tras la denuncia contra el delantero colombiano, acusado de violaci\u00f3n, violencia de g\u00e9nero e intento de femicidio. Por primera vez desde que Sebasti\u00e1n Villa fuera denunciado por violencia de g\u00e9nero, abuso sexual e intento de homicidio por parte de R., [&hellip;]<\/p>\n","protected":false},"author":1,"featured_media":40730,"comment_status":"closed","ping_status":"closed","sticky":false,"template":"","format":"standard","meta":[],"categories":[20],"tags":[],"_links":{"self":[{"href":"http:\/\/cordobainforma.info\/index.php\/wp-json\/wp\/v2\/posts\/40729"}],"collection":[{"href":"http:\/\/cordobainforma.info\/index.php\/wp-json\/wp\/v2\/posts"}],"about":[{"href":"http:\/\/cordobainforma.info\/index.php\/wp-json\/wp\/v2\/types\/post"}],"author":[{"embeddable":true,"href":"http:\/\/cordobainforma.info\/index.php\/wp-json\/wp\/v2\/users\/1"}],"replies":[{"embeddable":true,"href":"http:\/\/cordobainforma.info\/index.php\/wp-json\/wp\/v2\/comments?post=40729"}],"version-history":[{"count":0,"href":"http:\/\/cordobainforma.info\/index.php\/wp-json\/wp\/v2\/posts\/40729\/revisions"}],"wp:featuredmedia":[{"embeddable":true,"href":"http:\/\/cordobainforma.info\/index.php\/wp-json\/wp\/v2\/media\/40730"}],"wp:attachment":[{"href":"http:\/\/cordobainforma.info\/index.php\/wp-json\/wp\/v2\/media?parent=40729"}],"wp:term":[{"taxonomy":"category","embeddable":true,"href":"http:\/\/cordobainforma.info\/index.php\/wp-json\/wp\/v2\/categories?post=40729"},{"taxonomy":"post_tag","embeddable":true,"href":"http:\/\/cordobainforma.info\/index.php\/wp-json\/wp\/v2\/tags?post=40729"}],"curies":[{"name":"wp","href":"https:\/\/api.w.org\/{rel}","templated":true}]}}