{"id":40727,"date":"2022-05-20T15:18:00","date_gmt":"2022-05-20T15:18:00","guid":{"rendered":"https:\/\/somoscordobeses.com\/2022\/05\/20\/elon-musk-esta-en-brasil-y-se-reunira-con-bolsonaro\/"},"modified":"2022-05-20T15:18:00","modified_gmt":"2022-05-20T15:18:00","slug":"elon-musk-esta-en-brasil-y-se-reunira-con-bolsonaro","status":"publish","type":"post","link":"http:\/\/cordobainforma.info\/index.php\/2022\/05\/20\/elon-musk-esta-en-brasil-y-se-reunira-con-bolsonaro\/","title":{"rendered":"Elon Musk est\u00e1 en Brasil y se reunir\u00e1 con Bolsonaro"},"content":{"rendered":"<div>\n<figure><figcaption><\/figcaption><\/figure>\n<p> El empresario <strong>Elon Musk <\/strong>est\u00e1 en Brasil para reunirse este viernes con el presidente de ese pa\u00eds, <strong>Jair Bolsonaro<\/strong>, por un proyecto de internet en la selva amaz\u00f3nica, seg\u00fan anunci\u00f3 en su cuenta de Twitter el ministro de Comunicaciones, F\u00e1bio Faria.<\/p>\n<blockquote>\n<div dir=\"ltr\" lang=\"pt\">\n<p>Por essa ningu\u00e9m esperava! \ud83c\udde7\ud83c\uddf7<\/p>\n<p>J\u00e1 que vamos conectar a Amaz\u00f4nia, trouxemos um dos maiores empres\u00e1rios do mundo para nos ajudar nessa miss\u00e3o. Aceitamos o desafio e vamos at\u00e9 o fim! Thank you, @elonmusk, for the visit. Let\u2019s do this!!! \ud83d\ude80 pic.twitter.com\/AOXUPp5f9s<\/p>\n<\/div>\n<p>\u2014 F\u00e1bio Faria \ud83c\udde7\ud83c\uddf7\ud83c\udde7\ud83c\uddf7\ud83c\udde7\ud83c\uddf7 (@fabiofaria) May 20, 2022<\/p>\n<\/blockquote>\n<p> \u201c\u00a1Nadie se esperaba esto!&nbsp;Como vamos a conectar el <strong>Amazonas<\/strong>, trajimos a uno de los empresarios m\u00e1s grandes del mundo para que nos ayude en esta misi\u00f3n. \u00a1Aceptamos el reto y vamos hasta el final! Gracias, @elonmusk, por la visita\u201d, detall\u00f3 Faria.<\/p>\n<p> Musk, fundador de Tesla, de Space X y posible due\u00f1o de Twitter, expres\u00f3: \u201c<strong>Muy emocionado de estar en Brasil<\/strong> para el lanzamiento de Starlink para 19,000 escuelas desconectadas en \u00e1reas rurales y monitoreo ambiental del Amazonas\u201d. Starlink es una empresa -tambi\u00e9n de Musk- que ofrece conectividad satelital.<\/p>\n<p> El multimillonario sudafricano, que la semana pasada puso en duda su contrato por la compra de Twitter debido a un porcentaje mayor de lo que \u00e9l esperaba de la presencia de cuentas falsas&nbsp;en esa red social,&nbsp;se reunir\u00e1 con <strong>Bolsonaro, quien est\u00e1 siendo investigado por la difusi\u00f3n de noticias falsas.&nbsp;<\/strong><\/p>\n<blockquote>\n<p dir=\"ltr\" lang=\"en\">Super excited to be in Brazil for launch of Starlink for 19,000 unconnected schools in rural areas &amp; environmental monitoring of Amazon! \ud83c\udde7\ud83c\uddf7 \ud83c\udf33 \ud83d\udef0 \u2665\ufe0f<\/p>\n<p>\u2014 Elon Musk (@elonmusk) May 20, 2022<\/p>\n<\/blockquote>\n<p> El presidente de Brasil, quien buscar\u00e1 ser reelecto en los comicios de octubre pr\u00f3ximo, hab\u00eda dicho d\u00edas anteriores que ten\u00eda previsto un encuentro de car\u00e1cter \u201creservado\u201d en Sao Paulo \u201c<strong>con una persona muy importante que es reconocida en todo el mundo<\/strong>\u201c.<\/p>\n<p><strong>\u201cViene a ofrecer su ayuda para nuestra Amazon\u00eda\u201d<\/strong>, dijo el mandatario en su transmisi\u00f3n semanal por redes sociales, sin dar nombres.<\/p>\n<p><strong>El jefe de Gabinete de Brasil, Ciro Nogueira, public\u00f3 en la ma\u00f1ana del viernes en su cuenta de Twitter: \u201cEst\u00e1 en Brasil, por invitaci\u00f3n del ministro @fabiofaria, el <a href=\"https:\/\/somoscordobeses.com\/cdn-cgi\/l\/email-protection\" class=\"__cf_email__\" data-cfemail=\"ed88809d9f889e8c9f8482ad8881828380989e86\">[email&nbsp;protected]<\/a>, de Tesla<\/strong>. La b\u00fasqueda de proyectos tecnol\u00f3gicos a favor de los brasile\u00f1os es lo que mueve al ministro, que una vez m\u00e1s al frente promueve un fruct\u00edfero encuentro con el presidente @jairbolsonaro, en el que estar\u00e9 presente\u201d.<\/p>\n<p> Entre avisos oficiales, Musk adem\u00e1s contin\u00faa con sus cataratas de tuits en la que a trav\u00e9s de iron\u00edas y sarcasmo parece apuntar al escarnio p\u00fablico al criticar la reputaci\u00f3n de los directivos de la red social que va a encabezar, con matices pol\u00edticos.&nbsp;<\/p>\n<p> Asimismo, le comparte a sus m\u00e1s 94 millones de seguidores algunos memes sobre temas delicados, como sobre el \u201cmansplaining\u201d, sin ning\u00fan contexto explicativo y m\u00e1s bien buscando la pol\u00e9mica.&nbsp;<\/p>\n<blockquote>\n<p dir=\"ltr\" lang=\"und\">pic.twitter.com\/4W8COjWv16<\/p>\n<p>\u2014 Elon Musk (@elonmusk) May 19, 2022<\/p>\n<\/blockquote>\n<\/div>\n<nav class=\"navigation post-navigation\" role=\"navigation\" aria-label=\"Continue Reading\">\n<h2 class=\"screen-reader-text\">Continue Reading<\/h2>\n<\/nav>\n","protected":false},"excerpt":{"rendered":"<p>El empresario Elon Musk est\u00e1 en Brasil para reunirse este viernes con el presidente de ese pa\u00eds, Jair Bolsonaro, por un proyecto de internet en la selva amaz\u00f3nica, seg\u00fan anunci\u00f3 en su cuenta de Twitter el ministro de Comunicaciones, F\u00e1bio Faria. Por essa ningu\u00e9m esperava! \ud83c\udde7\ud83c\uddf7 J\u00e1 que vamos conectar a Amaz\u00f4nia, trouxemos um dos [&hellip;]<\/p>\n","protected":false},"author":1,"featured_media":40728,"comment_status":"closed","ping_status":"closed","sticky":false,"template":"","format":"standard","meta":[],"categories":[2],"tags":[],"_links":{"self":[{"href":"http:\/\/cordobainforma.info\/index.php\/wp-json\/wp\/v2\/posts\/40727"}],"collection":[{"href":"http:\/\/cordobainforma.info\/index.php\/wp-json\/wp\/v2\/posts"}],"about":[{"href":"http:\/\/cordobainforma.info\/index.php\/wp-json\/wp\/v2\/types\/post"}],"author":[{"embeddable":true,"href":"http:\/\/cordobainforma.info\/index.php\/wp-json\/wp\/v2\/users\/1"}],"replies":[{"embeddable":true,"href":"http:\/\/cordobainforma.info\/index.php\/wp-json\/wp\/v2\/comments?post=40727"}],"version-history":[{"count":0,"href":"http:\/\/cordobainforma.info\/index.php\/wp-json\/wp\/v2\/posts\/40727\/revisions"}],"wp:featuredmedia":[{"embeddable":true,"href":"http:\/\/cordobainforma.info\/index.php\/wp-json\/wp\/v2\/media\/40728"}],"wp:attachment":[{"href":"http:\/\/cordobainforma.info\/index.php\/wp-json\/wp\/v2\/media?parent=40727"}],"wp:term":[{"taxonomy":"category","embeddable":true,"href":"http:\/\/cordobainforma.info\/index.php\/wp-json\/wp\/v2\/categories?post=40727"},{"taxonomy":"post_tag","embeddable":true,"href":"http:\/\/cordobainforma.info\/index.php\/wp-json\/wp\/v2\/tags?post=40727"}],"curies":[{"name":"wp","href":"https:\/\/api.w.org\/{rel}","templated":true}]}}