{"id":40699,"date":"2022-05-20T04:55:04","date_gmt":"2022-05-20T04:55:04","guid":{"rendered":"http:\/\/cordobainforma.info\/index.php\/2022\/05\/20\/que-medidas-toma-ee-uu-para-paliar-la-grave-escasez-de-leche-infantil\/"},"modified":"2022-05-20T04:55:04","modified_gmt":"2022-05-20T04:55:04","slug":"que-medidas-toma-ee-uu-para-paliar-la-grave-escasez-de-leche-infantil","status":"publish","type":"post","link":"http:\/\/cordobainforma.info\/index.php\/2022\/05\/20\/que-medidas-toma-ee-uu-para-paliar-la-grave-escasez-de-leche-infantil\/","title":{"rendered":"\u00bfQu\u00e9 medidas toma EE.UU. para paliar la grave escasez de leche infantil?"},"content":{"rendered":"<p><img src=\"http:\/\/cordobainforma.info\/wp-content\/uploads\/2022\/05\/que-medidas-toma-ee-uu-para-paliar-la-grave-escasez-de-leche-infantil.jpg\"><\/p>\n<div readability=\"32\">\n<p><span>Publicado:<\/span><time class=\"Timestamp-root Timestamp-isBlackColor \" datetime=\"2022-05-20T04:55:04+00:00\"> 20 may 2022 04:55 GMT <\/time><\/p>\n<\/div>\n<div readability=\"35\">\n<p> La escasez de f\u00f3rmulas para lactantes est\u00e1 provocada por el cierre temporal por riesgo sanitario de una planta de Abbott Nutrition, uno de los cuatro gigantes que controlan el 90 % de ese mercado en el pa\u00eds. <\/p>\n<\/div>\n<div readability=\"120.29046129789\">\n<p>La Casa Blanca <a href=\"https:\/\/www.whitehouse.gov\/briefing-room\/statements-releases\/2022\/05\/19\/biden-administration-approves-first-operation-fly-formula-mission\/\" target=\"_blank\" rel=\"noopener noreferrer\">comunic\u00f3<\/a> este jueves que&nbsp;EE.UU. importar\u00e1 desde Suiza \u00abla cantidad equivalente a <strong>1,5 millones de botellas<\/strong> de 8 onzas\u00bb (unos 227 gramos) de f\u00f3rmula para beb\u00e9s. El anuncio se produce en medio de la grave crisis de escasez de ese producto infantil debido al cierre temporal de una planta de Abbott Nutrition, uno de los principales productores de preparados para lactantes en el pa\u00eds norteamericano.<\/p>\n<p>Seg\u00fan detall\u00f3 la oficina presidencial de EE.UU., el Departamento de Defensa actualmente \u00abest\u00e1 tramitando la solicitud del Departamento de Agricultura\u00bb para transportar desde la ciudad suiza de Z\u00farich hasta Plainfield (Indiana) tres f\u00f3rmulas producidas por la empresa Nestl\u00e9 S.A.: Alfamino Infant, Alfamino Junior y Gerber Good Start Extensive HA.&nbsp;Se trata de \u00abf\u00f3rmulas hipoalerg\u00e9nicas para ni\u00f1os con alergia a la prote\u00edna de la leche de vaca\u00bb.&nbsp;<\/p>\n<h3>Invocaci\u00f3n&nbsp;de&nbsp;la Ley de Producci\u00f3n de Defensa&nbsp;<\/h3>\n<div class=\"ReadMore-root Section-root Section-is1to3-xs_is1to1\" data-widgets=\"ReadMore\">\n<div class=\"Section-container Section-isRow-isTop-isWrap\">\n<article class=\"Card-root Card-is1to1 \">\n<div class=\"Card-imageWrap\">\n<div class=\"Card-picture\"> <picture class=\"Picture-root Picture-default\"><!--[if IE 9]><video style=\"display: none;\"><![endif]--><source media=\"(-webkit-min-device-pixel-ratio: 2) and (min-resolution: 120dpi)\" srcset=\"http:\/\/cordobainforma.info\/wp-content\/uploads\/2022\/05\/que-medidas-toma-ee-uu-para-paliar-la-grave-escasez-de-leche-infantil-2.jpg 850w, http:\/\/cordobainforma.info\/wp-content\/uploads\/2022\/05\/que-medidas-toma-ee-uu-para-paliar-la-grave-escasez-de-leche-infantil-3.jpg 1960w\"><source srcset=\"http:\/\/cordobainforma.info\/wp-content\/uploads\/2022\/05\/que-medidas-toma-ee-uu-para-paliar-la-grave-escasez-de-leche-infantil-2.jpg 460w, http:\/\/cordobainforma.info\/wp-content\/uploads\/2022\/05\/que-medidas-toma-ee-uu-para-paliar-la-grave-escasez-de-leche-infantil-3.jpg 980w\"><!--[if IE 9]><\/video><![endif]--><img data-sizes=\"auto\" src=\"http:\/\/cordobainforma.info\/wp-content\/uploads\/2022\/05\/que-medidas-toma-ee-uu-para-paliar-la-grave-escasez-de-leche-infantil-2.jpg\" class=\"Picture-root Picture-default lazyload\" alt=\"El pa\u00eds m\u00e1s rico del mundo tiene problemas para alimentar a sus beb\u00e9s: \u00bfqu\u00e9 pasa con la leche de f\u00f3rmula en EE.UU.?\"><\/picture><!-- noscript pattern --><noscript><img src=\"http:\/\/cordobainforma.info\/wp-content\/uploads\/2022\/05\/que-medidas-toma-ee-uu-para-paliar-la-grave-escasez-de-leche-infantil-3.jpg\" alt=\"El pa\u00eds m\u00e1s rico del mundo tiene problemas para alimentar a sus beb\u00e9s: \u00bfqu\u00e9 pasa con la leche de f\u00f3rmula en EE.UU.?\"><\/noscript> <\/div><\/div>\n<\/article><\/div><\/div>\n<p>El suministro se realizar\u00e1 en el marco de la operaci\u00f3n &#8216;Fly Formula&#8217;, que el presidente estadounidense, Joe Biden,&nbsp;<a href=\"https:\/\/www.whitehouse.gov\/briefing-room\/statements-releases\/2022\/05\/18\/fact-sheet-president-biden-announces-new-actions-to-address-infant-formula-shortage\/\" target=\"_blank\" rel=\"noopener noreferrer\">puso en marcha<\/a> este mi\u00e9rcoles,&nbsp;autorizando al Departamento de Agricultura y el de Salud y Servicios Humanos a <strong>utilizar aviones comerciales contratados por el Departamento de Defensa<\/strong> para recoger en el extranjero los preparados para lactantes que cumplan con las normas de salud y seguridad de EE.UU.<\/p>\n<p>Asimismo, Biden invoc\u00f3 la Ley de Producci\u00f3n de Defensa para garantizar que \u00ablos&nbsp;fabricantes&nbsp;tengan los <strong>ingredientes necesarios<\/strong> para hacer f\u00f3rmulas infantiles seguras y saludables\u00bb en el territorio estadounidense. \u00abEl presidente exige a los proveedores que dirijan los recursos necesarios a los fabricantes de f\u00f3rmulas infantiles antes que a cualquier otro cliente que haya pedido ese producto\u00bb, explic\u00f3 la Casa Blanca.<\/p>\n<h3>Una nueva ley para&nbsp;proteger a las familias de bajos ingresos<\/h3>\n<p>Por su parte, el Senado de EE.UU. aprob\u00f3 este jueves por unanimidad un proyecto de ley que pretende proteger a las familias de bajos ingresos de la escasez de preparados para lactantes, <a href=\"https:\/\/thehill.com\/policy\/healthcare\/3495011-senate-passes-bill-to-expand-infant-formula-access\/\" target=\"_blank\" rel=\"noopener noreferrer\">informa<\/a> The Hill. A \u00faltima hora del mi\u00e9rcoles, la <strong>Ley de Acceso a la F\u00f3rmula Infantil<\/strong> fue aprobada por la C\u00e1mara de Representantes, y ahora se dirige a la mesa del mandatario para que la firme.<\/p>\n<p>La legislaci\u00f3n pretende ampliar las flexibilidades concedidas durante la pandemia al programa gubernamental de nutrici\u00f3n para mujeres, beb\u00e9s y ni\u00f1os (WIC, por sus siglas en ingl\u00e9s). Actualmente cada estado adjudica un contrato de proveedor \u00fanico a un fabricante de leche de f\u00f3rmula para que proporcione su producto a los participantes en el programa WIC, que, en consecuencia, solo pueden canjear su cup\u00f3n por la leche de f\u00f3rmula elaborada por el fabricante que tiene el contrato para esa regi\u00f3n.<\/p>\n<p>El proyecto de nueva ley permitir\u00eda al Departamento de Agricultura renunciar a las restricciones contractuales del WIC durante <strong>emergencias, desastres e interrupciones de la cadena de suministro<\/strong>, lo que significa que las familias podr\u00edan utilizar los beneficios del WIC para comprar cualquier f\u00f3rmula disponible.<\/p>\n<p>Sin embargo, es dudoso el destino de otro proyecto de ley para proporcionar a la Administraci\u00f3n de Alimentos y Medicamentos (la FDA) 28 millones de d\u00f3lares en fondos de emergencia.&nbsp;La norma fue aprobada por la C\u00e1mara de Representantes por 231 a 192, pero los senadores del Partido Republicano han expresado su temor a gastar el dinero.<\/p>\n<h3>Acuerdo para reanuda&nbsp;la producci\u00f3n en&nbsp;la planta paralizada&nbsp;de Abbott&nbsp;<\/h3>\n<div class=\"ReadMore-root Section-root Section-is1to3-xs_is1to1\" data-widgets=\"ReadMore\">\n<div class=\"Section-container Section-isRow-isTop-isWrap\">\n<article class=\"Card-root Card-is1to1 \">\n<div class=\"Card-imageWrap\">\n<div class=\"Card-picture\"> <picture class=\"Picture-root Picture-default\"><!--[if IE 9]><video style=\"display: none;\"><![endif]--><source media=\"(-webkit-min-device-pixel-ratio: 2) and (min-resolution: 120dpi)\" srcset=\"http:\/\/cordobainforma.info\/wp-content\/uploads\/2022\/05\/que-medidas-toma-ee-uu-para-paliar-la-grave-escasez-de-leche-infantil-4.jpg 850w, http:\/\/cordobainforma.info\/wp-content\/uploads\/2022\/05\/que-medidas-toma-ee-uu-para-paliar-la-grave-escasez-de-leche-infantil-5.jpg 1960w\"><source srcset=\"http:\/\/cordobainforma.info\/wp-content\/uploads\/2022\/05\/que-medidas-toma-ee-uu-para-paliar-la-grave-escasez-de-leche-infantil-4.jpg 460w, http:\/\/cordobainforma.info\/wp-content\/uploads\/2022\/05\/que-medidas-toma-ee-uu-para-paliar-la-grave-escasez-de-leche-infantil-5.jpg 980w\"><!--[if IE 9]><\/video><![endif]--><img data-sizes=\"auto\" src=\"http:\/\/cordobainforma.info\/wp-content\/uploads\/2022\/05\/que-medidas-toma-ee-uu-para-paliar-la-grave-escasez-de-leche-infantil-4.jpg\" class=\"Picture-root Picture-default lazyload\" alt=\"La FDA y Abbott Nutrition acuerdan reanudar la producci\u00f3n de f\u00f3rmulas para lactantes en una planta paralizada por riesgo sanitario\"><\/picture><!-- noscript pattern --><noscript><img src=\"http:\/\/cordobainforma.info\/wp-content\/uploads\/2022\/05\/que-medidas-toma-ee-uu-para-paliar-la-grave-escasez-de-leche-infantil-5.jpg\" alt=\"La FDA y Abbott Nutrition acuerdan reanudar la producci\u00f3n de f\u00f3rmulas para lactantes en una planta paralizada por riesgo sanitario\"><\/noscript> <\/div><\/div>\n<\/article><\/div><\/div>\n<p>Mientras, Abbott Nutrition anunci\u00f3 este lunes que ha acordado con&nbsp;la FDA un plan para&nbsp;reanudar las operaciones en su planta en M\u00edchigan, que en marzo fue cerrada por razones sanitarias.&nbsp;Seg\u00fan detall\u00f3 la compa\u00f1\u00eda, el acuerdo con la FDA establece \u00ablos pasos necesarios para reanudar la producci\u00f3n y mantener las instalaciones\u00bb, aunque est\u00e1 sujeto a la aprobaci\u00f3n judicial.<\/p>\n<p>Abbott \u2013que es uno de los cuatro gigantes que controlan el 90 % del mercado de leche infantil en EE.UU.\u2013 se\u00f1al\u00f3 que, una vez que se le d\u00e9 oficialmente luz verde, podr\u00eda reanudar las operaciones en esa planta&nbsp;dentro de dos semanas, y que tomar\u00eda <strong>de seis a ocho semanas<\/strong>&nbsp;<strong>m\u00e1s<\/strong> para que el producto, que acusa en todo EE.UU. una aguda escasez, est\u00e9 de vuelta en los estantes.<\/p>\n<p>La planta qued\u00f3 paralizada luego de que&nbsp;los inspectores federales&nbsp;comunicaran en marzo que&nbsp;hab\u00edan encontrado&nbsp;en las instalaciones&nbsp;<strong>muestras de una bacteria mortal&nbsp;<\/strong>conocida como &#8216;Cronobacter&nbsp;sakazakii&#8217;.&nbsp;Sin embargo, la compa\u00f1\u00eda asegura que todav\u00eda no hay pruebas que vinculen su f\u00f3rmula con cuatro casos de enfermedad en infantes, que incluyen dos muertes. \u00abTodos los productos retenidos que fueron analizados por Abbott y la FDA durante la inspecci\u00f3n de las instalaciones&nbsp;dieron negativo para &#8216;Cronobacter sakazakii&#8217; y salmonela. No se encontr\u00f3 salmonela en las instalaciones de Sturgis\u00bb, reza&nbsp;un comunicado. El documento sostiene que&nbsp;el &#8216;Cronobacter sakazakii&#8217; que se encontr\u00f3 en las pruebas ambientales durante la investigaci\u00f3n fue detectado en zonas de la instalaci\u00f3n que \u00abno estaban en contacto con el producto, y no se ha relacionado con ninguna enfermedad infantil conocida\u00bb.&nbsp;<\/p>\n<\/div>\n","protected":false},"excerpt":{"rendered":"<p>Publicado: 20 may 2022 04:55 GMT La escasez de f\u00f3rmulas para lactantes est\u00e1 provocada por el cierre temporal por riesgo sanitario de una planta de Abbott Nutrition, uno de los cuatro gigantes que controlan el 90 % de ese mercado en el pa\u00eds. La Casa Blanca comunic\u00f3 este jueves que&nbsp;EE.UU. importar\u00e1 desde Suiza \u00abla cantidad [&hellip;]<\/p>\n","protected":false},"author":1,"featured_media":40700,"comment_status":"closed","ping_status":"closed","sticky":false,"template":"","format":"standard","meta":[],"categories":[22],"tags":[],"_links":{"self":[{"href":"http:\/\/cordobainforma.info\/index.php\/wp-json\/wp\/v2\/posts\/40699"}],"collection":[{"href":"http:\/\/cordobainforma.info\/index.php\/wp-json\/wp\/v2\/posts"}],"about":[{"href":"http:\/\/cordobainforma.info\/index.php\/wp-json\/wp\/v2\/types\/post"}],"author":[{"embeddable":true,"href":"http:\/\/cordobainforma.info\/index.php\/wp-json\/wp\/v2\/users\/1"}],"replies":[{"embeddable":true,"href":"http:\/\/cordobainforma.info\/index.php\/wp-json\/wp\/v2\/comments?post=40699"}],"version-history":[{"count":0,"href":"http:\/\/cordobainforma.info\/index.php\/wp-json\/wp\/v2\/posts\/40699\/revisions"}],"wp:featuredmedia":[{"embeddable":true,"href":"http:\/\/cordobainforma.info\/index.php\/wp-json\/wp\/v2\/media\/40700"}],"wp:attachment":[{"href":"http:\/\/cordobainforma.info\/index.php\/wp-json\/wp\/v2\/media?parent=40699"}],"wp:term":[{"taxonomy":"category","embeddable":true,"href":"http:\/\/cordobainforma.info\/index.php\/wp-json\/wp\/v2\/categories?post=40699"},{"taxonomy":"post_tag","embeddable":true,"href":"http:\/\/cordobainforma.info\/index.php\/wp-json\/wp\/v2\/tags?post=40699"}],"curies":[{"name":"wp","href":"https:\/\/api.w.org\/{rel}","templated":true}]}}