{"id":40693,"date":"2022-05-19T13:38:24","date_gmt":"2022-05-19T13:38:24","guid":{"rendered":"https:\/\/www.mujerhoy.com\/vivir\/psicologia\/enfermedad-risa-incontrolable-momento-inapropiado-problema-psicologico-20220519153816-nt.html"},"modified":"2022-05-19T13:38:24","modified_gmt":"2022-05-19T13:38:24","slug":"la-enfermedad-de-la-risa-cuando-las-carcajadas-esconden-un-problema","status":"publish","type":"post","link":"http:\/\/cordobainforma.info\/index.php\/2022\/05\/19\/la-enfermedad-de-la-risa-cuando-las-carcajadas-esconden-un-problema\/","title":{"rendered":"La enfermedad de la risa: cuando las carcajadas esconden un problema"},"content":{"rendered":"<p><!-- AUTHOR --><!-- COMPONENTS --><\/p>\n<p class=\"voc-paragraph\">La <strong>risa <\/strong>es algo maravilloso. En muchas ocasiones se trata de <a data-voc-vtm-id=\"in-text-traffic\" href=\"https:\/\/www.mujerhoy.com\/vivir\/bienestar\/202010\/14\/cuando-risa-mejor-medicina-20201008140509.html\">la mejor medicina<\/a>, utiliz\u00e1ndose en disciplinas como <a data-voc-vtm-id=\"in-text-traffic\" href=\"https:\/\/www.mujerhoy.com\/vivir\/fitness\/yoga-de-la-risa-saludable-20211102140746-nt.html\">el yoga<\/a> (por no hablar de que algunos estudios afirman que <a data-voc-vtm-id=\"in-text-traffic\" href=\"https:\/\/www.mujerhoy.com\/vivir\/bienestar\/201906\/19\/reir-ayuda-a-adelgazar-20190619094529.html\">ayuda a adelgazar<\/a>). S\u00ed, la risa es algo incre\u00edble pero tambi\u00e9n puede estar relacionada con caracter\u00edsticas <strong>negativas<\/strong>, cuando se convierte en un acto incontrolable y aparece en los momentos m\u00e1s inoportunos. \u00bfHas visto la pel\u00edcula <strong>Joker<\/strong>? Si es as\u00ed recordar\u00e1s su risa nerviosa en cualquier momento, aunque la situaci\u00f3n no lo justificase.\n<\/p>\n<div class=\"voc-detail__cmp\">\n<div class=\"voc-article-container\">\n<article class=\"voc-article voc-article--cmp-photo-text\">\n<div class=\"voc-img-container\"><picture>\n<div class=\"voc-horizontal voc-img-icon-link\"><img class=\"lazy\" loading=\"lazy\" data-original=\"\/\/static3.mujerhoy.com\/www\/multimedia\/202203\/14\/media\/cortadas\/joker-kOpF--624x624@MujerHoy.jpg\" alt><\/div>\n<\/picture><\/div>\n<\/article>\n<\/div>\n<\/div>\n<p class=\"voc-paragraph\">Conocida como <strong>S\u00edndrome pseudobulbar<\/strong>, la afecci\u00f3n que sufre el personaje se debe a una<br \/>\n<strong> lesi\u00f3n cerebral<\/strong> que desconecta las emociones de los movimientos de la cara. Lo que falla es la representaci\u00f3n motora de las emociones, sin que tenga que ver con ning\u00fan <strong>trastorno psicol\u00f3gico<\/strong> ni psicop\u00e1tico. La gestualidad se dispara a destiempo o desincronizadamente, y no solo la risa, sino tambi\u00e9n otras <strong>emociones <\/strong>como tambi\u00e9n el llanto. Un afectado puede llorar al o\u00edr un chiste, re\u00edrse en un funeral o por nada o, igualmente, no reaccionar de ninguna manera, no poder dar salida f\u00edsica a sus emociones. <\/p>\n<p class=\"voc-paragraph\">\u00bfY por qu\u00e9 ocurren estas cosas? Se trata de <strong>una anomal\u00eda cerebral.<\/strong> Los movimientos m\u00e1s b\u00e1sicos del ser humano se originan de forma directa de <strong>neurona <\/strong>a neurona, pero los m\u00e1s sofisticados o los que ocurren como respuesta a lsa emociones son el resultado de la <strong>reagrupaci\u00f3n <\/strong>de las neuronas en estructuras m\u00e1s sofisticadas. Todo esto se desarrolla de modo reflejo, sin intervenci\u00f3n del intelecto o de las emociones. En el caso del S\u00edndrome Pseudobulbar, se alteran el <strong>territorio cortical<\/strong> o las uniones entre la corteza y los n\u00facleos motores, que son los responsables de las carcajadas o de sacar la lengua para hacer una broma. Eso s\u00ed, la lesi\u00f3n ha de ser <strong>bilateral<\/strong>, es decir, producirse en las dos partes del cerebro, lo que no es habitual, por lo que estamos ante un s\u00edndrome muy poco com\u00fan.\n<\/p>\n<div class=\"voc-detail__cmp\">\n<div class=\"voc-article-container\">\n<article class=\"voc-article voc-article--cmp-photo-text\">\n<div class=\"voc-img-container\"><picture>\n<div class=\"voc-horizontal voc-img-icon-link\"><img class=\"lazy\" loading=\"lazy\" data-original=\"\/\/static.mujerhoy.com\/www\/multimedia\/202203\/14\/media\/cortadas\/enfermedad-risa-kOpF--624x624@MujerHoy.jpg\" alt><\/div>\n<\/picture><\/div>\n<\/article>\n<\/div>\n<\/div>\n<p class=\"voc-paragraph\">Al tratarse de una<br \/>\n<strong> lesi\u00f3n cerebral<\/strong> y no de un problema psicol\u00f3gico o psiqui\u00e1trico, no existe tratamiento espec\u00edfico para este s\u00edndrome, aunque comienzan a surgir ciertos <strong>farmacos <\/strong>cuya eficacia no est\u00e1 demostrata. Al tratarse de una lesi\u00f3n con repercusiones sociales, los m\u00e9dicos recomiendan que lo mejor es que el enfermo lo diga para evitarse la <strong>presi\u00f3n <\/strong>cuando surgan momentos inc\u00f3modos.\n<\/p>\n<div class=\"voc-detail__cmp voc-detail__cmp--pad-lr voc-detail__cmp--pad-lr--bdr\">\n<div class=\"voc-ficha-detail__wrapper\">\n<section class=\"voc-ficha-detail\">\n<h4 class=\"voc-ficha-detail-title voc-title-section\">Te recomendamos<\/h4>\n<\/section>\n<\/div>\n<\/div>\n<p><!-- TOPICS --><\/p>\n","protected":false},"excerpt":{"rendered":"<p>La risa es algo maravilloso. En muchas ocasiones se trata de la mejor medicina, utiliz\u00e1ndose en disciplinas como el yoga (por no hablar de que algunos estudios afirman que ayuda a adelgazar). S\u00ed, la risa es algo incre\u00edble pero tambi\u00e9n puede estar relacionada con caracter\u00edsticas negativas, cuando se convierte en un acto incontrolable y aparece [&hellip;]<\/p>\n","protected":false},"author":1,"featured_media":40694,"comment_status":"open","ping_status":"closed","sticky":false,"template":"","format":"standard","meta":[],"categories":[18],"tags":[],"_links":{"self":[{"href":"http:\/\/cordobainforma.info\/index.php\/wp-json\/wp\/v2\/posts\/40693"}],"collection":[{"href":"http:\/\/cordobainforma.info\/index.php\/wp-json\/wp\/v2\/posts"}],"about":[{"href":"http:\/\/cordobainforma.info\/index.php\/wp-json\/wp\/v2\/types\/post"}],"author":[{"embeddable":true,"href":"http:\/\/cordobainforma.info\/index.php\/wp-json\/wp\/v2\/users\/1"}],"replies":[{"embeddable":true,"href":"http:\/\/cordobainforma.info\/index.php\/wp-json\/wp\/v2\/comments?post=40693"}],"version-history":[{"count":0,"href":"http:\/\/cordobainforma.info\/index.php\/wp-json\/wp\/v2\/posts\/40693\/revisions"}],"wp:featuredmedia":[{"embeddable":true,"href":"http:\/\/cordobainforma.info\/index.php\/wp-json\/wp\/v2\/media\/40694"}],"wp:attachment":[{"href":"http:\/\/cordobainforma.info\/index.php\/wp-json\/wp\/v2\/media?parent=40693"}],"wp:term":[{"taxonomy":"category","embeddable":true,"href":"http:\/\/cordobainforma.info\/index.php\/wp-json\/wp\/v2\/categories?post=40693"},{"taxonomy":"post_tag","embeddable":true,"href":"http:\/\/cordobainforma.info\/index.php\/wp-json\/wp\/v2\/tags?post=40693"}],"curies":[{"name":"wp","href":"https:\/\/api.w.org\/{rel}","templated":true}]}}