{"id":40637,"date":"2022-05-19T21:48:00","date_gmt":"2022-05-19T21:48:00","guid":{"rendered":"https:\/\/somoscordobeses.com\/2022\/05\/19\/la-banda-sinfonica-de-la-ciudad-reclamo-frente-a-la-sede-de-gobierno-porteno\/"},"modified":"2022-05-19T21:48:00","modified_gmt":"2022-05-19T21:48:00","slug":"la-banda-sinfonica-de-la-ciudad-reclamo-frente-a-la-sede-de-gobierno-porteno","status":"publish","type":"post","link":"http:\/\/cordobainforma.info\/index.php\/2022\/05\/19\/la-banda-sinfonica-de-la-ciudad-reclamo-frente-a-la-sede-de-gobierno-porteno\/","title":{"rendered":"La Banda Sinf\u00f3nica de la Ciudad reclam\u00f3 frente a la sede de Gobierno porte\u00f1o"},"content":{"rendered":"<div>\n<figure><figcaption> Foto: Eliana Obregon <\/figcaption><\/figure>\n<p> La <strong>Banda Sinf\u00f3nica de la ciudad de Buenos Aires<\/strong> ofreci\u00f3 este jueves por la tarde un concierto frente a la sede del gobierno porte\u00f1o, donde exigi\u00f3 a <strong>Horacio Rodr\u00edguez Larreta<\/strong> que cumpla con ordenanzas y fallos judiciales que disponen <strong>mejores salarios para sus integrantes.<\/strong><\/p>\n<p> \u201cHicimos un concierto de protesta y coincidimos con organizaciones sociales que hac\u00edan otros reclamos, de <strong>salarios <\/strong>y <strong>condiciones laborales<\/strong>; todos estamos en la misma, somos trabajadores\u201d, se\u00f1al\u00f3 en di\u00e1logo con T\u00e9lam, Marisa Pucci, integrante de la Banda Sinf\u00f3nica desde 2006.<\/p>\n<p> La protesta empez\u00f3 cerca de las 14 en la<strong> Casa de Gobierno porte\u00f1a<\/strong>, ubicada en Uspallata 3150, en el barrio de Parque Patricios, y all\u00ed los integrantes de la banda interpretaron el Himno Nacional Argentino y dos piezas m\u00e1s de su repertorio habitual para reclamar por el incumplimiento de la Ordenanza 45.604 del distrito.<\/p>\n<figure><figcaption> Foto: Eliana Obregon <\/figcaption><\/figure>\n<p> \u201cEs un verdadero orgullo formar parte de este equipo talentoso de m\u00fasicos, adem\u00e1s de hacer lo que nos gusta tenemos una labor social muy importante, tocamos en parque y plazas, escuelas, centros culturales, generalmente para aquellas personas que no pueden pagar una entrada a este tipo de espect\u00e1culos\u201d, asegur\u00f3 Pucci, oriunda de Mar del Plata.<\/p>\n<p><strong>\u201cTenemos hace 30 a\u00f1os una ordenanza que nunca se cumpli<\/strong>\u00f3, por la cual nos deben diferencias salariales, antig\u00fcedad docente, mantenimiento de instrumentos, transporte y vestimenta, que hemos tenido que asumir nosotros\u201d, precis\u00f3 la mujer, y record\u00f3 que \u201clos gastos relacionados a los instrumentos son car\u00edsimos porque se tasan en d\u00f3lares\u201d.<\/p>\n<p> Pucci destac\u00f3 el apoyo de compa\u00f1eros de la Banda que ya se jubilaron y se acercaron a \u201cbancar el reclamo\u201d.<\/p>\n<figure><figcaption> Foto: Eliana Obregon <\/figcaption><\/figure>\n<p> \u201cEllos se jubilaron sin <strong>que se les pague lo que corresponde<\/strong>\u201d, dijo y destac\u00f3 que pese a \u201clo dif\u00edciles que son los tribunales contenciosos y administrativos de la Ciudad\u201d, lograron una sentencia firme en tres expedientes.<\/p>\n<p> \u201cEl principal es el de Muchnik Eleonor, cuyo expediente es el N\u00b0 13.052\/2004 y dos causas conexas, la de Cosentino Edgardo, expediente N\u00b0 4314\/2001, y la de Laikam Luis de expediente N\u00b0 41743\/2011, que obligaban al Gobierno de la ciudad de Buenos Aires a pagarnos todas las diferencias adeudadas y aumentarnos el salario\u201d, detall\u00f3.<\/p>\n<p> Sin embargo, <strong>el Ejecutivo porte\u00f1o \u201cnunca cumpli\u00f3 la sentencia<\/strong> y se embargaron las cuentas que ten\u00eda en el Banco Ciudad\u201d, explic\u00f3 la m\u00fasica.<\/p>\n<figure><figcaption> Foto: Eliana Obregon <\/figcaption><\/figure>\n<p> \u201cTenemos el dinero depositado hace varios meses, e incluso el juez orden\u00f3 la transferencia a nuestro favor, pero el Gobierno de la ciudad se opone a que cobremos\u201d, agreg\u00f3.<\/p>\n<p> \u201cLe pedimos a Horacio Rodr\u00edguez Larreta que cese de obstaculizar a la justicia y disponga el pago inmediato de un juicio de \u00edndole alimentaria que ya lleva 20 a\u00f1os de duraci\u00f3n y tres a\u00f1os de sentencia firme dando cumplimiento a la Ordenanza 45604 que rige nuestro r\u00e9gimen laboral\u201d, concluy\u00f3. <\/p>\n<\/div>\n<nav class=\"navigation post-navigation\" role=\"navigation\" aria-label=\"Continue Reading\">\n<h2 class=\"screen-reader-text\">Continue Reading<\/h2>\n<\/nav>\n","protected":false},"excerpt":{"rendered":"<p>Foto: Eliana Obregon La Banda Sinf\u00f3nica de la ciudad de Buenos Aires ofreci\u00f3 este jueves por la tarde un concierto frente a la sede del gobierno porte\u00f1o, donde exigi\u00f3 a Horacio Rodr\u00edguez Larreta que cumpla con ordenanzas y fallos judiciales que disponen mejores salarios para sus integrantes. \u201cHicimos un concierto de protesta y coincidimos con [&hellip;]<\/p>\n","protected":false},"author":1,"featured_media":40638,"comment_status":"closed","ping_status":"closed","sticky":false,"template":"","format":"standard","meta":[],"categories":[2],"tags":[],"_links":{"self":[{"href":"http:\/\/cordobainforma.info\/index.php\/wp-json\/wp\/v2\/posts\/40637"}],"collection":[{"href":"http:\/\/cordobainforma.info\/index.php\/wp-json\/wp\/v2\/posts"}],"about":[{"href":"http:\/\/cordobainforma.info\/index.php\/wp-json\/wp\/v2\/types\/post"}],"author":[{"embeddable":true,"href":"http:\/\/cordobainforma.info\/index.php\/wp-json\/wp\/v2\/users\/1"}],"replies":[{"embeddable":true,"href":"http:\/\/cordobainforma.info\/index.php\/wp-json\/wp\/v2\/comments?post=40637"}],"version-history":[{"count":0,"href":"http:\/\/cordobainforma.info\/index.php\/wp-json\/wp\/v2\/posts\/40637\/revisions"}],"wp:featuredmedia":[{"embeddable":true,"href":"http:\/\/cordobainforma.info\/index.php\/wp-json\/wp\/v2\/media\/40638"}],"wp:attachment":[{"href":"http:\/\/cordobainforma.info\/index.php\/wp-json\/wp\/v2\/media?parent=40637"}],"wp:term":[{"taxonomy":"category","embeddable":true,"href":"http:\/\/cordobainforma.info\/index.php\/wp-json\/wp\/v2\/categories?post=40637"},{"taxonomy":"post_tag","embeddable":true,"href":"http:\/\/cordobainforma.info\/index.php\/wp-json\/wp\/v2\/tags?post=40637"}],"curies":[{"name":"wp","href":"https:\/\/api.w.org\/{rel}","templated":true}]}}