{"id":40635,"date":"2022-05-20T00:04:00","date_gmt":"2022-05-20T00:04:00","guid":{"rendered":"https:\/\/somoscordobeses.com\/2022\/05\/19\/polemica-en-rio-negro-por-la-modificacion-de-los-boletines-escolares-de-la-primaria\/"},"modified":"2022-05-20T00:04:00","modified_gmt":"2022-05-20T00:04:00","slug":"polemica-en-rio-negro-por-la-modificacion-de-los-boletines-escolares-de-la-primaria","status":"publish","type":"post","link":"http:\/\/cordobainforma.info\/index.php\/2022\/05\/20\/polemica-en-rio-negro-por-la-modificacion-de-los-boletines-escolares-de-la-primaria\/","title":{"rendered":"Pol\u00e9mica en R\u00edo Negro por la modificaci\u00f3n de los boletines escolares de la Primaria"},"content":{"rendered":"<div>\n<p>Una resoluci\u00f3n publicada por el Consejo Provincial de Educaci\u00f3n de R\u00edo Negro gener\u00f3 una enorme pol\u00e9mica en la que tuvo que intervenir la propia ministra: se trata de una norma que <strong>modifica los boletines de calificaciones en las escuelas primaria <\/strong>de esa provincia. Ante las repercusiones, la funcionaria <strong>aclar\u00f3 que no se eliminar\u00e1 <\/strong>la forma de evaluaci\u00f3n tradicional, sino que sufrir\u00e1 algunos cambios.<\/p>\n<p>Se trata de la resoluci\u00f3n N\u00b0 2839 en donde se expresa que \u201cqueda sin efecto\u201d el instrumento conocido como \u201cBolet\u00edn de calificaciones de la Educaci\u00f3n Primaria\u201d con cortes evaluativos bimestrales para las \u00e1reas de Lengua y literatura, Matem\u00e1tica, Ciencias Sociales, Ciencias Naturales y Lengua Extranjera y con cortes evaluativos cuatrimestrales para las \u00e1reas \u201cEducaci\u00f3n Art\u00edstica\u201d como Teatro\/Artes Audiovisuales, Danza\/Artes Audiovisuales, Pl\u00e1stica y M\u00fasica y Educaci\u00f3n F\u00edsica.<\/p>\n<p>El documento da por aprobado para su implementaci\u00f3n el nuevo instrumento denominado \u201c<strong>apreciaci\u00f3n de la trayectoria escolar<\/strong>\u201d de la Educaci\u00f3n Primaria con cortes evaluativos trimestrales e integrales. Y que ser\u00e1 entregado a las familias o tutores en soporte papel o digital.<\/p>\n<p>Esta modificaci\u00f3n gener\u00f3 un rechazo a nivel pol\u00edtico, con voces que se expresaron en contra. Uno de ellos fue el legislador del PRO, Juan Mart\u00edn, quien acus\u00f3 a las autoridades educativas de elegir \u201c<strong>el camino de la mediocrizaci\u00f3n<\/strong>\u201c.<\/p>\n<p>Para el legislador esta nueva resoluci\u00f3n busca en realidad&nbsp;\u201ccambiar los boletines por un mecanismo&nbsp;que, en lugar de evaluar si los chicos aprendieron de matem\u00e1ticas, lengua o geograf\u00eda, pone la mirada sobre una generalidad <strong>muy poco espec\u00edfica<\/strong>\u201d.<\/p>\n<p> Por eso, Juan Mart\u00edn analiz\u00f3: \u201cSe est\u00e1 perdiendo un instrumento que serv\u00eda para premiar el esfuerzo, pero tambi\u00e9n para tener un par\u00e1metro concreto del funcionamiento del sistema educativo\u201d.<\/p>\n<p>En medio de tanto revuelo, fue la propia ministra de Educaci\u00f3n de la provincia, Mercedes Jara Tracchia, quien sali\u00f3 a aclarar e intent\u00f3 dar explicaciones sobre la nueva medida de evaluaci\u00f3n. <strong>Descart\u00f3 que se eliminen los boletines,<\/strong> aunque s\u00ed dijo que habr\u00e1 una actualizaci\u00f3n.<\/p>\n<p>\u201c<strong>Si va a haber boletines<\/strong>. Lo que estamos haciendo es modificar el bolet\u00edn que ten\u00edamos, que era del a\u00f1o 2015. Ese bolet\u00edn no daba todas las explicaciones y la informaci\u00f3n que realmente merecen tanto las familias como los chicos. Entonces empezamos a trabajar para modificar eso\u201d, indic\u00f3<\/p>\n<p>Luego agreg\u00f3 que lo que se persigue&nbsp;es modificar el m\u00e9todo evaluativo: \u201cBuscamos darle mayor riqueza. Eso nos permitir\u00e1 pensar en t\u00e9rminos de <strong>c\u00f3mo son las trayectorias escolares<\/strong> y que este bolet\u00edn d\u00e9 cuenta de las trayectorias escolares\u201d, dijo en di\u00e1logo con Radio Seis.&nbsp;<\/p>\n<p>Jara Tracchia insisti\u00f3 y afirm\u00f3 que las notas no se van a quitar y que, por el contrario, habr\u00e1 un espacio en donde se podr\u00e1 agregar informaci\u00f3n del estudiante para que las familias tengan m\u00e1s informaci\u00f3n acerca de c\u00f3mo los alumnos avanzan en la escuela.<\/p>\n<p>La ministra repiti\u00f3 en varias ocasiones que el bolet\u00edn no se eliminar\u00e1: \u201cF\u00edsicamente, el bolet\u00edn seguir\u00e1 existiendo. Lo vamos a hacer en formato papel y tambi\u00e9n en formato digital. Aprovechando la tecnolog\u00eda, los pap\u00e1s podr\u00e1n recibir los boletines en cualquiera de los formatos. Pero el bolet\u00edn, tal cual lo conocemos, <strong>seguir\u00e1 existiendo<\/strong>. En vez de bolet\u00edn de evaluaciones lo vamos a llamar Evaluaci\u00f3n de la Trayectoria, con el prop\u00f3sito de distinguirlo del instrumento anterior\u201d,<\/p>\n<p>\u00bfHubo marcha atr\u00e1s? Lo sucedido va en consonancia con la decisi\u00f3n tomada por el Consejo de Educaci\u00f3n de Entre R\u00edos, que comunic\u00f3 de manera oficial la<strong> prohibici\u00f3n&nbsp;calificar a los alumnos con menos de 4<\/strong>. Pero la medida fue tan cuestionada que horas m\u00e1s tarde,&nbsp;el gobernador Gustavo Bordet sali\u00f3 a anularla por completo.<\/p>\n<div>\n<h2>TEMAS QUE APARECEN EN ESTA NOTA<\/h2>\n<\/div>\n<\/div>\n<nav class=\"navigation post-navigation\" role=\"navigation\" aria-label=\"Continue Reading\">\n<h2 class=\"screen-reader-text\">Continue Reading<\/h2>\n<\/nav>\n","protected":false},"excerpt":{"rendered":"<p>Una resoluci\u00f3n publicada por el Consejo Provincial de Educaci\u00f3n de R\u00edo Negro gener\u00f3 una enorme pol\u00e9mica en la que tuvo que intervenir la propia ministra: se trata de una norma que modifica los boletines de calificaciones en las escuelas primaria de esa provincia. Ante las repercusiones, la funcionaria aclar\u00f3 que no se eliminar\u00e1 la forma [&hellip;]<\/p>\n","protected":false},"author":1,"featured_media":40636,"comment_status":"closed","ping_status":"closed","sticky":false,"template":"","format":"standard","meta":[],"categories":[2],"tags":[],"_links":{"self":[{"href":"http:\/\/cordobainforma.info\/index.php\/wp-json\/wp\/v2\/posts\/40635"}],"collection":[{"href":"http:\/\/cordobainforma.info\/index.php\/wp-json\/wp\/v2\/posts"}],"about":[{"href":"http:\/\/cordobainforma.info\/index.php\/wp-json\/wp\/v2\/types\/post"}],"author":[{"embeddable":true,"href":"http:\/\/cordobainforma.info\/index.php\/wp-json\/wp\/v2\/users\/1"}],"replies":[{"embeddable":true,"href":"http:\/\/cordobainforma.info\/index.php\/wp-json\/wp\/v2\/comments?post=40635"}],"version-history":[{"count":0,"href":"http:\/\/cordobainforma.info\/index.php\/wp-json\/wp\/v2\/posts\/40635\/revisions"}],"wp:featuredmedia":[{"embeddable":true,"href":"http:\/\/cordobainforma.info\/index.php\/wp-json\/wp\/v2\/media\/40636"}],"wp:attachment":[{"href":"http:\/\/cordobainforma.info\/index.php\/wp-json\/wp\/v2\/media?parent=40635"}],"wp:term":[{"taxonomy":"category","embeddable":true,"href":"http:\/\/cordobainforma.info\/index.php\/wp-json\/wp\/v2\/categories?post=40635"},{"taxonomy":"post_tag","embeddable":true,"href":"http:\/\/cordobainforma.info\/index.php\/wp-json\/wp\/v2\/tags?post=40635"}],"curies":[{"name":"wp","href":"https:\/\/api.w.org\/{rel}","templated":true}]}}