{"id":40603,"date":"2022-05-18T13:30:17","date_gmt":"2022-05-18T13:30:17","guid":{"rendered":"https:\/\/www.mujerhoy.com\/moda\/no-te-pierdas\/virginia-troconis-alpargatas-comodas-made-in-spain-vestido-midi-estampado-look-primavera-20220514104116-nt.html"},"modified":"2022-05-18T13:30:17","modified_gmt":"2022-05-18T13:30:17","slug":"las-alpargatas-comodas-y-made-in-spain-mas-bonitas-y-un-vestido-estampado-a-lo-letizia-el-look-de-primavera-perfecto-de-virginia-troconis","status":"publish","type":"post","link":"http:\/\/cordobainforma.info\/index.php\/2022\/05\/18\/las-alpargatas-comodas-y-made-in-spain-mas-bonitas-y-un-vestido-estampado-a-lo-letizia-el-look-de-primavera-perfecto-de-virginia-troconis\/","title":{"rendered":"Las alpargatas c\u00f3modas y made in Spain m\u00e1s bonitas y un vestido estampado a lo Letizia: el look de primavera perfecto de Virginia Troconis"},"content":{"rendered":"<p><!-- AUTHOR --><!-- COMPONENTS --><\/p>\n<p class=\"voc-paragraph\">La fiebre de las alpargatas ha llegado a su punto m\u00e1s \u00e1lgido despu\u00e9s de que el verano se adelantar y las altas temperaturas hayan llegado de manera inesperada. Hace nada est\u00e1bamos despidi\u00e9ndonos de las botas y en nada y menos ya tenemos las sandalias puestas y <strong>opciones fresquitas<\/strong> como es el caso de las <strong>alpargatas<\/strong>. Y la confirmaci\u00f3n de que la \u00e9poca de este tipo de calzado ha llegado de la mano de <a data-voc-vtm-id=\"in-text-traffic\" href=\"https:\/\/www.mujerhoy.com\/moda\/no-te-pierdas\/reina-letizia-alpargatas-comodas-made-in-spain-look-falda-midi-primavera-20220512082641-nt.html\">la reina Letizia con este modelo made in Spain <\/a>y de otras famosas como<br \/>\n<strong> Virginia Troconis<\/strong>. La socialit\u00e9 ya llev\u00f3 <a data-voc-vtm-id=\"in-text-traffic\" href=\"https:\/\/www.mujerhoy.com\/moda\/no-te-pierdas\/virginia-troconis-alpargatas-cuna-planas-made-in-spain-comodas-baratas-20220510072715-nt.html\">este modelo ideal<\/a>, pero hoy nos ha descubierto uno m\u00e1s original a\u00fan que nos ha encantado.\n<\/p>\n<div class=\"voc-detail__cmp\">\n<div class=\"voc-grouper-related__wrapper\">\n<section class=\"voc-grouper-related voc-detail-section voc-detail-section--bdr-bottom\">\n<h4 class=\"voc-grouper-related-title voc-title-section voc-title-section--underline\"> TAMBI\u00c9N TE INTERESA <\/h4>\n<div class=\"voc-grouper-related__grid voc-grid voc-grid--2-cols\">\n<div class=\"voc-article-container\">\n<article class=\"voc-article voc-article--cmp-related voc-article--cmp-related--2-cols voc-article--photo-left voc-home-tit-st \">\n<div class=\"voc-img-container \"><picture><a href=\"https:\/\/www.mujerhoy.com\/moda\/tendencias\/sandalias-tiras-atar-pierna-tobillo-estilizan-comodas-zara-mango-hym-tendencia-primavera-verano-2022-20220415184000-ga.html#vca=modulos&amp;vso=mujerhoy&amp;vmc=noticias-rel-cmp&amp;vli=no%20te%20pierdas\" class=\"voc-horizontal voc-img-icon-link\"><img alt=\"Ya sabemos cu\u00e1les son las sandalias que van a triunfar en verano: son c\u00f3modas y tienen un efecto estilizador al que no te vas a poder resistir\" class=\"lazy\" loading=\"lazy\" data-original=\" \/\/static.mujerhoy.com\/www\/multimedia\/202204\/09\/media\/cortadas\/sandalias-tendencia-2022-kZSH--984x552@MujerHoy.jpg \"><\/a><\/picture><\/div>\n<\/article>\n<\/div>\n<div class=\"voc-article-container\">\n<article class=\"voc-article voc-article--cmp-related voc-article--cmp-related--2-cols voc-article--photo-left voc-home-tit-st \">\n<div class=\"voc-img-container \"><picture><a href=\"https:\/\/www.mujerhoy.com\/moda\/no-te-pierdas\/sandalias-cuna-sfera-baratas-comodas-originales-20220513084556-nt.html#vca=modulos&amp;vso=mujerhoy&amp;vmc=noticias-rel-cmp&amp;vli=no%20te%20pierdas\" class=\"voc-horizontal voc-img-icon-link\"><img alt=\"Ficha las sandalias de cu\u00f1a de Sfera: son las m\u00e1s baratas de la temporada, originales y muy c\u00f3modas\" class=\"lazy\" loading=\"lazy\" data-original=\" \/\/static2.mujerhoy.com\/www\/multimedia\/202205\/10\/media\/cortadas\/look-sandalias-cuna-kC4H-U170440025851RE-624x624@MujerHoy.jpg \"><\/a><\/picture><\/div>\n<\/article>\n<\/div>\n<\/div>\n<\/section>\n<\/div>\n<\/div>\n<p class=\"voc-paragraph\">Virginia acostumbra a compartir con sus seguidores los detalles de los looks que va usando en el d\u00eda a d\u00eda. Desde que arrancara esta temporada de temperaturas agradables dignas del verano, la influencer <strong>ha hecho de las alpargatas su calzado favorito<\/strong>. Y no solo las ha llevado en la Feria de Abril junto a sus trajes flamenca, sino tambi\u00e9n en cualquier <strong>estilismo c\u00f3modo y m\u00e1s casual<\/strong>. Y en la \u00faltima fotograf\u00eda que ha compartido, adem\u00e1s de unirse a la tendencia cut-out, nos ha descubierto unas <strong>alpargatas de una marca espa\u00f1ola<\/strong> que tienen un dise\u00f1o diferente y muy bonito.\n<\/p>\n<p class=\"voc-paragraph\">Se trata de unas <strong>cu\u00f1as de esparto de Vidorreta<\/strong>, una marca espa\u00f1ola que fabrica a mano sus dise\u00f1os y que arrasa entre las ifluencers. Y en concreto, Virginia llev\u00f3 un dise\u00f1o que est\u00e1 caracterizado por tener unas<br \/>\n<strong> tiras que atraviesan el empeine<\/strong> y que son las que luego se atan al tobillo para sujetar el calzado. Ideales, \u00bfverdad? Opt\u00f3 por un dise\u00f1o en <strong>azul marino con las tiras en beige<\/strong> a contraste y que no se encuentran disponibles ahora mismo en la web de la firma ya que son un modelo del a\u00f1o pasado.\n<\/p>\n<div class=\"voc-detail__cmp\">\n<div class=\"voc-article-container\">\n<article class=\"voc-article voc-article--cmp-photo-text\" readability=\"1\">\n<div class=\"voc-img-container\" readability=\"7\"><picture>\n<div class=\"voc-horizontal voc-img-icon-link\"><img class=\"lazy\" loading=\"lazy\" data-original=\"\/\/static1.mujerhoy.com\/www\/multimedia\/202205\/14\/media\/cortadas\/alpargatas-mujer-cuna-vidorreta-k0DD--624x624@MujerHoy.jpg\" alt=\"Las alpargatas de Vidorreta similares a las de Virginia Troconis.\"><\/div>\n<\/picture>\n<p class=\"figure-caption \"> Las alpargatas de Vidorreta similares a las de Virginia Troconis. \/ <span class=\"voc-photo-author\"> vidorreta <\/span><\/p>\n<\/div>\n<\/article>\n<\/div>\n<\/div>\n<p class=\"voc-paragraph\">Sin embargo, Vidorreta ha actualizado su colecci\u00f3n para este a\u00f1o y ha sacado a la venta modelos del estilo, con esas tiras en la puntera. Uno en cuadros vichy y otro de ante en color rosa. Ambos tienen una <strong>cu\u00f1a media de 7 cent\u00edmetros <\/strong>y plataforma de 3 cent\u00edmetros que hace que sean a\u00fan m\u00e1s c\u00f3modas y cuestan <strong>75,90 euros<\/strong>. \u00bfCon cu\u00e1l te quedas?\n<\/p>\n<div class=\"voc-detail-photo-zoom\"><picture data-toggle=\"modal\" data-target=\"#photoZoomModal-194\" target=\"modal\">\n<div class=\"voc-img-icon-link\"><img loading=\"lazy\" data-original=\"\/\/static2.mujerhoy.com\/www\/multimedia\/202205\/14\/media\/cortadas\/vestido-cut-out-mujer-k0DD--460x637@MujerHoy.jpg\" class=\"lazy\" alt=\"El vestido estampado de Virginia Troconis. \/ STRENA\"><noscript><img src=\"http:\/\/cordobainforma.info\/wp-content\/uploads\/2022\/05\/las-alpargatas-comodas-y-made-in-spain-mas-bonitas-y-un-vestido-estampado-a-lo-letizia-el-look-de-primavera-perfecto-de-virginia-troconis.jpg\" alt=\"El vestido estampado de Virginia Troconis. \/ STRENA\"><\/noscript><i class=\"voc-icons zoom voc-multimedia-box voc-ico-l\"><\/i><\/div><figcaption class=\"figure-caption\">El vestido estampado de Virginia Troconis. \/ STRENA<\/figcaption><\/picture><\/div>\n<div id=\"photoZoomModal-194\" class=\"voc-lightbox modal fade voc-lightbox--photo-zoom\" role=\"dialog\" data-voc-photozoom-lightbox>\n<div class=\"voc-lightbox__dialog\" role=\"document\">\n<div class=\"voc-lightbox__content\"><!-- Modal header --><\/p>\n<header class=\"voc-lightbox__header\"><span class=\"voc-lightbox__title\">El vestido estampado de Virginia Troconis. \/ STRENA<\/span><\/header>\n<p><!-- Modal content --><\/p>\n<div class=\"voc-lightbox__photo-container\"><picture class><img loading=\"lazy\" data-original=\"\/\/static2.mujerhoy.com\/www\/multimedia\/202205\/14\/media\/cortadas\/vestido-cut-out-mujer-k0DD--460x637@MujerHoy.jpg\" alt=\"El vestido estampado de Virginia Troconis. \/ STRENA\" class=\"lazy\"><noscript><img src=\"http:\/\/cordobainforma.info\/wp-content\/uploads\/2022\/05\/las-alpargatas-comodas-y-made-in-spain-mas-bonitas-y-un-vestido-estampado-a-lo-letizia-el-look-de-primavera-perfecto-de-virginia-troconis.jpg\" alt=\"El vestido estampado de Virginia Troconis. \/ STRENA\"><\/noscript><\/picture><\/div>\n<\/div>\n<\/div>\n<\/div>\n<p class=\"voc-paragraph\">Virginia combin\u00f3 sus alpargatas con un <strong>vestido de Strena <\/strong>que tiene el mismo dise\u00f1o que <a data-voc-vtm-id=\"in-text-traffic\" href=\"https:\/\/www.mujerhoy.com\/moda\/no-te-pierdas\/reina-letizia-vestido-rosa-aberturas-abdominales-vientre-plano-barato-look-espectacular-atrevido-tendencia-20220510121717-nt.html\">el pol\u00e9mico de la reina Letizia<\/a>. Un modelo cut out con aberturas en la cintura que estaba protagonizado por un bonito estampado de flores en tonos rosas y un bajo midi asim\u00e9trico. Cuesta <strong>159,99<\/strong> euros y est\u00e1 disponible tambi\u00e9n en otros colores. \u00a1Es ideal!\n<\/p>\n<div class=\"voc-detail__cmp\">\n<div class=\"voc-article-container\">\n<article class=\"voc-article voc-article--cmp-video\" readability=\"1\">\n<div class=\"voc-img-container \" readability=\"7\"><picture><\/picture>\n<p class=\"figure-caption \"><span class=\"voc-gallery-type\"><i class=\"voc-icons video\"><\/i> V\u00eddeo. <\/span> Las alpargatas con cu\u00f1a Made in Spain m\u00e1s favorecedoras de este verano <span class=\"voc-photo-author\"><\/span><\/p>\n<\/div>\n<\/article>\n<\/div>\n<\/div>\n<div class=\"voc-detail__cmp\">\n<div class=\"voc-grouper-related__wrapper\">\n<section class=\"voc-grouper-related voc-detail-section voc-detail-section--bdr-bottom\">\n<h4 class=\"voc-grouper-related-title voc-title-section voc-title-section--underline\"> TE RECOMENDAMOS <\/h4>\n<div class=\"voc-grouper-related__grid voc-grid voc-grid--2-cols\">\n<div class=\"voc-article-container\">\n<article class=\"voc-article voc-article--cmp-related voc-article--cmp-related--2-cols voc-article--photo-left voc-home-tit-st \">\n<div class=\"voc-img-container \"><picture><a href=\"https:\/\/www.mujerhoy.com\/moda\/no-te-pierdas\/famosas-feria-abril-mejores-trajes-flamenca-tana-rivera-lourdes-montes-victoria-federica-20220503062505-ga.html#vca=modulos&amp;vso=mujerhoy&amp;vmc=noticias-rel-cmp&amp;vli=no te pierdas\" class=\"voc-horizontal voc-img-icon-link\"><img alt=\"Virginia Troconis ha encontrado en Zara los zapatos destalonados y de tac\u00f3n c\u00f3modo que parecen de lujo y los ha llevado en este look perfecto\" class=\"lazy\" loading=\"lazy\" data-original=\" \/\/static1.mujerhoy.com\/www\/multimedia\/202205\/05\/media\/cortadas\/virginia-troconis-look-zapatos-zara-k0hF-U1601896213037RPB-624x624@MujerHoy.jpg \"><\/a><\/picture><\/div>\n<\/article>\n<\/div>\n<div class=\"voc-article-container\">\n<article class=\"voc-article voc-article--cmp-related voc-article--cmp-related--2-cols voc-article--photo-left voc-home-tit-st \">\n<div class=\"voc-img-container \"><picture><a href=\"https:\/\/www.mujerhoy.com\/moda\/no-te-pierdas\/camisas-estampadas-menos-30-euros-lefties-parfois-mango-zara-20220429075436-ga.html#vca=modulos&amp;vso=mujerhoy&amp;vmc=noticias-rel-cmp&amp;vli=no te pierdas\" class=\"voc-horizontal voc-img-icon-link\"><img alt=\"Blusa estampada, vaqueros y alpargatas: el look c\u00f3modo de Virginia Troconis que tienes que copiar en primavera y que rejuvenece al instante\" class=\"lazy\" loading=\"lazy\" data-original=\" \/\/static3.mujerhoy.com\/www\/multimedia\/202204\/29\/media\/cortadas\/virginia-troconis-look-rejuvenecedor-krg-U1601837673491UFF-624x624@MujerHoy.jpg \"><\/a><\/picture><\/div>\n<\/article>\n<\/div>\n<\/div>\n<\/section>\n<\/div>\n<\/div>\n<p><!-- TOPICS --><\/p>\n","protected":false},"excerpt":{"rendered":"<p>La fiebre de las alpargatas ha llegado a su punto m\u00e1s \u00e1lgido despu\u00e9s de que el verano se adelantar y las altas temperaturas hayan llegado de manera inesperada. Hace nada est\u00e1bamos despidi\u00e9ndonos de las botas y en nada y menos ya tenemos las sandalias puestas y opciones fresquitas como es el caso de las alpargatas. [&hellip;]<\/p>\n","protected":false},"author":1,"featured_media":40604,"comment_status":"closed","ping_status":"closed","sticky":false,"template":"","format":"standard","meta":[],"categories":[24],"tags":[],"_links":{"self":[{"href":"http:\/\/cordobainforma.info\/index.php\/wp-json\/wp\/v2\/posts\/40603"}],"collection":[{"href":"http:\/\/cordobainforma.info\/index.php\/wp-json\/wp\/v2\/posts"}],"about":[{"href":"http:\/\/cordobainforma.info\/index.php\/wp-json\/wp\/v2\/types\/post"}],"author":[{"embeddable":true,"href":"http:\/\/cordobainforma.info\/index.php\/wp-json\/wp\/v2\/users\/1"}],"replies":[{"embeddable":true,"href":"http:\/\/cordobainforma.info\/index.php\/wp-json\/wp\/v2\/comments?post=40603"}],"version-history":[{"count":0,"href":"http:\/\/cordobainforma.info\/index.php\/wp-json\/wp\/v2\/posts\/40603\/revisions"}],"wp:featuredmedia":[{"embeddable":true,"href":"http:\/\/cordobainforma.info\/index.php\/wp-json\/wp\/v2\/media\/40604"}],"wp:attachment":[{"href":"http:\/\/cordobainforma.info\/index.php\/wp-json\/wp\/v2\/media?parent=40603"}],"wp:term":[{"taxonomy":"category","embeddable":true,"href":"http:\/\/cordobainforma.info\/index.php\/wp-json\/wp\/v2\/categories?post=40603"},{"taxonomy":"post_tag","embeddable":true,"href":"http:\/\/cordobainforma.info\/index.php\/wp-json\/wp\/v2\/tags?post=40603"}],"curies":[{"name":"wp","href":"https:\/\/api.w.org\/{rel}","templated":true}]}}