{"id":40551,"date":"2022-05-18T22:56:00","date_gmt":"2022-05-18T22:56:00","guid":{"rendered":"https:\/\/ahora.com.ar\/se-lesiono-emiliano-dibu-martinez-llega-al-mundial-n4264122"},"modified":"2022-05-18T22:56:00","modified_gmt":"2022-05-18T22:56:00","slug":"se-lesiono-emiliano-dibu-martinez-llega-al-mundial","status":"publish","type":"post","link":"http:\/\/cordobainforma.info\/index.php\/2022\/05\/18\/se-lesiono-emiliano-dibu-martinez-llega-al-mundial\/","title":{"rendered":"Se lesion\u00f3 Emiliano \u00abDibu\u00bb Mart\u00ednez: \u00bfllega al Mundial?"},"content":{"rendered":"<div><img src=\"http:\/\/cordobainforma.info\/wp-content\/uploads\/2022\/05\/se-lesiono-emiliano-dibu-martinez-llega-al-mundial.jpg\" class=\"ff-og-image-inserted\"><\/div>\n<div id=\"article-post\">\n<header class=\"article-info-wrapper\" readability=\"25.921501706485\">\n<p> <span class=\"fecha-detallenota\">18 de mayo de 2022 &#8211; 19:05<\/span><\/p>\n<p class=\"interiorCopete\"> Emiliano \u00abDibu\u00bb Mart\u00ednez&nbsp;encendi\u00f3 una luz de&nbsp;alarma&nbsp;a ra\u00edz de una&nbsp;molestia que viene arrastrando hace alg\u00fan tiempo. \u00bfSe pierde Qatar 2022? <\/p>\n<\/header><\/div>\n<div id=\"article-post\">\n<div class=\"cuerpo\" data-twitter-link=\"https:\/\/twitter.com\/intent\/tweet?url=https:\/\/ahora.com.ar\/c4264122&amp;via=NueveLitoral&amp;related=Ahora&amp;text=\" readability=\"12.526315789474\">\n<p class=\"capital\">Ados semanas del partido que la<strong> Selecci\u00f3n <a href=\"https:\/\/ahora.com.ar\/\/argentina-a13483\" class=\"agrupador\" rel=\"13483\">Argentina<\/a> jugar\u00e1 ante <a href=\"https:\/\/ahora.com.ar\/italia-a8935\" class=\"agrupador\" rel=\"8935\">Italia<\/a><\/strong> en Wembley, Londres, por la Finalissima entre los vigentes campeones de Am\u00e9rica y de Europa, <strong><a href=\"https:\/\/ahora.com.ar\/\/emiliano-dibu-martinez-a10143\" class=\"agrupador\" rel=\"10143\">Emiliano \u00abDibu\u00bb Mart\u00ednez<\/a><\/strong> encendi\u00f3 una peque\u00f1a luz de <strong>alarma <\/strong>a ra\u00edz de una <strong>molestia que viene arrastrando hace alg\u00fan tiempo<\/strong> y de la que hoy habl\u00f3 p\u00fablicamente su entrenador en el Aston Villa, Steven Gerrard.<\/p>\n<\/div><\/div>\n<div id=\"article-post\">\n<div class=\"cuerpo\" data-twitter-link=\"https:\/\/twitter.com\/intent\/tweet?url=https:\/\/ahora.com.ar\/c4264122&amp;via=NueveLitoral&amp;related=Ahora&amp;text=\" readability=\"36\">\n<p>El <strong>Aston Villa<\/strong>, ya sin chances de pelear por un lugar en competiciones europeas ni tampoco peleando por la permanencia, tiene dos partidos por delante hacia el cierre de la temporada de la Premier League, donde<strong> ser\u00e1 juez de las definiciones de arriba y de abajo<\/strong>. Ma\u00f1ana, jueves 19, recibir\u00e1 al <strong>Burnley<\/strong>, que si gana saldr\u00e1 de la zona de descenso, y el domingo visitar\u00e1 a <strong>Manchester City,<\/strong> que si gana ser\u00e1 campe\u00f3n.<\/p>\n<p><em><strong>\u00abEmi Mart\u00ednez tiene un peque\u00f1o problema pero esperamos que salga adelante\u00bb,<\/strong><\/em> blanque\u00f3 hoy en conferencia de prensa Steven Gerrard, el entrenador del Villa, quien lo puso en duda para los dos encuentros que restan por el certamen ingl\u00e9s pero tambi\u00e9n pensando en lo que se viene para la Selecci\u00f3n Argentina.<\/p>\n<p>La peque\u00f1a lesi\u00f3n que arrastra Mart\u00ednez es en <strong>un nervio cercano a la rodilla,<\/strong> que a decir verdad lo viene complicando <strong>hace algunas semanas<\/strong>, aunque <strong>hasta ahora nunca le impidi\u00f3 jugar<\/strong>. La diferencia es que ahora Gerrard lo hizo p\u00fablico, porque podr\u00eda ausentarse de los partidos que le quedan a Aston Villa. El Dibu, m\u00e1s all\u00e1 del tratamiento con los m\u00e9dicos del club ingl\u00e9s, est\u00e1 siendo monitoreado tambi\u00e9n desde Argentina y <strong>se someter\u00e1 a estudios <\/strong>para ver si su cuadro empeor\u00f3.<\/p>\n<\/div><\/div>\n","protected":false},"excerpt":{"rendered":"<p>18 de mayo de 2022 &#8211; 19:05 Emiliano \u00abDibu\u00bb Mart\u00ednez&nbsp;encendi\u00f3 una luz de&nbsp;alarma&nbsp;a ra\u00edz de una&nbsp;molestia que viene arrastrando hace alg\u00fan tiempo. \u00bfSe pierde Qatar 2022? Ados semanas del partido que la Selecci\u00f3n Argentina jugar\u00e1 ante Italia en Wembley, Londres, por la Finalissima entre los vigentes campeones de Am\u00e9rica y de Europa, Emiliano \u00abDibu\u00bb Mart\u00ednez [&hellip;]<\/p>\n","protected":false},"author":1,"featured_media":40552,"comment_status":"closed","ping_status":"closed","sticky":false,"template":"","format":"standard","meta":[],"categories":[20],"tags":[],"_links":{"self":[{"href":"http:\/\/cordobainforma.info\/index.php\/wp-json\/wp\/v2\/posts\/40551"}],"collection":[{"href":"http:\/\/cordobainforma.info\/index.php\/wp-json\/wp\/v2\/posts"}],"about":[{"href":"http:\/\/cordobainforma.info\/index.php\/wp-json\/wp\/v2\/types\/post"}],"author":[{"embeddable":true,"href":"http:\/\/cordobainforma.info\/index.php\/wp-json\/wp\/v2\/users\/1"}],"replies":[{"embeddable":true,"href":"http:\/\/cordobainforma.info\/index.php\/wp-json\/wp\/v2\/comments?post=40551"}],"version-history":[{"count":0,"href":"http:\/\/cordobainforma.info\/index.php\/wp-json\/wp\/v2\/posts\/40551\/revisions"}],"wp:featuredmedia":[{"embeddable":true,"href":"http:\/\/cordobainforma.info\/index.php\/wp-json\/wp\/v2\/media\/40552"}],"wp:attachment":[{"href":"http:\/\/cordobainforma.info\/index.php\/wp-json\/wp\/v2\/media?parent=40551"}],"wp:term":[{"taxonomy":"category","embeddable":true,"href":"http:\/\/cordobainforma.info\/index.php\/wp-json\/wp\/v2\/categories?post=40551"},{"taxonomy":"post_tag","embeddable":true,"href":"http:\/\/cordobainforma.info\/index.php\/wp-json\/wp\/v2\/tags?post=40551"}],"curies":[{"name":"wp","href":"https:\/\/api.w.org\/{rel}","templated":true}]}}