{"id":40549,"date":"2022-05-18T10:54:00","date_gmt":"2022-05-18T10:54:00","guid":{"rendered":"https:\/\/somoscordobeses.com\/2022\/05\/18\/funciona-el-transporte-de-pasajeros-en-las-provincias-y-podria-levantarse-el-paro\/"},"modified":"2022-05-18T10:54:00","modified_gmt":"2022-05-18T10:54:00","slug":"funciona-el-transporte-de-pasajeros-en-las-provincias-y-podria-levantarse-el-paro","status":"publish","type":"post","link":"http:\/\/cordobainforma.info\/index.php\/2022\/05\/18\/funciona-el-transporte-de-pasajeros-en-las-provincias-y-podria-levantarse-el-paro\/","title":{"rendered":"Funciona el transporte de pasajeros en las provincias y podr\u00eda levantarse el paro"},"content":{"rendered":"<div>\n<figure><figcaption> Los choferes en las provincias reclaman salarios similares a los del AMBA. <\/figcaption><\/figure>\n<p><strong>La Uni\u00f3n Tranviarios Automotor<\/strong> (UTA) y la <strong>Federaci\u00f3n Argentina de Transportadores por Automotor de Pasajeros<\/strong> (Fatap) <strong>podr\u00edan suscribir durante la jornada un \u201cacuerdo salarial\u201d<\/strong> que dejar\u00eda sin efecto la continuidad del paro iniciado este marte, que estaba prevista para los d\u00edas jueves y viernes en todo el territorio del pa\u00eds excepto el \u00c1rea Metropolitana de Buenos Aires (AMBA).<\/p>\n<p> As\u00ed lo anunci\u00f3 anoche el sindicato encabezado por Roberto Fern\u00e1ndez, que dio cuenta de esta reuni\u00f3n que se realizar\u00eda en las pr\u00f3ximas horas para \u201csuscribir el acuerdo salarial y presentarlo en la cartera laboral\u201d.<\/p>\n<p> De concretarse este encuentro, <strong>quedar\u00eda \u201csin efecto la medida de acci\u00f3n gremial dispuesta para los d\u00edas jueves y viernes\u201d<\/strong>, inform\u00f3 la UTA a trav\u00e9s de un comunicado.<\/p>\n<figure><figcaption> En Santa Fe el paro tuvo un alto acatamiento. <\/figcaption><\/figure>\n<p> Los trabajadores nucleados en la UTA desarrollaron durante la jornada del martes un paro general de actividades que pretend\u00eda durar 72 horas, con un intervalo para colaborar con el traslado durante el Censo Nacional.<\/p>\n<p> La medida de fuerza se cumpli\u00f3 con un \u201calto acatamiento\u201d durante el primer d\u00eda en las provincias y no afect\u00f3 los servicios en la ciudad de Buenos Aires y el conurbano bonaerense.<\/p>\n<p> Por otra parte, UTA inform\u00f3 en el comunicado difundido el martes por la noche que convocar\u00e1 a una marcha federal al Congreso de la Naci\u00f3n para \u201cpedir el dictado de una ley federal de transporte que contemple la problem\u00e1tica del transporte de pasajeros del interior del pa\u00eds\u201d. <\/p>\n<\/div>\n<nav class=\"navigation post-navigation\" role=\"navigation\" aria-label=\"Continue Reading\">\n<h2 class=\"screen-reader-text\">Continue Reading<\/h2>\n<\/nav>\n","protected":false},"excerpt":{"rendered":"<p>Los choferes en las provincias reclaman salarios similares a los del AMBA. La Uni\u00f3n Tranviarios Automotor (UTA) y la Federaci\u00f3n Argentina de Transportadores por Automotor de Pasajeros (Fatap) podr\u00edan suscribir durante la jornada un \u201cacuerdo salarial\u201d que dejar\u00eda sin efecto la continuidad del paro iniciado este marte, que estaba prevista para los d\u00edas jueves y [&hellip;]<\/p>\n","protected":false},"author":1,"featured_media":40550,"comment_status":"closed","ping_status":"closed","sticky":false,"template":"","format":"standard","meta":[],"categories":[2],"tags":[],"_links":{"self":[{"href":"http:\/\/cordobainforma.info\/index.php\/wp-json\/wp\/v2\/posts\/40549"}],"collection":[{"href":"http:\/\/cordobainforma.info\/index.php\/wp-json\/wp\/v2\/posts"}],"about":[{"href":"http:\/\/cordobainforma.info\/index.php\/wp-json\/wp\/v2\/types\/post"}],"author":[{"embeddable":true,"href":"http:\/\/cordobainforma.info\/index.php\/wp-json\/wp\/v2\/users\/1"}],"replies":[{"embeddable":true,"href":"http:\/\/cordobainforma.info\/index.php\/wp-json\/wp\/v2\/comments?post=40549"}],"version-history":[{"count":0,"href":"http:\/\/cordobainforma.info\/index.php\/wp-json\/wp\/v2\/posts\/40549\/revisions"}],"wp:featuredmedia":[{"embeddable":true,"href":"http:\/\/cordobainforma.info\/index.php\/wp-json\/wp\/v2\/media\/40550"}],"wp:attachment":[{"href":"http:\/\/cordobainforma.info\/index.php\/wp-json\/wp\/v2\/media?parent=40549"}],"wp:term":[{"taxonomy":"category","embeddable":true,"href":"http:\/\/cordobainforma.info\/index.php\/wp-json\/wp\/v2\/categories?post=40549"},{"taxonomy":"post_tag","embeddable":true,"href":"http:\/\/cordobainforma.info\/index.php\/wp-json\/wp\/v2\/tags?post=40549"}],"curies":[{"name":"wp","href":"https:\/\/api.w.org\/{rel}","templated":true}]}}