{"id":40547,"date":"2022-05-18T12:47:00","date_gmt":"2022-05-18T12:47:00","guid":{"rendered":"https:\/\/somoscordobeses.com\/2022\/05\/18\/el-censo-nos-permite-pensar-como-podemos-construir-un-mejor-futuro\/"},"modified":"2022-05-18T12:47:00","modified_gmt":"2022-05-18T12:47:00","slug":"el-censo-nos-permite-pensar-como-podemos-construir-un-mejor-futuro","status":"publish","type":"post","link":"http:\/\/cordobainforma.info\/index.php\/2022\/05\/18\/el-censo-nos-permite-pensar-como-podemos-construir-un-mejor-futuro\/","title":{"rendered":"\u201cEl censo nos permite pensar c\u00f3mo podemos construir un mejor futuro\u201d"},"content":{"rendered":"<div>\n<figure><figcaption> El Presidente mantuvo un encuentro con un grupo de censistas en la Casa de Gobierno. Foto: Presidencia. <\/figcaption><\/figure>\n<p> El <strong>presidente Alberto Fern\u00e1ndez <\/strong>afirm\u00f3 este mi\u00e9rcoles que el censo nacional de hogares, poblaci\u00f3n y vivienda 2022, que se realiza hoy en todo el pa\u00eds organizado por el Indec, \u201c<strong>nos permite pensar c\u00f3mo podemos construir un mejor futuro<\/strong>\u201d y subray\u00f3 que resulta \u201ccrucial\u201d la participaci\u00f3n de todos los argentinos.<\/p>\n<p> \u201cHoy realizaremos en todo el pa\u00eds el Censo 2022. Censistas estar\u00e1n visitando a las argentinas y los argentinos para poder conocer nuestro presente. <strong>Es crucial que participemos todas y todos<\/strong>. El #CensoNacional nos permite pensar c\u00f3mo podemos construir un mejor futuro\u201d, expres\u00f3 el mandatario <strong>en su cuenta de Twitter<\/strong>.<\/p>\n<p> La publicaci\u00f3n fue acompa\u00f1ada por un video, con im\u00e1genes del encuentro que mantuvo esta martes el Presidente con un grupo de censistas en la Casa de Gobierno para agradecerles por su tarea e interiorizarse sobre la etapa presencial del censo.<\/p>\n<p> @CJS<br \/>\u201cEl \u00faltimo censo fue el d\u00eda en que perdimos a N\u00e9stor Kirchner, un d\u00eda de enorme tristeza que quedar\u00e1 siempre en mi memoria. Tengo la certeza de que tambi\u00e9n recordare este censo y este d\u00eda como aquel en el que el pueblo argentino uni\u00f3 esfuerzos por un horizonte m\u00e1s certero\u201d, dice la voz en off del Presidente en el video, al recordar el fallecimiento del expresidente, ocurrido el 27 de octubre de 2010 mientras se desarrollaba la jornada del \u00faltimo censo.<\/p>\n<p> El mandatario destac\u00f3, asimismo, que \u201c<strong>el censo es una herramienta muy valiosa, que nos permite saber cuantos somos, c\u00f3mo y d\u00f3nde vivimos, y sobre todo pensar c\u00f3mo podemos vivir mejor<\/strong>\u201c, y agreg\u00f3 que \u201cel censo registra el presente por la Argentina del futuro\u201d.<\/p>\n<p> \u201cNo es una estad\u00edstica, es una pintura de nosotros y nosotras que nos incluye, nos reconoce y abraza nuestra diversidad. Por todo eso, es importante que participemos todos. Al recibir al censista est\u00e1n ejerciendo su deber y derecho c\u00edvico y as\u00ed construir un pa\u00eds mejor\u201d, expres\u00f3 el Presidente.<\/p>\n<p> Fern\u00e1ndez destac\u00f3 adem\u00e1s que <strong>es el primero en el que se \u201ccensar\u00e1 a personas en situaci\u00f3n de calle e incluir\u00e1 preguntas sobre identidad de g\u00e9nero\u201d<\/strong>.<\/p>\n<p> Finalmente, agradeci\u00f3 a todos los que trabajan en el censo y remarc\u00f3 que \u201csu compromiso es fundamental para hacer valer este derecho\u201d.<\/p>\n<p> El censo, del que <strong>participar\u00e1n un total de 650 mil censistas, empez\u00f3 a las 8 en todo el pa\u00eds<\/strong>.<\/p>\n<p> El Ministerio de Transporte oficializ\u00f3 el pase gratuito en transporte p\u00fablico (colectivos y trenes) para todas las personas \u201cdebidamente identificadas como censistas\u201d en el marco del Censo 2022.<\/p>\n<p> En esta edici\u00f3n y por primera vez, se implement\u00f3 la posibilidad de responder la encuesta presencial o completar previamente el formulario digital y entregar el comprobante a los censistas durante la jornada presencial, que se desarrolla hoy. <\/p>\n<\/div>\n<nav class=\"navigation post-navigation\" role=\"navigation\" aria-label=\"Continue Reading\">\n<h2 class=\"screen-reader-text\">Continue Reading<\/h2>\n<\/nav>\n","protected":false},"excerpt":{"rendered":"<p>El Presidente mantuvo un encuentro con un grupo de censistas en la Casa de Gobierno. Foto: Presidencia. El presidente Alberto Fern\u00e1ndez afirm\u00f3 este mi\u00e9rcoles que el censo nacional de hogares, poblaci\u00f3n y vivienda 2022, que se realiza hoy en todo el pa\u00eds organizado por el Indec, \u201cnos permite pensar c\u00f3mo podemos construir un mejor futuro\u201d [&hellip;]<\/p>\n","protected":false},"author":1,"featured_media":40548,"comment_status":"closed","ping_status":"closed","sticky":false,"template":"","format":"standard","meta":[],"categories":[2],"tags":[],"_links":{"self":[{"href":"http:\/\/cordobainforma.info\/index.php\/wp-json\/wp\/v2\/posts\/40547"}],"collection":[{"href":"http:\/\/cordobainforma.info\/index.php\/wp-json\/wp\/v2\/posts"}],"about":[{"href":"http:\/\/cordobainforma.info\/index.php\/wp-json\/wp\/v2\/types\/post"}],"author":[{"embeddable":true,"href":"http:\/\/cordobainforma.info\/index.php\/wp-json\/wp\/v2\/users\/1"}],"replies":[{"embeddable":true,"href":"http:\/\/cordobainforma.info\/index.php\/wp-json\/wp\/v2\/comments?post=40547"}],"version-history":[{"count":0,"href":"http:\/\/cordobainforma.info\/index.php\/wp-json\/wp\/v2\/posts\/40547\/revisions"}],"wp:featuredmedia":[{"embeddable":true,"href":"http:\/\/cordobainforma.info\/index.php\/wp-json\/wp\/v2\/media\/40548"}],"wp:attachment":[{"href":"http:\/\/cordobainforma.info\/index.php\/wp-json\/wp\/v2\/media?parent=40547"}],"wp:term":[{"taxonomy":"category","embeddable":true,"href":"http:\/\/cordobainforma.info\/index.php\/wp-json\/wp\/v2\/categories?post=40547"},{"taxonomy":"post_tag","embeddable":true,"href":"http:\/\/cordobainforma.info\/index.php\/wp-json\/wp\/v2\/tags?post=40547"}],"curies":[{"name":"wp","href":"https:\/\/api.w.org\/{rel}","templated":true}]}}