{"id":40520,"date":"2022-05-18T04:47:10","date_gmt":"2022-05-18T04:47:10","guid":{"rendered":"http:\/\/cordobainforma.info\/index.php\/2022\/05\/18\/la-contaminacion-fue-responsable-de-una-de-cada-seis-muertes-en-el-mundo-en-2019-segun-un-estudio\/"},"modified":"2022-05-18T04:47:10","modified_gmt":"2022-05-18T04:47:10","slug":"la-contaminacion-fue-responsable-de-una-de-cada-seis-muertes-en-el-mundo-en-2019-segun-un-estudio","status":"publish","type":"post","link":"http:\/\/cordobainforma.info\/index.php\/2022\/05\/18\/la-contaminacion-fue-responsable-de-una-de-cada-seis-muertes-en-el-mundo-en-2019-segun-un-estudio\/","title":{"rendered":"La contaminaci\u00f3n fue responsable de una de cada seis muertes en el mundo en 2019, seg\u00fan un estudio"},"content":{"rendered":"<p><img src=\"http:\/\/cordobainforma.info\/wp-content\/uploads\/2022\/05\/la-contaminacion-fue-responsable-de-una-de-cada-seis-muertes-en-el-mundo-en-2019-segun-un-estudio.jpg\"><\/p>\n<div readability=\"32\">\n<p><span>Publicado:<\/span><time class=\"Timestamp-root Timestamp-isBlackColor \" datetime=\"2022-05-18T04:47:10+00:00\"> 18 may 2022 04:47 GMT <\/time><\/p>\n<\/div>\n<div readability=\"38\">\n<p> Richard Fuller, coautor del estudio, se\u00f1ala que, a diferencia del cambio clim\u00e1tico, la malaria o el VIH, a la contaminaci\u00f3n ambiental \u00abno le hemos prestado mucha atenci\u00f3n\u00bb. <\/p>\n<\/div>\n<div readability=\"102.82533279548\">\n<p>La contaminaci\u00f3n fue responsable de la muerte de nueve millones de personas en el mundo en 2019, lo que equivale a&nbsp;<strong>uno de cada seis fallecimientos,&nbsp;<\/strong>seg\u00fan un estudio realizado por la Comisi\u00f3n de Contaminaci\u00f3n y Salud de The Lancet <a href=\"https:\/\/www.thelancet.com\/journals\/lanplh\/article\/PIIS2542-5196(22)00090-0\/fulltext\" target=\"_blank\" rel=\"noopener noreferrer\">publicado<\/a> este martes en&nbsp;The Lancet Planetary Health.<\/p>\n<p>\u00abEstamos sentados en la olla y ardiendo lentamente\u00bb, <a href=\"https:\/\/www.reuters.com\/business\/environment\/pollution-killing-9-million-people-year-africa-hardest-hit-study-2022-05-17\/\" target=\"_blank\" rel=\"noopener noreferrer\">manifest\u00f3<\/a>&nbsp;Richard Fuller, coautor del estudio y director de la organizaci\u00f3n global sin fines de lucro Pure Earth, se\u00f1alando que, a diferencia del cambio clim\u00e1tico, la malaria o el VIH, \u00abno hemos prestado mucha atenci\u00f3n\u00bb a la contaminaci\u00f3n ambiental.<\/p>\n<p>En el informe se da cuenta de que la contaminaci\u00f3n del aire&nbsp;generada por&nbsp;los procesos industriales&nbsp;y la urbanizaci\u00f3n provoc\u00f3 un aumento del 7% en las muertes relacionadas con la contaminaci\u00f3n entre 2015 y 2019.<\/p>\n<p>En tanto, los fallecimientos a causa de&nbsp;contaminantes tradicionales, como el humo o las aguas residuales, est\u00e1n disminuyendo a nivel global pero contin\u00faan siendo un problema en \u00c1frica y en pa\u00edses en desarrollo.&nbsp;<\/p>\n<p>Por otra parte, las muertes ocasionadas por la exposici\u00f3n a contaminantes modernos, como los metales pesados, los agroqu\u00edmicos y las emisiones de combustibles f\u00f3siles, est\u00e1n&nbsp;\u00ab<strong>simplemente dispar\u00e1ndose<\/strong>\u00ab, y han aumentado un 66 % desde 2000, seg\u00fan la coautora del estudio, Rachael Kupka.<\/p>\n<p>Adem\u00e1s, el informe brind\u00f3 una lista con los diez pa\u00edses&nbsp;m\u00e1s afectados por las muertes relacionadas con la contaminaci\u00f3n. La lista la encabeza Chad,&nbsp;seguido por Rep\u00fablica Centroafricana, N\u00edger, Islas Salom\u00f3n, Somalia, Sud\u00e1frica, Corea del Norte, Lesoto, Bulgaria y Burkina Faso.<\/p>\n<div class=\"ReadMore-root Section-root Section-is1to3-xs_is1to1\" data-widgets=\"ReadMore\">\n<div class=\"Section-container Section-isRow-isTop-isWrap\">\n<article class=\"Card-root Card-is1to1 \">\n<div class=\"Card-imageWrap\">\n<div class=\"Card-picture\"> <picture class=\"Picture-root Picture-default\"><!--[if IE 9]><video style=\"display: none;\"><![endif]--><source media=\"(-webkit-min-device-pixel-ratio: 2) and (min-resolution: 120dpi)\" srcset=\"http:\/\/cordobainforma.info\/wp-content\/uploads\/2022\/05\/la-contaminacion-fue-responsable-de-una-de-cada-seis-muertes-en-el-mundo-en-2019-segun-un-estudio-2.jpg 850w, http:\/\/cordobainforma.info\/wp-content\/uploads\/2022\/05\/la-contaminacion-fue-responsable-de-una-de-cada-seis-muertes-en-el-mundo-en-2019-segun-un-estudio-3.jpg 1960w\"><source srcset=\"http:\/\/cordobainforma.info\/wp-content\/uploads\/2022\/05\/la-contaminacion-fue-responsable-de-una-de-cada-seis-muertes-en-el-mundo-en-2019-segun-un-estudio-2.jpg 460w, http:\/\/cordobainforma.info\/wp-content\/uploads\/2022\/05\/la-contaminacion-fue-responsable-de-una-de-cada-seis-muertes-en-el-mundo-en-2019-segun-un-estudio-3.jpg 980w\"><!--[if IE 9]><\/video><![endif]--><img data-sizes=\"auto\" src=\"http:\/\/cordobainforma.info\/wp-content\/uploads\/2022\/05\/la-contaminacion-fue-responsable-de-una-de-cada-seis-muertes-en-el-mundo-en-2019-segun-un-estudio-2.jpg\" class=\"Picture-root Picture-default lazyload\" alt=\"Vivir cerca de sitios de 'fracking' aumenta el riesgo de muerte prematura para los ancianos, seg\u00fan un estudio de EE.UU.\"><\/picture><!-- noscript pattern --><noscript><img src=\"http:\/\/cordobainforma.info\/wp-content\/uploads\/2022\/05\/la-contaminacion-fue-responsable-de-una-de-cada-seis-muertes-en-el-mundo-en-2019-segun-un-estudio-3.jpg\" alt=\"Vivir cerca de sitios de 'fracking' aumenta el riesgo de muerte prematura para los ancianos, seg\u00fan un estudio de EE.UU.\"><\/noscript> <\/div><\/div>\n<\/article><\/div><\/div>\n<h3>Amenaza a la seguridad alimentaria global<\/h3>\n<p>El&nbsp;aumento de los fallecimientos a causa de la contaminaci\u00f3n tambi\u00e9n provoc\u00f3&nbsp;<a href=\"https:\/\/www.france24.com\/en\/live-news\/20220517-pollution-behind-1-in-6-global-deaths-in-2019-study\" target=\"_blank\" rel=\"noopener noreferrer\">p\u00e9rdidas<\/a> econ\u00f3micas por un total de 4.600 billones de d\u00f3lares en 2019, o <strong>alrededor del 6 % de la producci\u00f3n econ\u00f3mica mundial<\/strong>.<\/p>\n<p>A pesar de que los pa\u00edses de ingresos bajos y medianos son los m\u00e1s afectados por las muertes,&nbsp;hay cada vez m\u00e1s pruebas de que la contaminaci\u00f3n llega a las naciones desarrolladas a trav\u00e9s del viento, el agua y la cadena alimentaria.<\/p>\n<p>Los cereales, los mariscos, el chocolate y las verduras producidos en los pa\u00edses en desarrollo para ser exportados a los mercados de las naciones ricas pueden infectarse como resultado de la contaminaci\u00f3n del suelo y el agua con plomo, ars\u00e9nico, cadmio, mercurio y pesticidas. \u00abEsta [situaci\u00f3n] amenaza cada vez m\u00e1s la seguridad alimentaria mundial\u00bb, observ\u00f3 el informe.<\/p>\n<\/div>\n","protected":false},"excerpt":{"rendered":"<p>Publicado: 18 may 2022 04:47 GMT Richard Fuller, coautor del estudio, se\u00f1ala que, a diferencia del cambio clim\u00e1tico, la malaria o el VIH, a la contaminaci\u00f3n ambiental \u00abno le hemos prestado mucha atenci\u00f3n\u00bb. La contaminaci\u00f3n fue responsable de la muerte de nueve millones de personas en el mundo en 2019, lo que equivale a&nbsp;uno de [&hellip;]<\/p>\n","protected":false},"author":1,"featured_media":40521,"comment_status":"closed","ping_status":"closed","sticky":false,"template":"","format":"standard","meta":[],"categories":[22],"tags":[],"_links":{"self":[{"href":"http:\/\/cordobainforma.info\/index.php\/wp-json\/wp\/v2\/posts\/40520"}],"collection":[{"href":"http:\/\/cordobainforma.info\/index.php\/wp-json\/wp\/v2\/posts"}],"about":[{"href":"http:\/\/cordobainforma.info\/index.php\/wp-json\/wp\/v2\/types\/post"}],"author":[{"embeddable":true,"href":"http:\/\/cordobainforma.info\/index.php\/wp-json\/wp\/v2\/users\/1"}],"replies":[{"embeddable":true,"href":"http:\/\/cordobainforma.info\/index.php\/wp-json\/wp\/v2\/comments?post=40520"}],"version-history":[{"count":0,"href":"http:\/\/cordobainforma.info\/index.php\/wp-json\/wp\/v2\/posts\/40520\/revisions"}],"wp:featuredmedia":[{"embeddable":true,"href":"http:\/\/cordobainforma.info\/index.php\/wp-json\/wp\/v2\/media\/40521"}],"wp:attachment":[{"href":"http:\/\/cordobainforma.info\/index.php\/wp-json\/wp\/v2\/media?parent=40520"}],"wp:term":[{"taxonomy":"category","embeddable":true,"href":"http:\/\/cordobainforma.info\/index.php\/wp-json\/wp\/v2\/categories?post=40520"},{"taxonomy":"post_tag","embeddable":true,"href":"http:\/\/cordobainforma.info\/index.php\/wp-json\/wp\/v2\/tags?post=40520"}],"curies":[{"name":"wp","href":"https:\/\/api.w.org\/{rel}","templated":true}]}}