{"id":40514,"date":"2022-05-17T21:09:09","date_gmt":"2022-05-17T21:09:09","guid":{"rendered":"https:\/\/www.mujerhoy.com\/moda\/no-te-pierdas\/isabel-diaz-ayuso-polemica-vestido-sexy-rojo-fucsia-cena-gala-reina-letizia-jequesa-catar-20220517222636-nt.html"},"modified":"2022-05-17T21:09:09","modified_gmt":"2022-05-17T21:09:09","slug":"isabel-diaz-ayuso-repite-con-un-vicky-martin-berrocal-todo-el-mundo-habla-de-su-vestido-sexy-en-la-cena-de-gala-en-honor-al-emir-de-catar","status":"publish","type":"post","link":"http:\/\/cordobainforma.info\/index.php\/2022\/05\/17\/isabel-diaz-ayuso-repite-con-un-vicky-martin-berrocal-todo-el-mundo-habla-de-su-vestido-sexy-en-la-cena-de-gala-en-honor-al-emir-de-catar\/","title":{"rendered":"Isabel D\u00edaz Ayuso repite con un Vicky Mart\u00edn Berrocal: todo el mundo habla de su vestido sexy en la cena de gala en honor al emir de Catar"},"content":{"rendered":"<p><!-- AUTHOR --><!-- COMPONENTS --><\/p>\n<p class=\"voc-paragraph\">Isabel D\u00edaz Ayuso lo ha vuelto a hacer. Su aparici\u00f3n en el besamanos previo a la <strong>cena de gala <\/strong>en honor al jeque Tamim Bin Hamad Al Thani, emir del Estado de Catar, y la jequesa Jawaher Bint Hamad Bin Suhaim Al Thani casi ha eclipsado a la misma reina Letizia. No hablamos de elegancia, pues la reina ha vuelto a dar una <strong>lecci\u00f3n de precisi\u00f3n <\/strong>innegable, sino de ese fresco atrevimiento que tanto caracteriza a la presidenta de la Comunidad de Madrid. <a data-voc-vtm-id=\"in-text-traffic\" href=\"https:\/\/www.mujerhoy.com\/moda\/no-te-pierdas\/isabel-diaz-ayuso-americana-blanca-zara-el-corte-ingles-hym-20220218111603-nt.html\">Isabel D\u00edaz Ayuso<\/a>, probablemente una de las invitadas m\u00e1s j\u00f3venes a la cena celebrada en el imponente Palacio Real, eligi\u00f3 para la ocasi\u00f3n un ce\u00f1ido vestido rojo y fucsia que apenas dejaba <strong>nada a la imaginaci\u00f3n<\/strong>. Con una silueta absolutamente pegada al cuerpo y un escote que dejaba todo un hombro al aire, la presidenta se convirti\u00f3 en una de las pocas mujeres que no tuvieron en consideraci\u00f3n la etiqueta modesta que la cultura \u00e1rabe destina a las mujeres. Su look francamente llamativo est\u00e1 dise\u00f1ado por <a data-voc-vtm-id=\"in-text-traffic\" href=\"https:\/\/www.mujerhoy.com\/moda\/no-te-pierdas\/vestido-made-spain-isabel-diaz-ayuso-victoria-coleccion-vicky-martin-berrocal-corte-femenino-favorecedor-20220502150733-nt.html\">Vicky Mart\u00edn Berrocal<\/a>.\n<\/p>\n<div class=\"voc-detail__cmp\">\n<div class=\"voc-grouper-related__wrapper\">\n<section class=\"voc-grouper-related voc-detail-section voc-detail-section--bdr-bottom\">\n<h4 class=\"voc-grouper-related-title voc-title-section voc-title-section--underline\"> TAMBI\u00c9N TE INTERESA <\/h4>\n<div class=\"voc-grouper-related__grid voc-grid voc-grid--2-cols\">\n<div class=\"voc-article-container\">\n<article class=\"voc-article voc-article--cmp-related voc-article--cmp-related--2-cols voc-article--photo-left voc-home-tit-st \">\n<div class=\"voc-img-container \"><picture><a href=\"https:\/\/www.mujerhoy.com\/moda\/no-te-pierdas\/vestidos-cut-out-parecido-reina-letizia-zara-hym-bershka-stradivarius-truco-favorece-rejuvenece-tendencia-20220511004734-ga.html#vca=modulos&amp;vso=mujerhoy&amp;vmc=noticias-rel-cmp&amp;vli=no%20te%20pierdas\" class=\"voc-horizontal voc-img-icon-link\"><img alt=\"Isabel D\u00edaz Ayuso se une a la moda de ense\u00f1ar tripa como la reina Letizia con este top crop de flores y un look rejuvenecedor\" class=\"lazy\" loading=\"lazy\" data-original=\" \/\/static1.mujerhoy.com\/www\/multimedia\/202205\/14\/media\/cortadas\/isabel-diaz-ayuso-look-rejuvenecedor-kVcC-U17090927773rtF-624x624@MujerHoy.jpg \"><\/a><\/picture><\/div>\n<\/article>\n<\/div>\n<div class=\"voc-article-container\">\n<article class=\"voc-article voc-article--cmp-related voc-article--cmp-related--2-cols voc-article--photo-left voc-home-tit-st \">\n<div class=\"voc-img-container \"><picture><a href=\"https:\/\/www.mujerhoy.com\/moda\/no-te-pierdas\/isabel-diaz-ayuso-vestido-estampado-original-firma-francesa-look-atrevido-sorprendente-20220515135041-nt.html#vca=modulos&amp;vso=mujerhoy&amp;vmc=noticias-rel-cmp&amp;vli=no%20te%20pierdas\" class=\"voc-horizontal voc-img-icon-link\"><img alt=\"Ficha el original y sorprendente vestido con el que se ha atrevido Isabel D\u00edaz Ayuso para la celebraci\u00f3n de San Isidro\" class=\"lazy\" loading=\"lazy\" data-original=\" \/\/static1.mujerhoy.com\/www\/multimedia\/202205\/15\/media\/cortadas\/look-isabel-diaz-ayuso-kBE-U170100695498I2-624x624@MujerHoy.jpg \"><\/a><\/picture><\/div>\n<\/article>\n<\/div>\n<\/div>\n<\/section>\n<\/div>\n<\/div>\n<p class=\"voc-paragraph\">No es habitual que Isabel D\u00edaz Ayuso elija un vestido con una silueta <strong>tan escueta<\/strong> para sus actos de gala, aunque es cierto que recientemente ha ido sustituyendo sus conocidas faldas de vuelo por vestidos con faldas tubo e incluso alguna transparencia. Sin duda, se siente <strong>empoderada y fit<\/strong>, algo que se puede comprobar cent\u00edmetro a cent\u00edmetros gracias a un dise\u00f1o de la sevillana <strong>Vicky Mart\u00edn Berrocal<\/strong>, su favorita para este tipo de acontecimientos de etiqueta. El vestido largo, con falda roja liger\u00edsimamente evas\u00e9 a los pies, destaca por un cuerpo fucsia claramente inspirado en la <strong>Grecia cl\u00e1sica<\/strong>. Drapeado y con un hombro al descubierto, favorec\u00eda extraordinariamente la complexi\u00f3n de la presidenta de la Comunidad de Madrid.\n<\/p>\n<div class=\"voc-detail-photo-zoom\"><picture data-toggle=\"modal\" data-target=\"#photoZoomModal-728\" target=\"modal\">\n<div class=\"voc-img-icon-link\"><img loading=\"lazy\" data-original=\"\/\/static3.mujerhoy.com\/www\/multimedia\/202205\/17\/media\/cortadas\/isabel-diaz-ayuso-cena-gala-catar-letizia-kBN--460x637@MujerHoy.jpg\" class=\"lazy\"><noscript><img src=\"http:\/\/cordobainforma.info\/wp-content\/uploads\/2022\/05\/isabel-diaz-ayuso-repite-con-un-vicky-martin-berrocal-todo-el-mundo-habla-de-su-vestido-sexy-en-la-cena-de-gala-en-honor-al-emir-de-catar.jpg\"><\/noscript><i class=\"voc-icons zoom voc-multimedia-box voc-ico-l\"><\/i><\/div><figcaption class=\"figure-caption\"><\/figcaption><\/picture><\/div>\n<div id=\"photoZoomModal-728\" class=\"voc-lightbox modal fade voc-lightbox--photo-zoom\" role=\"dialog\" data-voc-photozoom-lightbox>\n<div class=\"voc-lightbox__dialog\" role=\"document\">\n<div class=\"voc-lightbox__content\"><!-- Modal header --><\/p>\n<header class=\"voc-lightbox__header\"><span class=\"voc-lightbox__title\"><\/span><\/header>\n<p><!-- Modal content --><\/p>\n<div class=\"voc-lightbox__photo-container\"><picture class><img loading=\"lazy\" data-original=\"\/\/static3.mujerhoy.com\/www\/multimedia\/202205\/17\/media\/cortadas\/isabel-diaz-ayuso-cena-gala-catar-letizia-kBN--460x637@MujerHoy.jpg\" class=\"lazy\"><noscript><img src=\"http:\/\/cordobainforma.info\/wp-content\/uploads\/2022\/05\/isabel-diaz-ayuso-repite-con-un-vicky-martin-berrocal-todo-el-mundo-habla-de-su-vestido-sexy-en-la-cena-de-gala-en-honor-al-emir-de-catar.jpg\"><\/noscript><\/picture><\/div>\n<\/div>\n<\/div>\n<\/div>\n<p class=\"voc-paragraph\">Este vestido de Vicky Mart\u00edn Berrocal a\u00fan est\u00e1 disponible en la tienda online de Victoria Collection, aunque solo se lo podr\u00e1n llevar las fans de Isabel D\u00edaz Ayuso que tengan la talla 36, la \u00fanica que queda. Se trata de un dise\u00f1o confeccionado en<br \/>\n<strong> punto de seda <\/strong>con el hombro izquierdo descubierto y cuerpo drapeado que envuelve el derecho. No es demasiado caro, cuesta 295 euros, y como todas las prendas de Vicky Mart\u00edn Berrocal est\u00e1 hecho a mano y en Espa\u00f1a. Solo le podemos poner una pega a este <strong>look atrevido <\/strong>pero s\u00faper favorecedor que D\u00edaz Ayuso lleva como nadie: ese bolso de mano planteado que, sin estropear el conjunto, no nos termina de convencer. Una minucia.\n<\/p>\n<div class=\"voc-detail__cmp\">\n<div class=\"voc-grouper-related__wrapper\">\n<section class=\"voc-grouper-related voc-detail-section voc-detail-section--bdr-bottom\">\n<h4 class=\"voc-grouper-related-title voc-title-section voc-title-section--underline\"> TE RECOMENDAMOS <\/h4>\n<div class=\"voc-grouper-related__grid voc-grid voc-grid--2-cols\">\n<div class=\"voc-article-container\">\n<article class=\"voc-article voc-article--cmp-related voc-article--cmp-related--2-cols voc-article--photo-left voc-home-tit-st \">\n<div class=\"voc-img-container \"><picture><a href=\"https:\/\/www.mujerhoy.com\/actualidad\/isabel-diaz-ayuso-dimision-foto-polemica-chaqueta-blanca-20220217171548-nt.html#vca=modulos&amp;vso=mujerhoy&amp;vmc=noticias-rel-cmp&amp;vli=no%20te%20pierdas\" class=\"voc-horizontal voc-img-icon-link\"><img alt=\"Por qu\u00e9 Isabel D\u00edaz Ayuso elige para su batalla m\u00e1s importante la chaqueta que acab\u00f3 con Cristina Cifuentes\" class=\"lazy\" loading=\"lazy\" data-original=\" \/\/static2.mujerhoy.com\/www\/multimedia\/202202\/17\/media\/cortadas\/isabel-diaz-ayuso-escandalo-foto-polemica-chaqueta-kaZG-U1601019951518paB-624x624@MujerHoy.jpg \"><\/a><\/picture><\/div>\n<\/article>\n<\/div>\n<div class=\"voc-article-container\">\n<article class=\"voc-article voc-article--cmp-related voc-article--cmp-related--2-cols voc-article--photo-left voc-home-tit-st \">\n<div class=\"voc-img-container \"><picture><a href=\"https:\/\/www.mujerhoy.com\/moda\/no-te-pierdas\/isabel-diaz-ayuso-capa-negra-zara-copia-reina-letizia-look-espectacular-barato-20220316095437-nt.html#vca=modulos&amp;vso=mujerhoy&amp;vmc=noticias-rel-cmp&amp;vli=no%20te%20pierdas\" class=\"voc-horizontal voc-img-icon-link\"><img alt=\"No hab\u00edamos hablado del espectacular look de Isabel D\u00edaz Ayuso con la capa de Zara que le ha copiado a la reina Letizia\" class=\"lazy\" loading=\"lazy\" data-original=\" \/\/static2.mujerhoy.com\/www\/multimedia\/202203\/16\/media\/cortadas\/isabel-diaz-ayuso-look-zara-kWcC-U16013318305391eC-624x624@MujerHoy.jpg \"><\/a><\/picture><\/div>\n<\/article>\n<\/div>\n<\/div>\n<\/section>\n<\/div>\n<\/div>\n<p><!-- TOPICS --><\/p>\n","protected":false},"excerpt":{"rendered":"<p>Isabel D\u00edaz Ayuso lo ha vuelto a hacer. Su aparici\u00f3n en el besamanos previo a la cena de gala en honor al jeque Tamim Bin Hamad Al Thani, emir del Estado de Catar, y la jequesa Jawaher Bint Hamad Bin Suhaim Al Thani casi ha eclipsado a la misma reina Letizia. No hablamos de elegancia, [&hellip;]<\/p>\n","protected":false},"author":1,"featured_media":40515,"comment_status":"closed","ping_status":"closed","sticky":false,"template":"","format":"standard","meta":[],"categories":[24],"tags":[],"_links":{"self":[{"href":"http:\/\/cordobainforma.info\/index.php\/wp-json\/wp\/v2\/posts\/40514"}],"collection":[{"href":"http:\/\/cordobainforma.info\/index.php\/wp-json\/wp\/v2\/posts"}],"about":[{"href":"http:\/\/cordobainforma.info\/index.php\/wp-json\/wp\/v2\/types\/post"}],"author":[{"embeddable":true,"href":"http:\/\/cordobainforma.info\/index.php\/wp-json\/wp\/v2\/users\/1"}],"replies":[{"embeddable":true,"href":"http:\/\/cordobainforma.info\/index.php\/wp-json\/wp\/v2\/comments?post=40514"}],"version-history":[{"count":0,"href":"http:\/\/cordobainforma.info\/index.php\/wp-json\/wp\/v2\/posts\/40514\/revisions"}],"wp:featuredmedia":[{"embeddable":true,"href":"http:\/\/cordobainforma.info\/index.php\/wp-json\/wp\/v2\/media\/40515"}],"wp:attachment":[{"href":"http:\/\/cordobainforma.info\/index.php\/wp-json\/wp\/v2\/media?parent=40514"}],"wp:term":[{"taxonomy":"category","embeddable":true,"href":"http:\/\/cordobainforma.info\/index.php\/wp-json\/wp\/v2\/categories?post=40514"},{"taxonomy":"post_tag","embeddable":true,"href":"http:\/\/cordobainforma.info\/index.php\/wp-json\/wp\/v2\/tags?post=40514"}],"curies":[{"name":"wp","href":"https:\/\/api.w.org\/{rel}","templated":true}]}}