{"id":40437,"date":"2022-05-17T04:24:06","date_gmt":"2022-05-17T04:24:06","guid":{"rendered":"http:\/\/cordobainforma.info\/index.php\/2022\/05\/17\/grecia-anuncia-que-cooperara-con-estados-unidos-y-adquirira-aviones-de-combate-f-35\/"},"modified":"2022-05-17T04:24:06","modified_gmt":"2022-05-17T04:24:06","slug":"grecia-anuncia-que-cooperara-con-estados-unidos-y-adquirira-aviones-de-combate-f-35","status":"publish","type":"post","link":"http:\/\/cordobainforma.info\/index.php\/2022\/05\/17\/grecia-anuncia-que-cooperara-con-estados-unidos-y-adquirira-aviones-de-combate-f-35\/","title":{"rendered":"Grecia anuncia que cooperar\u00e1 con Estados Unidos y adquirir\u00e1 aviones de combate F-35"},"content":{"rendered":"<p><img src=\"http:\/\/cordobainforma.info\/wp-content\/uploads\/2022\/05\/grecia-anuncia-que-cooperara-con-estados-unidos-y-adquirira-aviones-de-combate-f-35.jpg\"><\/p>\n<div readability=\"32\">\n<p><span>Publicado:<\/span><time class=\"Timestamp-root Timestamp-isBlackColor \" datetime=\"2022-05-17T04:24:06+00:00\"> 17 may 2022 04:24 GMT <\/time><\/p>\n<\/div>\n<div readability=\"35\">\n<p> Atenas, dijo Kyriakos Mitsotakis, espera \u00abpoder agregar este fant\u00e1stico avi\u00f3n a la flota de la Fuerza A\u00e9rea griega antes de que finalice esta d\u00e9cada\u00bb. <\/p>\n<\/div>\n<div readability=\"77.997179125529\">\n<p>El primer ministro griego, Kyriakos Mitsotakis, anunci\u00f3 este lunes, durante una conferencia de prensa conjunta con el presidente estadounidense, Joe Biden, que su pa\u00eds adquirir\u00e1 aviones de combate polivalentes de quinta generaci\u00f3n F-35, en el marco de la cooperaci\u00f3n en materia de defensa entre Estados Unidos y Grecia, <a href=\"https:\/\/www.protothema.gr\/politics\/article\/1244057\/minumata-baiden-kai-mitsotaki-pros-rosia\/\" target=\"_blank\" rel=\"noopener noreferrer\">recogen<\/a> medios locales.<\/p>\n<p>\u00abContinuaremos la cooperaci\u00f3n a largo plazo entre nuestras industrias de defensa\u00bb, indic\u00f3 Mitsotakis,&nbsp;al detallar que su pa\u00eds iniciar\u00e1 \u00abel proceso de adquisici\u00f3n de todo un escuadr\u00f3n\u00bb de esas aeronaves de combate.<\/p>\n<div class=\"ReadMore-root Section-root Section-is1to3-xs_is1to1\" data-widgets=\"ReadMore\">\n<div class=\"Section-container Section-isRow-isTop-isWrap\">\n<article class=\"Card-root Card-is1to1 \">\n<div class=\"Card-imageWrap\">\n<div class=\"Card-picture\"> <picture class=\"Picture-root Picture-default\"><!--[if IE 9]><video style=\"display: none;\"><![endif]--><source media=\"(-webkit-min-device-pixel-ratio: 2) and (min-resolution: 120dpi)\" srcset=\"http:\/\/cordobainforma.info\/wp-content\/uploads\/2022\/05\/grecia-anuncia-que-cooperara-con-estados-unidos-y-adquirira-aviones-de-combate-f-35-2.jpg 850w, http:\/\/cordobainforma.info\/wp-content\/uploads\/2022\/05\/grecia-anuncia-que-cooperara-con-estados-unidos-y-adquirira-aviones-de-combate-f-35-3.jpg 1960w\"><source srcset=\"http:\/\/cordobainforma.info\/wp-content\/uploads\/2022\/05\/grecia-anuncia-que-cooperara-con-estados-unidos-y-adquirira-aviones-de-combate-f-35-2.jpg 460w, http:\/\/cordobainforma.info\/wp-content\/uploads\/2022\/05\/grecia-anuncia-que-cooperara-con-estados-unidos-y-adquirira-aviones-de-combate-f-35-3.jpg 980w\"><!--[if IE 9]><\/video><![endif]--><img data-sizes=\"auto\" src=\"http:\/\/cordobainforma.info\/wp-content\/uploads\/2022\/05\/grecia-anuncia-que-cooperara-con-estados-unidos-y-adquirira-aviones-de-combate-f-35-2.jpg\" class=\"Picture-root Picture-default lazyload\" alt=\"Turqu\u00eda aclara sus planes respecto a los misiles Patriot y cazas F-35 de EE.UU.\"><\/picture><!-- noscript pattern --><noscript><img src=\"http:\/\/cordobainforma.info\/wp-content\/uploads\/2022\/05\/grecia-anuncia-que-cooperara-con-estados-unidos-y-adquirira-aviones-de-combate-f-35-3.jpg\" alt=\"Turqu\u00eda aclara sus planes respecto a los misiles Patriot y cazas F-35 de EE.UU.\"><\/noscript> <\/div><\/div>\n<\/article><\/div><\/div>\n<p>\u00abEsperamos incorporar este fant\u00e1stico avi\u00f3n a la flota de la Fuerza A\u00e9rea griega antes de que finalice esta d\u00e9cada\u00bb, dijo al informar que el pasado viernes la compa\u00f1\u00eda estadounidense Lockheed Martin hab\u00eda manifestado \u00abformalmente su inter\u00e9s de invertir\u00bb en la empresa local Industria Aeroespacial Hel\u00e9nica (HAI, por sus siglas en ingl\u00e9s).<\/p>\n<p>\u00abLos lazos que nos conectan, los lazos entre Estados Unidos y Grecia, van mucho m\u00e1s all\u00e1 de nuestra historia, seguridad y defensa comunes\u00bb, coment\u00f3 el mandatario griego, y a\u00f1adi\u00f3 que eso \u00ababarca muchos campos, desde el comercio hasta el turismo y desde la tecnolog\u00eda hasta los intercambios culturales\u00bb.<\/p>\n<p>Seg\u00fan medios locales, se&nbsp;<a href=\"https:\/\/www.protothema.gr\/world\/article\/1244068\/mitsotakis-se-baiden-i-ellada-thelei-na-agorasei-mia-moira-f-35\/\" target=\"_blank\" rel=\"noopener noreferrer\">prev\u00e9<\/a>&nbsp;que el acuerdo de adquisici\u00f3n de los aviones F-35&nbsp;se concrete&nbsp;a partir de 2028, a\u00f1o&nbsp;que marcar\u00e1 el cese de la modernizaci\u00f3n de los aviones F-16 griegos.<\/p>\n<p>Tambi\u00e9n se menciona que el acuerdo referente a la entrada oficial de Lockheed Martin en la industria aeron\u00e1utica griega ser\u00e1 mediante un paquete minoritario. El gobierno de Grecia tendr\u00e1 el control y la mayor\u00eda de la participaci\u00f3n de HAI, pero la compa\u00f1\u00eda estadounidense, que actualmente coopera con ella para la construcci\u00f3n de partes de los aviones F-16 y C-130, tendr\u00e1 un papel m\u00e1s activo en el sector aeron\u00e1utico griego.&nbsp;<\/p>\n<ul>\n<li>En 2019, el Pent\u00e1gono <a href=\"https:\/\/actualidad.rt.com\/actualidad\/321386-pentagono-eliminar-turquia-programa-f35\" target=\"_blank\" rel=\"noopener noreferrer\">expuls\u00f3<\/a> a Turqu\u00eda del programa de aviones de combate F-35, en respuesta a la <a href=\"https:\/\/actualidad.rt.com\/actualidad\/377097-turquia-duplicar-produccion-industria-defensa-sanciones-eeuu-s400\" target=\"_blank\" rel=\"noopener noreferrer\">compra<\/a> por parte de Ankara de sistemas de defensa a\u00e9reos S-400, de fabricaci\u00f3n rusa, situaci\u00f3n que abri\u00f3 una oportunidad para que Grecia participara en el programa.<\/li>\n<\/ul>\n<\/div>\n","protected":false},"excerpt":{"rendered":"<p>Publicado: 17 may 2022 04:24 GMT Atenas, dijo Kyriakos Mitsotakis, espera \u00abpoder agregar este fant\u00e1stico avi\u00f3n a la flota de la Fuerza A\u00e9rea griega antes de que finalice esta d\u00e9cada\u00bb. El primer ministro griego, Kyriakos Mitsotakis, anunci\u00f3 este lunes, durante una conferencia de prensa conjunta con el presidente estadounidense, Joe Biden, que su pa\u00eds adquirir\u00e1 [&hellip;]<\/p>\n","protected":false},"author":1,"featured_media":40438,"comment_status":"closed","ping_status":"closed","sticky":false,"template":"","format":"standard","meta":[],"categories":[22],"tags":[],"_links":{"self":[{"href":"http:\/\/cordobainforma.info\/index.php\/wp-json\/wp\/v2\/posts\/40437"}],"collection":[{"href":"http:\/\/cordobainforma.info\/index.php\/wp-json\/wp\/v2\/posts"}],"about":[{"href":"http:\/\/cordobainforma.info\/index.php\/wp-json\/wp\/v2\/types\/post"}],"author":[{"embeddable":true,"href":"http:\/\/cordobainforma.info\/index.php\/wp-json\/wp\/v2\/users\/1"}],"replies":[{"embeddable":true,"href":"http:\/\/cordobainforma.info\/index.php\/wp-json\/wp\/v2\/comments?post=40437"}],"version-history":[{"count":0,"href":"http:\/\/cordobainforma.info\/index.php\/wp-json\/wp\/v2\/posts\/40437\/revisions"}],"wp:featuredmedia":[{"embeddable":true,"href":"http:\/\/cordobainforma.info\/index.php\/wp-json\/wp\/v2\/media\/40438"}],"wp:attachment":[{"href":"http:\/\/cordobainforma.info\/index.php\/wp-json\/wp\/v2\/media?parent=40437"}],"wp:term":[{"taxonomy":"category","embeddable":true,"href":"http:\/\/cordobainforma.info\/index.php\/wp-json\/wp\/v2\/categories?post=40437"},{"taxonomy":"post_tag","embeddable":true,"href":"http:\/\/cordobainforma.info\/index.php\/wp-json\/wp\/v2\/tags?post=40437"}],"curies":[{"name":"wp","href":"https:\/\/api.w.org\/{rel}","templated":true}]}}