{"id":40375,"date":"2022-05-15T18:55:00","date_gmt":"2022-05-15T18:55:00","guid":{"rendered":"https:\/\/ahora.com.ar\/espana-lucho-suarez-se-va-del-atletico-madrid-n4263883"},"modified":"2022-05-15T18:55:00","modified_gmt":"2022-05-15T18:55:00","slug":"espana-lucho-suarez-se-va-del-atletico-madrid","status":"publish","type":"post","link":"http:\/\/cordobainforma.info\/index.php\/2022\/05\/15\/espana-lucho-suarez-se-va-del-atletico-madrid\/","title":{"rendered":"Espa\u00f1a: \u00abLucho\u00bb Su\u00e1rez se va del Atl\u00e9tico Madrid"},"content":{"rendered":"<div><img src=\"http:\/\/cordobainforma.info\/wp-content\/uploads\/2022\/05\/espana-lucho-suarez-se-va-del-atletico-madrid.jpg\" class=\"ff-og-image-inserted\"><\/div>\n<div id=\"article-post\">\n<header class=\"article-info-wrapper\" readability=\"28.660899653979\">\n<p> <span class=\"fecha-detallenota\">15 de mayo de 2022 &#8211; 15:05<\/span><\/p>\n<p class=\"interiorCopete\"> El uruguayo no seguir\u00e1 en el equipo que milita en la Liga de Espa\u00f1a, que le rendir\u00e1 homenaje a su paso por el club, donde sali\u00f3 campe\u00f3n la temporada pasada <\/p>\n<\/header><\/div>\n<div id=\"article-post\">\n<div class=\"cuerpo\" data-twitter-link=\"https:\/\/twitter.com\/intent\/tweet?url=https:\/\/ahora.com.ar\/c4263883&amp;via=NueveLitoral&amp;related=Ahora&amp;text=\" readability=\"10.629807692308\">\n<p class=\"capital\"><strong>Atl\u00e9tico Madrid, equipo de la Liga de <a href=\"https:\/\/ahora.com.ar\/espana-a9129\" class=\"agrupador\" rel=\"9129\">Espa\u00f1a<\/a>, <\/strong>hizo oficial este domingo lo que ya se especulaba: el uruguayo <strong>Luis Su\u00e1rez termina contrato en junio y no continuar\u00e1 <\/strong>en el equipo conducido por <strong>Diego Simeone<\/strong>.<\/p>\n<\/div><\/div>\n<div id=\"article-post\">\n<div class=\"cuerpo\" data-twitter-link=\"https:\/\/twitter.com\/intent\/tweet?url=https:\/\/ahora.com.ar\/c4263883&amp;via=NueveLitoral&amp;related=Ahora&amp;text=\" readability=\"21.308743169399\">\n<p>En la previa del encuentro ante <strong>Sevilla<\/strong>, Atl\u00e9tico Madrid comunic\u00f3 que <em>Lucho<\/em> no seguir\u00e1 y en la misma publicaci\u00f3n anunci\u00f3 que tampoco continuar\u00e1 en el <em>Colchonero<\/em> el mexicano <strong>H\u00e9ctor Herrera.<\/strong><\/p>\n<p>La intenci\u00f3n de Luis Su\u00e1rez -35 a\u00f1os- es <strong>continuar en alg\u00fan club de Europa<\/strong>, m\u00e1s all\u00e1 de que tambi\u00e9n al <em>Pistolero<\/em> se lo relaciona con la posibilidad de finalizar su carrera en la MLS de <a href=\"https:\/\/ahora.com.ar\/estados-unidos-a9043\" class=\"agrupador\" rel=\"9043\">Estados Unidos<\/a>.<\/p>\n<p>Incluso, hace unos d\u00edas desde Espa\u00f1a <strong>especularon con una posible vuelta a <a href=\"https:\/\/ahora.com.ar\/barcelona-a14442\" class=\"agrupador\" rel=\"14442\">Barcelona<\/a><\/strong>. Seg\u00fan el canal <em> Mega,<\/em> Su\u00e1rez se ofreci\u00f3 a bajar sus pretensiones econ\u00f3micas y volver al equipo catal\u00e1n, de donde se fue hace menos de dos a\u00f1os porque seg\u00fan la dirigencia del club Cul\u00e9 \u00abera mayor y ya no pod\u00eda jugar al m\u00e1ximo nivel\u00bb.<\/p>\n<\/div><\/div>\n","protected":false},"excerpt":{"rendered":"<p>15 de mayo de 2022 &#8211; 15:05 El uruguayo no seguir\u00e1 en el equipo que milita en la Liga de Espa\u00f1a, que le rendir\u00e1 homenaje a su paso por el club, donde sali\u00f3 campe\u00f3n la temporada pasada Atl\u00e9tico Madrid, equipo de la Liga de Espa\u00f1a, hizo oficial este domingo lo que ya se especulaba: el [&hellip;]<\/p>\n","protected":false},"author":1,"featured_media":40376,"comment_status":"closed","ping_status":"closed","sticky":false,"template":"","format":"standard","meta":[],"categories":[20],"tags":[],"_links":{"self":[{"href":"http:\/\/cordobainforma.info\/index.php\/wp-json\/wp\/v2\/posts\/40375"}],"collection":[{"href":"http:\/\/cordobainforma.info\/index.php\/wp-json\/wp\/v2\/posts"}],"about":[{"href":"http:\/\/cordobainforma.info\/index.php\/wp-json\/wp\/v2\/types\/post"}],"author":[{"embeddable":true,"href":"http:\/\/cordobainforma.info\/index.php\/wp-json\/wp\/v2\/users\/1"}],"replies":[{"embeddable":true,"href":"http:\/\/cordobainforma.info\/index.php\/wp-json\/wp\/v2\/comments?post=40375"}],"version-history":[{"count":0,"href":"http:\/\/cordobainforma.info\/index.php\/wp-json\/wp\/v2\/posts\/40375\/revisions"}],"wp:featuredmedia":[{"embeddable":true,"href":"http:\/\/cordobainforma.info\/index.php\/wp-json\/wp\/v2\/media\/40376"}],"wp:attachment":[{"href":"http:\/\/cordobainforma.info\/index.php\/wp-json\/wp\/v2\/media?parent=40375"}],"wp:term":[{"taxonomy":"category","embeddable":true,"href":"http:\/\/cordobainforma.info\/index.php\/wp-json\/wp\/v2\/categories?post=40375"},{"taxonomy":"post_tag","embeddable":true,"href":"http:\/\/cordobainforma.info\/index.php\/wp-json\/wp\/v2\/tags?post=40375"}],"curies":[{"name":"wp","href":"https:\/\/api.w.org\/{rel}","templated":true}]}}