{"id":40371,"date":"2022-05-15T23:23:00","date_gmt":"2022-05-15T23:23:00","guid":{"rendered":"https:\/\/somoscordobeses.com\/2022\/05\/15\/alberto-fernandez-evalua-pedir-un-credito-para-pagar-1-6-millones-por-la-fiesta-en-olivos\/"},"modified":"2022-05-15T23:23:00","modified_gmt":"2022-05-15T23:23:00","slug":"alberto-fernandez-evalua-pedir-un-credito-para-pagar-1-6-millones-por-la-fiesta-en-olivos","status":"publish","type":"post","link":"http:\/\/cordobainforma.info\/index.php\/2022\/05\/15\/alberto-fernandez-evalua-pedir-un-credito-para-pagar-1-6-millones-por-la-fiesta-en-olivos\/","title":{"rendered":"Alberto Fern\u00e1ndez eval\u00faa pedir un cr\u00e9dito para pagar $1.6 millones por la fiesta en Olivos"},"content":{"rendered":"<div>\n<p> Alberto Fern\u00e1ndez ofreci\u00f3 donar $1.600.000 para cerrar la causa de la fiesta en Olivos y ahora, desde su entorno aseguraron a<strong> Clar\u00edn <\/strong>que eval\u00faa sacar un cr\u00e9dito bancario o firmar un mutuo para hacer frente al pago en caso de ser homologado por el juez Lino Mirabelli.<\/p>\n<p> El Presidente de la Naci\u00f3n busca que se cierre la causa en la que est\u00e1 imputado por la fiesta en la quinta de Olivos con una compensaci\u00f3n econ\u00f3mica de $ 1,6 millones. Ese fue el monto que le ofreci\u00f3 al fiscal Fernando Dom\u00ednguez. Ser\u00e1 el juez Lino Mirabelli quien deber\u00e1 decidir si acepta el acuerdo de Alberto Fern\u00e1ndez para cerrar el expediente. Fabiola Ya\u00f1ez tambi\u00e9n present\u00f3 una propuesta para intentar cancelar la causa por $ 1,4 millones.<\/p>\n<p> \u00bfC\u00f3mo har\u00e1 para pagar en caso de que el juez homologue ambos acuerdos? Seg\u00fan indicaron a Clar\u00edn fuentes allegadas a la primera dama y al Presidente, se analiza pedir un cr\u00e9dito o firmar un mutuo con personas que puedan firmar la ayuda financiera. \u201cSon las opciones bajo an\u00e1lisis y las dos v\u00edas m\u00e1s factible\u201d, dijeron.<\/p>\n<p>Alberto Fern\u00e1ndez, cuando present\u00f3 su declaraci\u00f3n jurada ante la OA -que dirige Felix Crous- mostr\u00f3 una mejora en su patrimonio. Cuando en 2019 oficializ\u00f3 su candidatura, sostuvo que ten\u00eda bienes por 3.890.069&nbsp;de pesos.<\/p>\n<p> Mejorando aquella cifra, pero sin poder ganarle a la inflaci\u00f3n, el jefe de Estado declar\u00f3 en 2021 una fortuna de poco m\u00e1s de 5,7 millones de pesos.<\/p>\n<p> No hubo modificaciones en la conformaci\u00f3n de su patrimonio y tampoco un incremento de grandes dimensiones. El Presidente que consign\u00f3 a Fabiola Ya\u00f1ez como conviviente, declar\u00f3 tener una casa valuada en 2.024.218,71 pesos, ubicada en la Ciudad de Buenos Aires.<\/p>\n<p> Desde su entorno indican que pese al patrimonio declarado, analiza requerir un cr\u00e9dito para cubrir la reparaci\u00f3n integral de tres millones de pesos que representan lo ofrecido por \u00e9l y por Ya\u00f1ez.<\/p>\n<p> La causa judicial sobre la fiesta en la quinta presidencial de Olivos en plena cuarentena, transita sus horas finales. En los \u00faltimos meses el juez federal Lino Mirabelli aval\u00f3 el acuerdo de reparaci\u00f3n econ\u00f3mica de una de las personas imputadas en el caso.<\/p>\n<p> Cuando el magistrado homolog\u00f3 el primer acuerdo econ\u00f3mico realizado en el marco del expediente, abri\u00f3 el camino para los dem\u00e1s acusados. Ese primer acuerdo se hab\u00eda firmado con la vestuarista de Fabiola Ya\u00f1ez, Carolina Marafioti y el fiscal Fernando Dom\u00ednguez.<\/p>\n<p> En aquel acuerdo, el juez hab\u00eda dicho \u201crepare integralmente el perjuicio ocasionado, mediante el pago de la suma de 200.000 pesos, importe que deber\u00e1 integrar, dentro del t\u00e9rmino de cinco d\u00edas, destinado al Hospital Provincial Petrona V. de Cordero, sito en la localidad de San Fernando\u201d.<\/p>\n<p> La medida abri\u00f3 el camino para que los dem\u00e1s acusados soliciten ser sobrese\u00eddos tras un acuerdo financiero. Alberto Fern\u00e1ndez realiz\u00f3 su oferta econ\u00f3mica recientemente, y Fabiola Ya\u00f1ez, siguiendo la misma estrategia al d\u00eda siguiente, realiz\u00f3 una propuesta para que se cierre la primera investigaci\u00f3n judicial que recae sobre ellos.<\/p>\n<p> En agosto el Presidente hab\u00eda ofrecido donar la mitad de su sueldo al Instituto Malbr\u00e1n.<\/p>\n<p> Antes de realizar el planteo de compensaci\u00f3n econ\u00f3mica, el Presidente esper\u00f3 que se firmen otros acuerdos para contar con el antecedente, esto fue dise\u00f1ado por el abogado de la primera dama, Juan Pablo Fioribello y su socio Mariano Lizardo.<\/p>\n<p> Las \u00faltimas ofertas de reparaci\u00f3n econ\u00f3mica que los abogados presentaron, son cuatro. Una de ellas es la de Fabiola Ya\u00f1ez que se formul\u00f3 ante el fiscal Dom\u00ednguez.<\/p>\n<p> La \u00fanica manera de llegar a firmar un acuerdo con el fiscal Dom\u00ednguez es establecer una reparaci\u00f3n vinculada a cuestiones sanitarias. \u201cEsta manera de resolver estos casos tiene una consecuencia y es beneficiosa para la sociedad. Parecido o mejor que una multa, porque el dinero va a un lugar concreto. Y dentro de los plazos judiciales es una soluci\u00f3n r\u00e1pida que se ha venido aplicando a todos por igual\u201d, explicaron fuentes judiciales a este medio.<\/p>\n<p> El jefe de Estado qued\u00f3 imputado el a\u00f1o pasado por la justicia federal. Se lo acus\u00f3 por haber violado el DNU que \u00e9l mismo hab\u00eda firmado y que prohib\u00eda todo tipo de encuentros sociales, restricci\u00f3n adoptada como medida sanitaria en medio de la pandemia del Covid-19. Pero un a\u00f1o despu\u00e9s, varias fotos y videos mostraron un festejo realizado en Olivos con la presencia de doce personas. Hab\u00eda sido el 14 de julio de 2020, con la participaci\u00f3n de Alberto Fern\u00e1ndez.<\/p>\n<p> Con la confirmaci\u00f3n de la C\u00e1mara de Apelaciones de San Mart\u00edn respecto a que la investigaci\u00f3n deb\u00eda continuar -y no cerrarse como hab\u00eda pedido el presidente- el juez Mirabelli avanz\u00f3 en un conjunto de medidas de prueba: pedidos de ingresos y egresos a la quinta de Olivos, autorizaciones firmadas para que circulen los invitados, justificaci\u00f3n de sus desplazamientos y protocolos sanitarios vigentes, entre otras.<\/p>\n<div>\n<h2>TEMAS QUE APARECEN EN ESTA NOTA<\/h2>\n<\/div>\n<\/div>\n<nav class=\"navigation post-navigation\" role=\"navigation\" aria-label=\"Continue Reading\">\n<h2 class=\"screen-reader-text\">Continue Reading<\/h2>\n<\/nav>\n","protected":false},"excerpt":{"rendered":"<p>Alberto Fern\u00e1ndez ofreci\u00f3 donar $1.600.000 para cerrar la causa de la fiesta en Olivos y ahora, desde su entorno aseguraron a Clar\u00edn que eval\u00faa sacar un cr\u00e9dito bancario o firmar un mutuo para hacer frente al pago en caso de ser homologado por el juez Lino Mirabelli. El Presidente de la Naci\u00f3n busca que se [&hellip;]<\/p>\n","protected":false},"author":1,"featured_media":40372,"comment_status":"closed","ping_status":"closed","sticky":false,"template":"","format":"standard","meta":[],"categories":[2],"tags":[],"_links":{"self":[{"href":"http:\/\/cordobainforma.info\/index.php\/wp-json\/wp\/v2\/posts\/40371"}],"collection":[{"href":"http:\/\/cordobainforma.info\/index.php\/wp-json\/wp\/v2\/posts"}],"about":[{"href":"http:\/\/cordobainforma.info\/index.php\/wp-json\/wp\/v2\/types\/post"}],"author":[{"embeddable":true,"href":"http:\/\/cordobainforma.info\/index.php\/wp-json\/wp\/v2\/users\/1"}],"replies":[{"embeddable":true,"href":"http:\/\/cordobainforma.info\/index.php\/wp-json\/wp\/v2\/comments?post=40371"}],"version-history":[{"count":0,"href":"http:\/\/cordobainforma.info\/index.php\/wp-json\/wp\/v2\/posts\/40371\/revisions"}],"wp:featuredmedia":[{"embeddable":true,"href":"http:\/\/cordobainforma.info\/index.php\/wp-json\/wp\/v2\/media\/40372"}],"wp:attachment":[{"href":"http:\/\/cordobainforma.info\/index.php\/wp-json\/wp\/v2\/media?parent=40371"}],"wp:term":[{"taxonomy":"category","embeddable":true,"href":"http:\/\/cordobainforma.info\/index.php\/wp-json\/wp\/v2\/categories?post=40371"},{"taxonomy":"post_tag","embeddable":true,"href":"http:\/\/cordobainforma.info\/index.php\/wp-json\/wp\/v2\/tags?post=40371"}],"curies":[{"name":"wp","href":"https:\/\/api.w.org\/{rel}","templated":true}]}}