{"id":40350,"date":"2022-05-16T02:11:20","date_gmt":"2022-05-16T02:11:20","guid":{"rendered":"http:\/\/cordobainforma.info\/index.php\/2022\/05\/16\/jeff-bezos-vuelve-a-arremeter-contra-biden-por-su-forma-de-combatir-la-creciente-inflacion-en-ee-uu\/"},"modified":"2022-05-16T02:11:20","modified_gmt":"2022-05-16T02:11:20","slug":"jeff-bezos-vuelve-a-arremeter-contra-biden-por-su-forma-de-combatir-la-creciente-inflacion-en-ee-uu","status":"publish","type":"post","link":"http:\/\/cordobainforma.info\/index.php\/2022\/05\/16\/jeff-bezos-vuelve-a-arremeter-contra-biden-por-su-forma-de-combatir-la-creciente-inflacion-en-ee-uu\/","title":{"rendered":"Jeff Bezos vuelve a arremeter contra Biden por su forma de combatir la creciente inflaci\u00f3n en EE.UU."},"content":{"rendered":"<p><img src=\"http:\/\/cordobainforma.info\/wp-content\/uploads\/2022\/05\/jeff-bezos-vuelve-a-arremeter-contra-biden-por-su-forma-de-combatir-la-creciente-inflacion-en-ee-uu.jpg\"><\/p>\n<div readability=\"32\">\n<p><span>Publicado:<\/span><time class=\"Timestamp-root Timestamp-isBlackColor \" datetime=\"2022-05-16T02:11:20+00:00\"> 16 may 2022 02:11 GMT <\/time><\/p>\n<\/div>\n<div readability=\"34\">\n<p> \u00abLa inflaci\u00f3n es un impuesto regresivo que perjudica m\u00e1s a los menos ricos\u00bb, escribi\u00f3 Bezos en su cuenta de Twitter. <\/p>\n<\/div>\n<div readability=\"87.624084621644\">\n<p>El fundador de Amazon, Jeff Bezos, ha vuelto a cargar contra las pol\u00edticas econ\u00f3micas&nbsp; articuladas por la Administraci\u00f3n del presidente estadounidense, Joe Biden,&nbsp;para mitigar la creciente inflaci\u00f3n en el pa\u00eds.<\/p>\n<p>En un <a href=\"https:\/\/twitter.com\/JeffBezos\/status\/1525846743278944256\" target=\"_blank\" rel=\"nofollow noopener noreferrer\">tuit<\/a>, Bezos respondi\u00f3 a una publicaci\u00f3n&nbsp;que acusaba a la Administraci\u00f3n Biden de \u00ab<strong>no hacer nada para&nbsp;reducir el d\u00e9ficit<\/strong>\u00bb presupuestario, pese a las declaraciones del mandatario estadounidense que <a href=\"https:\/\/twitter.com\/POTUS\/status\/1525556122840596481\" target=\"_blank\" rel=\"nofollow noopener noreferrer\">asegur\u00f3<\/a>&nbsp;que su Gobierno \u00abva en camino de reducir el d\u00e9ficit en 1,5 billones de d\u00f3lares\u00bb.&nbsp;<\/p>\n<div class=\"ReadMore-root Section-root Section-is1to3-xs_is1to1\" data-widgets=\"ReadMore\">\n<div class=\"Section-container Section-isRow-isTop-isWrap\">\n<article class=\"Card-root Card-is1to1 \">\n<div class=\"Card-imageWrap\">\n<div class=\"Card-picture\"> <picture class=\"Picture-root Picture-default\"><!--[if IE 9]><video style=\"display: none;\"><![endif]--><source media=\"(-webkit-min-device-pixel-ratio: 2) and (min-resolution: 120dpi)\" srcset=\"http:\/\/cordobainforma.info\/wp-content\/uploads\/2022\/05\/jeff-bezos-vuelve-a-arremeter-contra-biden-por-su-forma-de-combatir-la-creciente-inflacion-en-ee-uu-2.jpg 850w, http:\/\/cordobainforma.info\/wp-content\/uploads\/2022\/05\/jeff-bezos-vuelve-a-arremeter-contra-biden-por-su-forma-de-combatir-la-creciente-inflacion-en-ee-uu-3.jpg 1960w\"><source srcset=\"http:\/\/cordobainforma.info\/wp-content\/uploads\/2022\/05\/jeff-bezos-vuelve-a-arremeter-contra-biden-por-su-forma-de-combatir-la-creciente-inflacion-en-ee-uu-2.jpg 460w, http:\/\/cordobainforma.info\/wp-content\/uploads\/2022\/05\/jeff-bezos-vuelve-a-arremeter-contra-biden-por-su-forma-de-combatir-la-creciente-inflacion-en-ee-uu-3.jpg 980w\"><!--[if IE 9]><\/video><![endif]--><img data-sizes=\"auto\" src=\"http:\/\/cordobainforma.info\/wp-content\/uploads\/2022\/05\/jeff-bezos-vuelve-a-arremeter-contra-biden-por-su-forma-de-combatir-la-creciente-inflacion-en-ee-uu-2.jpg\" class=\"Picture-root Picture-default lazyload\" alt=\"Jeff Bezos insta a la nueva Junta de Gesti\u00f3n de la Desinformaci\u00f3n de EE.UU. a revisar un tuit de Biden\"><\/picture><!-- noscript pattern --><noscript><img src=\"http:\/\/cordobainforma.info\/wp-content\/uploads\/2022\/05\/jeff-bezos-vuelve-a-arremeter-contra-biden-por-su-forma-de-combatir-la-creciente-inflacion-en-ee-uu-3.jpg\" alt=\"Jeff Bezos insta a la nueva Junta de Gesti\u00f3n de la Desinformaci\u00f3n de EE.UU. a revisar un tuit de Biden\"><\/noscript> <\/div><\/div>\n<\/article><\/div><\/div>\n<p>\u00abEs una estupidez. El d\u00e9ficit est\u00e1 disminuyendo, porque ya no hacemos las ayudas por la pandemia y los ingresos federales aumentan por la inflaci\u00f3n. Ni el Congreso&nbsp;ni la Administraci\u00f3n Biden hicieron nada para reducir el d\u00e9ficit\u00bb, <a href=\"https:\/\/twitter.com\/ne0liberal\/status\/1525672295775223808\" target=\"_blank\" rel=\"nofollow noopener noreferrer\">escribieron<\/a>&nbsp;desde la organizaci\u00f3n sin fines de lucro Neoliberal Project.<\/p>\n<p>Por su parte,&nbsp;el magnate&nbsp;acus\u00f3 al presidente estadounidense de <strong>mala gesti\u00f3n<\/strong>&nbsp;y afirm\u00f3 que solo la <a href=\"https:\/\/actualidad.rt.com\/actualidad\/414451-eeuu-manchin-propuesta-biden\" target=\"_blank\" rel=\"nofollow noopener noreferrer\">decisi\u00f3n<\/a> del senador dem\u00f3crata por el estado de Virginia Occidental, Joe Manchin, de no&nbsp;respaldar el proyecto de ley social y ambiental de casi dos billones de d\u00f3lares, salv\u00f3 la situaci\u00f3n. En el marco del plan de Biden, las nuevas garant\u00edas sociales se&nbsp;habr\u00edan financiado a trav\u00e9s de mayores impuestos para los m\u00e1s ricos y las grandes corporaciones.<\/p>\n<p>\u00abDe hecho, la Administraci\u00f3n [Biden] se esforz\u00f3 mucho para inyectar a\u00fan m\u00e1s impulso en una <strong>econom\u00eda ya sobrecalentada<\/strong> e inflacionaria, y solo Manchin los salv\u00f3 de ellos mismos. La inflaci\u00f3n es un impuesto regresivo que perjudica m\u00e1s a los menos ricos. <strong>Una mala direcci\u00f3n&nbsp;no ayuda al pa\u00eds<\/strong>\u00ab, escribi\u00f3&nbsp;Bezos.<\/p>\n<p>El \u00edndice de precios al consumidor (IPC)&nbsp;aument\u00f3 para marzo en un&nbsp;<strong>8,5 %<\/strong>&nbsp;durante los \u00faltimos 12 meses, marcando el mayor incremento interanual desde 1981.<\/p>\n<h3>M\u00e1s cr\u00edticas<\/h3>\n<p>En los \u00faltimos d\u00edas, el empresario estadounidense parece haber intensificado sus cr\u00edticas contra el presidente estadounidense. Este mismo s\u00e1bado, Bezos <a href=\"https:\/\/actualidad.rt.com\/actualidad\/429813-jeff-bezos-llamar-junta-desinformacion-tuit-joe-biden\" target=\"_blank\" rel=\"nofollow noopener noreferrer\">inst\u00f3<\/a> a la&nbsp;Junta de Gesti\u00f3n de la Desinformaci\u00f3n del Gobierno estadounidense a verificar un tuit de Biden que&nbsp;sugiri\u00f3 que las corporaciones m\u00e1s ricas&nbsp;deben pagar<strong>&nbsp;<\/strong>\u00ab<strong>su cuota justa<\/strong>\u00bb para reducir la inflaci\u00f3n en el pa\u00eds.<\/p>\n<p>\u00abLa reci\u00e9n creada Junta de Desinformaci\u00f3n deber\u00eda revisar este tuit, o tal vez deban formar una nueva&nbsp;<strong>Junta de Incongruencias<\/strong>. Aumentar los impuestos a las empresas est\u00e1 bien para debatir. Controlar la inflaci\u00f3n es crucial. Juntarlos es solo una&nbsp;<strong>equivocaci\u00f3n<\/strong>\u00ab, escribi\u00f3 el magnate.<\/p>\n<\/div>\n","protected":false},"excerpt":{"rendered":"<p>Publicado: 16 may 2022 02:11 GMT \u00abLa inflaci\u00f3n es un impuesto regresivo que perjudica m\u00e1s a los menos ricos\u00bb, escribi\u00f3 Bezos en su cuenta de Twitter. El fundador de Amazon, Jeff Bezos, ha vuelto a cargar contra las pol\u00edticas econ\u00f3micas&nbsp; articuladas por la Administraci\u00f3n del presidente estadounidense, Joe Biden,&nbsp;para mitigar la creciente inflaci\u00f3n en el [&hellip;]<\/p>\n","protected":false},"author":1,"featured_media":40351,"comment_status":"closed","ping_status":"closed","sticky":false,"template":"","format":"standard","meta":[],"categories":[22],"tags":[],"_links":{"self":[{"href":"http:\/\/cordobainforma.info\/index.php\/wp-json\/wp\/v2\/posts\/40350"}],"collection":[{"href":"http:\/\/cordobainforma.info\/index.php\/wp-json\/wp\/v2\/posts"}],"about":[{"href":"http:\/\/cordobainforma.info\/index.php\/wp-json\/wp\/v2\/types\/post"}],"author":[{"embeddable":true,"href":"http:\/\/cordobainforma.info\/index.php\/wp-json\/wp\/v2\/users\/1"}],"replies":[{"embeddable":true,"href":"http:\/\/cordobainforma.info\/index.php\/wp-json\/wp\/v2\/comments?post=40350"}],"version-history":[{"count":0,"href":"http:\/\/cordobainforma.info\/index.php\/wp-json\/wp\/v2\/posts\/40350\/revisions"}],"wp:featuredmedia":[{"embeddable":true,"href":"http:\/\/cordobainforma.info\/index.php\/wp-json\/wp\/v2\/media\/40351"}],"wp:attachment":[{"href":"http:\/\/cordobainforma.info\/index.php\/wp-json\/wp\/v2\/media?parent=40350"}],"wp:term":[{"taxonomy":"category","embeddable":true,"href":"http:\/\/cordobainforma.info\/index.php\/wp-json\/wp\/v2\/categories?post=40350"},{"taxonomy":"post_tag","embeddable":true,"href":"http:\/\/cordobainforma.info\/index.php\/wp-json\/wp\/v2\/tags?post=40350"}],"curies":[{"name":"wp","href":"https:\/\/api.w.org\/{rel}","templated":true}]}}