{"id":40348,"date":"2022-05-16T03:01:35","date_gmt":"2022-05-16T03:01:35","guid":{"rendered":"http:\/\/cordobainforma.info\/index.php\/2022\/05\/16\/evo-morales-sugiere-que-bolivia-se-retire-de-la-oea-tras-excluir-ee-uu-de-la-cumbre-de-las-americas-a-paises-liberados-de-su-hegemonia\/"},"modified":"2022-05-16T03:01:35","modified_gmt":"2022-05-16T03:01:35","slug":"evo-morales-sugiere-que-bolivia-se-retire-de-la-oea-tras-excluir-ee-uu-de-la-cumbre-de-las-americas-a-paises-liberados-de-su-hegemonia","status":"publish","type":"post","link":"http:\/\/cordobainforma.info\/index.php\/2022\/05\/16\/evo-morales-sugiere-que-bolivia-se-retire-de-la-oea-tras-excluir-ee-uu-de-la-cumbre-de-las-americas-a-paises-liberados-de-su-hegemonia\/","title":{"rendered":"Evo Morales sugiere que Bolivia se retire de la OEA tras excluir EE.UU. de la Cumbre de las Am\u00e9ricas a \u00abpa\u00edses liberados de su hegemon\u00eda\u00bb"},"content":{"rendered":"<p><img src=\"http:\/\/cordobainforma.info\/wp-content\/uploads\/2022\/05\/evo-morales-sugiere-que-bolivia-se-retire-de-la-oea-tras-excluir-ee-uu-de-la-cumbre-de-las-americas-a-paises-liberados-de-su-hegemonia.jpg\"><\/p>\n<div readability=\"32\">\n<p><span>Publicado:<\/span><time class=\"Timestamp-root Timestamp-isBlackColor \" datetime=\"2022-05-16T03:01:35+00:00\"> 16 may 2022 03:01 GMT <\/time><\/p>\n<\/div>\n<div readability=\"36\">\n<p> Los comentarios del pol\u00edtico surgen en medio de las cr\u00edticas que ha suscitado la decisi\u00f3n de EE.UU. de excluir a varias naciones de la regi\u00f3n, entre ellas Cuba y Venezuela, de la IX Cumbre de las Am\u00e9ricas. <\/p>\n<\/div>\n<div readability=\"63.662137681159\">\n<p>El expresidente de Bolivia, Evo Morales, se pronunci\u00f3 este domingo a favor de la retirada de su pa\u00eds de la&nbsp;<strong>Organizaci\u00f3n de los Estados Americanos<\/strong> (OEA).&nbsp;<\/p>\n<div class=\"ReadMore-root Section-root Section-is1to3-xs_is1to1\" data-widgets=\"ReadMore\">\n<div class=\"Section-container Section-isRow-isTop-isWrap\">\n<article class=\"Card-root Card-is1to1 \">\n<div class=\"Card-imageWrap\">\n<div class=\"Card-picture\"> <picture class=\"Picture-root Picture-default\"><!--[if IE 9]><video style=\"display: none;\"><![endif]--><source media=\"(-webkit-min-device-pixel-ratio: 2) and (min-resolution: 120dpi)\" srcset=\"http:\/\/cordobainforma.info\/wp-content\/uploads\/2022\/05\/evo-morales-sugiere-que-bolivia-se-retire-de-la-oea-tras-excluir-ee-uu-de-la-cumbre-de-las-americas-a-paises-liberados-de-su-hegemonia-2.jpg 850w, http:\/\/cordobainforma.info\/wp-content\/uploads\/2022\/05\/evo-morales-sugiere-que-bolivia-se-retire-de-la-oea-tras-excluir-ee-uu-de-la-cumbre-de-las-americas-a-paises-liberados-de-su-hegemonia-3.jpg 1960w\"><source srcset=\"http:\/\/cordobainforma.info\/wp-content\/uploads\/2022\/05\/evo-morales-sugiere-que-bolivia-se-retire-de-la-oea-tras-excluir-ee-uu-de-la-cumbre-de-las-americas-a-paises-liberados-de-su-hegemonia-2.jpg 460w, http:\/\/cordobainforma.info\/wp-content\/uploads\/2022\/05\/evo-morales-sugiere-que-bolivia-se-retire-de-la-oea-tras-excluir-ee-uu-de-la-cumbre-de-las-americas-a-paises-liberados-de-su-hegemonia-3.jpg 980w\"><!--[if IE 9]><\/video><![endif]--><img data-sizes=\"auto\" src=\"http:\/\/cordobainforma.info\/wp-content\/uploads\/2022\/05\/evo-morales-sugiere-que-bolivia-se-retire-de-la-oea-tras-excluir-ee-uu-de-la-cumbre-de-las-americas-a-paises-liberados-de-su-hegemonia-2.jpg\" class=\"Picture-root Picture-default lazyload\" alt=\"&quot;La Cumbre de las Am\u00e9ricas est\u00e1 a punto de fracasar&quot;: Las cr\u00edticas (y posibles ausencias) a la reuni\u00f3n por las exclusiones que plantea EE.UU.\"><\/picture><!-- noscript pattern --><noscript><img src=\"http:\/\/cordobainforma.info\/wp-content\/uploads\/2022\/05\/evo-morales-sugiere-que-bolivia-se-retire-de-la-oea-tras-excluir-ee-uu-de-la-cumbre-de-las-americas-a-paises-liberados-de-su-hegemonia-3.jpg\" alt=\"&quot;La Cumbre de las Am\u00e9ricas est\u00e1 a punto de fracasar&quot;: Las cr\u00edticas (y posibles ausencias) a la reuni\u00f3n por las exclusiones que plantea EE.UU.\"><\/noscript> <\/div><\/div>\n<\/article><\/div><\/div>\n<p>\u00abFrente a la exclusi\u00f3n de EE.UU de pa\u00edses liberados de su hegemon\u00eda, qu\u00e9 bueno ser\u00eda que Bolivia se retire de la&nbsp;OEA\u00bb, <a href=\"https:\/\/twitter.com\/evoespueblo\/status\/1525880701228306434?s=20&amp;t=oBZVFlsIU8uNQayyXB0T-g\" target=\"_blank\" rel=\"noopener noreferrer\">escribi\u00f3<\/a>&nbsp;Morales en su cuenta de Twitter, al tiempo que subray\u00f3 que, de esta forma, su pa\u00eds ratificar\u00eda su \u00ab<strong>posici\u00f3n antiimperialista<\/strong>, la soberan\u00eda e independencia del Estado, pero tambi\u00e9n la identidad, dignidad y libertad del pueblo boliviano\u00bb.&nbsp;<\/p>\n<p>Los comentarios del pol\u00edtico&nbsp;surgen en medio de las cr\u00edticas que ha suscitado la decisi\u00f3n de EE.UU. de excluir a varias naciones de la regi\u00f3n, entre ellas <strong>Cuba<\/strong> y <strong>Venezuela<\/strong>, de la&nbsp;IX Cumbre de las Am\u00e9ricas, que se celebrar\u00e1 en junio en Los \u00c1ngeles.<\/p>\n<p>En este contexto, los mandatarios de M\u00e9xico y de Bolivia, <a href=\"https:\/\/actualidad.rt.com\/actualidad\/429372-lopez-obrador-asistira-cumbre-americas\" target=\"_blank\" rel=\"noopener noreferrer\">Andr\u00e9s Manuel L\u00f3pez Obrador<\/a> y <a href=\"https:\/\/actualidad.rt.com\/actualidad\/429429-presidente-bolivia-cumbre-americas-excluidos\" target=\"_blank\" rel=\"noopener noreferrer\">Luis Arce<\/a>, respectivamente, dijeron que no asistir\u00edan a la cumbre si no se invita a todos los pa\u00edses de la regi\u00f3n. Poco despu\u00e9s, el presidente de Argentina, Alberto Fern\u00e1ndez, <a href=\"https:\/\/actualidad.rt.com\/actualidad\/429596-alberto-fernandez-lopez-obrador-cumbre-americas-eeuu\" target=\"_blank\" rel=\"noopener noreferrer\">se sum\u00f3<\/a> a los dos jefes de Estado.&nbsp;<\/p>\n<\/div>\n","protected":false},"excerpt":{"rendered":"<p>Publicado: 16 may 2022 03:01 GMT Los comentarios del pol\u00edtico surgen en medio de las cr\u00edticas que ha suscitado la decisi\u00f3n de EE.UU. de excluir a varias naciones de la regi\u00f3n, entre ellas Cuba y Venezuela, de la IX Cumbre de las Am\u00e9ricas. El expresidente de Bolivia, Evo Morales, se pronunci\u00f3 este domingo a favor [&hellip;]<\/p>\n","protected":false},"author":1,"featured_media":40349,"comment_status":"closed","ping_status":"closed","sticky":false,"template":"","format":"standard","meta":[],"categories":[22],"tags":[],"_links":{"self":[{"href":"http:\/\/cordobainforma.info\/index.php\/wp-json\/wp\/v2\/posts\/40348"}],"collection":[{"href":"http:\/\/cordobainforma.info\/index.php\/wp-json\/wp\/v2\/posts"}],"about":[{"href":"http:\/\/cordobainforma.info\/index.php\/wp-json\/wp\/v2\/types\/post"}],"author":[{"embeddable":true,"href":"http:\/\/cordobainforma.info\/index.php\/wp-json\/wp\/v2\/users\/1"}],"replies":[{"embeddable":true,"href":"http:\/\/cordobainforma.info\/index.php\/wp-json\/wp\/v2\/comments?post=40348"}],"version-history":[{"count":0,"href":"http:\/\/cordobainforma.info\/index.php\/wp-json\/wp\/v2\/posts\/40348\/revisions"}],"wp:featuredmedia":[{"embeddable":true,"href":"http:\/\/cordobainforma.info\/index.php\/wp-json\/wp\/v2\/media\/40349"}],"wp:attachment":[{"href":"http:\/\/cordobainforma.info\/index.php\/wp-json\/wp\/v2\/media?parent=40348"}],"wp:term":[{"taxonomy":"category","embeddable":true,"href":"http:\/\/cordobainforma.info\/index.php\/wp-json\/wp\/v2\/categories?post=40348"},{"taxonomy":"post_tag","embeddable":true,"href":"http:\/\/cordobainforma.info\/index.php\/wp-json\/wp\/v2\/tags?post=40348"}],"curies":[{"name":"wp","href":"https:\/\/api.w.org\/{rel}","templated":true}]}}