{"id":40342,"date":"2022-05-15T16:23:34","date_gmt":"2022-05-15T16:23:34","guid":{"rendered":"https:\/\/www.mujerhoy.com\/moda\/no-te-pierdas\/isabel-diaz-ayuso-top-flores-mango-ensena-tripa-look-rejuvenecedor-barato-comodo-facil-copiar-20220514114643-nt.html"},"modified":"2022-05-15T16:23:34","modified_gmt":"2022-05-15T16:23:34","slug":"isabel-diaz-ayuso-se-une-a-la-moda-de-ensenar-tripa-como-la-reina-letizia-con-este-top-crop-de-flores-y-un-look-rejuvenecedor","status":"publish","type":"post","link":"http:\/\/cordobainforma.info\/index.php\/2022\/05\/15\/isabel-diaz-ayuso-se-une-a-la-moda-de-ensenar-tripa-como-la-reina-letizia-con-este-top-crop-de-flores-y-un-look-rejuvenecedor\/","title":{"rendered":"Isabel D\u00edaz Ayuso se une a la moda de ense\u00f1ar tripa como la reina Letizia con este top crop de flores y un look rejuvenecedor"},"content":{"rendered":"<p><!-- AUTHOR --><!-- COMPONENTS --><\/p>\n<p class=\"voc-paragraph\"><strong>Isabel D\u00edaz Ayuso<\/strong> ha lucido en varias ocasiones looks que mucho tienen que ver con los que usa do\u00f1a <strong>Letizia<\/strong> -ficha <a data-voc-vtm-id=\"in-text-traffic\" href=\"https:\/\/www.mujerhoy.com\/moda\/no-te-pierdas\/vestido-made-spain-isabel-diaz-ayuso-victoria-coleccion-vicky-martin-berrocal-corte-femenino-favorecedor-20220502150733-nt.html\">este vestido de invitada &#8216;made in Spain tan elegante<\/a>-. Parece que la presidenta de la Comunidad de Madrid se inspira en los estilismos de la monarca y, adem\u00e1s de hacer tambi\u00e9n del rojo su color favorito, ha llevado prendas muy similares que confirmar que la reina es un icono de estilo para muchas. Y ahora han vuelto a coincidir con lo de<br \/>\n<strong> atreverse a ense\u00f1ar la tripa<\/strong> en un look. Si alucinaste con <a data-voc-vtm-id=\"in-text-traffic\" href=\"https:\/\/www.mujerhoy.com\/moda\/no-te-pierdas\/reina-letizia-vestido-rosa-aberturas-abdominales-vientre-plano-barato-look-espectacular-atrevido-tendencia-20220510121717-nt.html\">el pol\u00e9mico vestido cut-out de Letizia<\/a>, espera a ver el <strong>top crop<\/strong> con el que se ha atrevido Ayuso.\n<\/p>\n<div class=\"voc-detail__cmp\">\n<div class=\"voc-grouper-related__wrapper\">\n<section class=\"voc-grouper-related voc-detail-section voc-detail-section--bdr-bottom\">\n<h4 class=\"voc-grouper-related-title voc-title-section voc-title-section--underline\"> TAMBI\u00c9N TE INTERESA <\/h4>\n<div class=\"voc-grouper-related__grid voc-grid voc-grid--2-cols\">\n<div class=\"voc-article-container\">\n<article class=\"voc-article voc-article--cmp-related voc-article--cmp-related--2-cols voc-article--photo-left voc-home-tit-st \">\n<div class=\"voc-img-container \"><picture><a href=\"https:\/\/www.mujerhoy.com\/moda\/no-te-pierdas\/deportivas-comodas-bonitas-baratas-hym-sfera-bershka-stradivarius-mango-zara-20220515130547-ga.html#vca=modulos&amp;vso=mujerhoy&amp;vmc=noticias-rel-cmp&amp;vli=no%20te%20pierdas\" class=\"voc-horizontal voc-img-icon-link\"><img alt=\"Las deportivas c\u00f3modas y bonitas del Sfera, Zara y Stradivarius con las que arrasar en tus looks de diario\" class=\"lazy\" loading=\"lazy\" data-original=\" \/\/static3.mujerhoy.com\/www\/multimedia\/202205\/13\/media\/cortadas\/deportiva-aper-kP5H--984x552@MujerHoy.jpg \"><\/a><\/picture><\/div>\n<\/article>\n<\/div>\n<div class=\"voc-article-container\">\n<article class=\"voc-article voc-article--cmp-related voc-article--cmp-related--2-cols voc-article--photo-left voc-home-tit-st \">\n<div class=\"voc-img-container \"><picture><a href=\"https:\/\/www.mujerhoy.com\/moda\/tendencias\/chaquetas-finas-stradivarius-bershka-hym-baratas-comodas-ponibles-looks-entretiempo-20220514125833-ga.html#vca=modulos&amp;vso=mujerhoy&amp;vmc=noticias-rel-cmp&amp;vli=no%20te%20pierdas\" class=\"voc-horizontal voc-img-icon-link\"><img alt=\"Chaquetas finas que encontrar\u00e1s en el low cost y que llevar\u00e1s con todos tus conjuntos hasta que llegue el verano\" class=\"lazy\" loading=\"lazy\" data-original=\" \/\/static2.mujerhoy.com\/www\/multimedia\/202205\/09\/media\/cortadas\/chaquetas-finas-baratas-kbOC--984x552@MujerHoy.jpg \"><\/a><\/picture><\/div>\n<\/article>\n<\/div>\n<\/div>\n<\/section>\n<\/div>\n<\/div>\n<p class=\"voc-paragraph\">Xisca Perell\u00f3 y sus looks sencillos como <a data-voc-vtm-id=\"in-text-traffic\" href=\"https:\/\/www.mujerhoy.com\/moda\/no-te-pierdas\/xisca-perello-blusa-blanca-bordada-zara-look-comodo-sencillo-barato-primavera-20220505083829-nt.html\">este con blusa de Zara<\/a> no ha sido la \u00fanica protagonista de las gradas del <strong>Mutua Madrid Open <\/strong>que se celebr\u00f3 la semana pasada. Por ella pasaron VIPS y rostros conocidos entre los que no falt\u00f3 Isabel D\u00edaz Ayuso. Para la cita, la pol\u00edtica escogi\u00f3 un <strong>look c\u00f3modo, fresquito y muy primaveral<\/strong> y sorprendi\u00f3 al optar por un top crop con el que se ve\u00eda parte del vientre.\n<\/p>\n<div class=\"voc-detail__cmp\">\n<div class=\"voc-article-container\">\n<article class=\"voc-article voc-article--cmp-photo-text\" readability=\"1\">\n<div class=\"voc-img-container\" readability=\"7\"><picture>\n<div class=\"voc-horizontal voc-img-icon-link\"><img class=\"lazy\" loading=\"lazy\" data-original=\"\/\/static3.mujerhoy.com\/www\/multimedia\/202205\/14\/media\/cortadas\/ayuso-ropa-top-flores-kVcC--624x624@MujerHoy.jpg\" alt=\"Isabel D\u00edaz Ayuso en el Mutua Madrid Open con un top de flores.\"><\/div>\n<\/picture>\n<p class=\"figure-caption \"> Isabel D\u00edaz Ayuso en el Mutua Madrid Open con un top de flores. \/ <span class=\"voc-photo-author\"> gtres <\/span><\/p>\n<\/div>\n<\/article>\n<\/div>\n<\/div>\n<p class=\"voc-paragraph\">Ayuso escogi\u00f3 una especie de<br \/>\n<strong> blusa con escote en pico y de corte cruzado <\/strong>que ten\u00eda como una especia de volante fluido en el bajo y que su largo quedaba justo a la altura del ombligo. Una prenda que no hemos dudado en buscar en el low cost y que hemos encontrado muy similar en <strong>Mango<\/strong>. La firma tiene a la venta un top de flores parecido con una combinaci\u00f3n de colores en rosa y azul que cuesta <strong>19,99 euros<\/strong> y que queda de lujo con vaqueros.\n<\/p>\n<div class=\"voc-detail__cmp\">\n<div class=\"voc-article-container\">\n<article class=\"voc-article voc-article--cmp-photo-text\" readability=\"1\">\n<div class=\"voc-img-container\" readability=\"7\"><picture>\n<div class=\"voc-horizontal voc-img-icon-link\"><img class=\"lazy\" loading=\"lazy\" data-original=\"\/\/static3.mujerhoy.com\/www\/multimedia\/202205\/14\/media\/cortadas\/top-flores-mango-kVcC--624x624@MujerHoy.jpg\" alt=\"La blusa de Mango con la que copiar el look de Ayuso.\"><\/div>\n<\/picture>\n<p class=\"figure-caption \"> La blusa de Mango con la que copiar el look de Ayuso. \/ <span class=\"voc-photo-author\"> MANGO <\/span><\/p>\n<\/div>\n<\/article>\n<\/div>\n<\/div>\n<p class=\"voc-paragraph\">Y es que, la presidenta combin\u00f3 este top con unos <strong>pantalones vaqueros oscuros<\/strong> de talle medio con los que consegu\u00eda que se le viera el ombligo y parte del vientre, una moda que est\u00e1 en auge y que est\u00e1 haciendo que el talle bajo regrese para quedarse aunque nos resistamos a ello. Por \u00faltimo, complet\u00f3 este outfit con una<br \/>\n<strong> cazadora vaquera en color blanco<\/strong>, una prenda perfecta para estos d\u00edas de entretiempo que pega con todo y que es s\u00faper ponible.\n<\/p>\n<div class=\"voc-detail__cmp\">\n<div class=\"voc-grouper-related__wrapper\">\n<section class=\"voc-grouper-related voc-detail-section voc-detail-section--bdr-bottom\">\n<h4 class=\"voc-grouper-related-title voc-title-section voc-title-section--underline\"> TAMBI\u00c9N TE INTERESA <\/h4>\n<\/section>\n<\/div>\n<\/div>\n<p><!-- TOPICS --><\/p>\n","protected":false},"excerpt":{"rendered":"<p>Isabel D\u00edaz Ayuso ha lucido en varias ocasiones looks que mucho tienen que ver con los que usa do\u00f1a Letizia -ficha este vestido de invitada &#8216;made in Spain tan elegante-. Parece que la presidenta de la Comunidad de Madrid se inspira en los estilismos de la monarca y, adem\u00e1s de hacer tambi\u00e9n del rojo su [&hellip;]<\/p>\n","protected":false},"author":1,"featured_media":40343,"comment_status":"closed","ping_status":"closed","sticky":false,"template":"","format":"standard","meta":[],"categories":[24],"tags":[],"_links":{"self":[{"href":"http:\/\/cordobainforma.info\/index.php\/wp-json\/wp\/v2\/posts\/40342"}],"collection":[{"href":"http:\/\/cordobainforma.info\/index.php\/wp-json\/wp\/v2\/posts"}],"about":[{"href":"http:\/\/cordobainforma.info\/index.php\/wp-json\/wp\/v2\/types\/post"}],"author":[{"embeddable":true,"href":"http:\/\/cordobainforma.info\/index.php\/wp-json\/wp\/v2\/users\/1"}],"replies":[{"embeddable":true,"href":"http:\/\/cordobainforma.info\/index.php\/wp-json\/wp\/v2\/comments?post=40342"}],"version-history":[{"count":0,"href":"http:\/\/cordobainforma.info\/index.php\/wp-json\/wp\/v2\/posts\/40342\/revisions"}],"wp:featuredmedia":[{"embeddable":true,"href":"http:\/\/cordobainforma.info\/index.php\/wp-json\/wp\/v2\/media\/40343"}],"wp:attachment":[{"href":"http:\/\/cordobainforma.info\/index.php\/wp-json\/wp\/v2\/media?parent=40342"}],"wp:term":[{"taxonomy":"category","embeddable":true,"href":"http:\/\/cordobainforma.info\/index.php\/wp-json\/wp\/v2\/categories?post=40342"},{"taxonomy":"post_tag","embeddable":true,"href":"http:\/\/cordobainforma.info\/index.php\/wp-json\/wp\/v2\/tags?post=40342"}],"curies":[{"name":"wp","href":"https:\/\/api.w.org\/{rel}","templated":true}]}}