{"id":40267,"date":"2022-05-15T02:36:57","date_gmt":"2022-05-15T02:36:57","guid":{"rendered":"http:\/\/cordobainforma.info\/index.php\/2022\/05\/15\/melania-trump-dice-que-la-escasez-de-formulas-para-bebes-en-ee-uu-es-desgarradora-de-ver\/"},"modified":"2022-05-15T02:36:57","modified_gmt":"2022-05-15T02:36:57","slug":"melania-trump-dice-que-la-escasez-de-formulas-para-bebes-en-ee-uu-es-desgarradora-de-ver","status":"publish","type":"post","link":"http:\/\/cordobainforma.info\/index.php\/2022\/05\/15\/melania-trump-dice-que-la-escasez-de-formulas-para-bebes-en-ee-uu-es-desgarradora-de-ver\/","title":{"rendered":"Melania Trump dice que la escasez de f\u00f3rmulas para beb\u00e9s en EE.UU. es \u00abdesgarradora de ver\u00bb"},"content":{"rendered":"<p><img src=\"http:\/\/cordobainforma.info\/wp-content\/uploads\/2022\/05\/melania-trump-dice-que-la-escasez-de-formulas-para-bebes-en-ee-uu-es-desgarradora-de-ver.jpg\"><\/p>\n<div readability=\"32\">\n<p><span>Publicado:<\/span><time class=\"Timestamp-root Timestamp-isBlackColor \" datetime=\"2022-05-15T02:36:57+00:00\"> 15 may 2022 02:36 GMT <\/time><\/p>\n<\/div>\n<div readability=\"33\">\n<p> La ausencia de este producto en las tiendas est\u00e1 alcanzando niveles alarmantes en el pa\u00eds norteamericano en medio de la creciente inflaci\u00f3n que se ha registrado en el primer trimestre de 2022. <\/p>\n<\/div>\n<div readability=\"58.133149678604\">\n<p>Melania Trump, ex primera dama de EE.UU., afirm\u00f3 este s\u00e1bado en una <a href=\"https:\/\/www.foxnews.com\/media\/nationwide-baby-formula-shortage-heartbreaking-melania-trump?intcmp=tw_fnc\" target=\"_blank\" rel=\"noopener noreferrer\">entrevista<\/a> con Fox News que&nbsp;la escasez de f\u00f3rmulas para beb\u00e9s en todo el pa\u00eds bajo la Administraci\u00f3n Biden es algo \u00abdesgarrador\u00bb.&nbsp;<\/p>\n<p>\u00abEs desgarrador ver que [las familias] est\u00e1n luchando, y la comida no est\u00e1 disponible para los ni\u00f1os en el&nbsp;siglo XXI en EE.UU.\u00bb, asever\u00f3 la esposa de Donald Trump, quien agreg\u00f3 que <strong>la crisis actual se debe al \u00abliderazgo\u00bb<\/strong>.&nbsp;<\/p>\n<div class=\"ReadMore-root Section-root Section-is1to3-xs_is1to1\" data-widgets=\"ReadMore\">\n<div class=\"Section-container Section-isRow-isTop-isWrap\">\n<article class=\"Card-root Card-is1to1 \">\n<div class=\"Card-imageWrap\">\n<div class=\"Card-picture\"> <picture class=\"Picture-root Picture-default\"><!--[if IE 9]><video style=\"display: none;\"><![endif]--><source media=\"(-webkit-min-device-pixel-ratio: 2) and (min-resolution: 120dpi)\" srcset=\"http:\/\/cordobainforma.info\/wp-content\/uploads\/2022\/05\/melania-trump-dice-que-la-escasez-de-formulas-para-bebes-en-ee-uu-es-desgarradora-de-ver-2.jpg 850w, http:\/\/cordobainforma.info\/wp-content\/uploads\/2022\/05\/melania-trump-dice-que-la-escasez-de-formulas-para-bebes-en-ee-uu-es-desgarradora-de-ver-3.jpg 1960w\"><source srcset=\"http:\/\/cordobainforma.info\/wp-content\/uploads\/2022\/05\/melania-trump-dice-que-la-escasez-de-formulas-para-bebes-en-ee-uu-es-desgarradora-de-ver-2.jpg 460w, http:\/\/cordobainforma.info\/wp-content\/uploads\/2022\/05\/melania-trump-dice-que-la-escasez-de-formulas-para-bebes-en-ee-uu-es-desgarradora-de-ver-3.jpg 980w\"><!--[if IE 9]><\/video><![endif]--><img data-sizes=\"auto\" src=\"http:\/\/cordobainforma.info\/wp-content\/uploads\/2022\/05\/melania-trump-dice-que-la-escasez-de-formulas-para-bebes-en-ee-uu-es-desgarradora-de-ver-2.jpg\" class=\"Picture-root Picture-default lazyload\" alt=\"&quot;Reducir la burocracia&quot;: La Casa Blanca toma medidas para paliar la grave crisis de escasez de f\u00f3rmulas para beb\u00e9s en EE.UU.\"><\/picture><!-- noscript pattern --><noscript><img src=\"http:\/\/cordobainforma.info\/wp-content\/uploads\/2022\/05\/melania-trump-dice-que-la-escasez-de-formulas-para-bebes-en-ee-uu-es-desgarradora-de-ver-3.jpg\" alt=\"&quot;Reducir la burocracia&quot;: La Casa Blanca toma medidas para paliar la grave crisis de escasez de f\u00f3rmulas para beb\u00e9s en EE.UU.\"><\/noscript> <\/div><\/div>\n<\/article><\/div><\/div>\n<p>Por su parte, el periodista Pete Hegseth le pregunt\u00f3 si se refer\u00eda a la \u00abescasez\u00bb del liderazgo,&nbsp;a lo que la la ex primera dama estadounidense respondi\u00f3 afirmativamente.&nbsp;<\/p>\n<p>La escasez de este producto \u2014clave para los beb\u00e9s que no pueden alimentarse con leche materna\u2014&nbsp;est\u00e1 alcanzando&nbsp;niveles alarmantes en EE.UU., <strong>en medio de la creciente inflaci\u00f3n<\/strong> que se ha registrado en el pa\u00eds norteamericano en el primer trimestre de este a\u00f1o.<\/p>\n<p>Seg\u00fan un estudio de Datasembly,&nbsp;<a href=\"https:\/\/www.cbsnews.com\/news\/baby-formula-shortage-worse-ration-limit-purchase-walgreens-target-cvs-national-crisis\/\" target=\"_blank\" rel=\"nofollow noopener noreferrer\">citado<\/a>&nbsp;por CBS,&nbsp;la f\u00f3rmula m\u00e1s vendida estaba agotada en&nbsp;m\u00e1s del 40 % de las&nbsp;11.000 tiendas&nbsp;estadounidenses revisadas durante la semana que finaliz\u00f3 el 24 de abril.&nbsp;<\/p>\n<\/div>\n","protected":false},"excerpt":{"rendered":"<p>Publicado: 15 may 2022 02:36 GMT La ausencia de este producto en las tiendas est\u00e1 alcanzando niveles alarmantes en el pa\u00eds norteamericano en medio de la creciente inflaci\u00f3n que se ha registrado en el primer trimestre de 2022. Melania Trump, ex primera dama de EE.UU., afirm\u00f3 este s\u00e1bado en una entrevista con Fox News que&nbsp;la [&hellip;]<\/p>\n","protected":false},"author":1,"featured_media":40268,"comment_status":"closed","ping_status":"closed","sticky":false,"template":"","format":"standard","meta":[],"categories":[22],"tags":[],"_links":{"self":[{"href":"http:\/\/cordobainforma.info\/index.php\/wp-json\/wp\/v2\/posts\/40267"}],"collection":[{"href":"http:\/\/cordobainforma.info\/index.php\/wp-json\/wp\/v2\/posts"}],"about":[{"href":"http:\/\/cordobainforma.info\/index.php\/wp-json\/wp\/v2\/types\/post"}],"author":[{"embeddable":true,"href":"http:\/\/cordobainforma.info\/index.php\/wp-json\/wp\/v2\/users\/1"}],"replies":[{"embeddable":true,"href":"http:\/\/cordobainforma.info\/index.php\/wp-json\/wp\/v2\/comments?post=40267"}],"version-history":[{"count":0,"href":"http:\/\/cordobainforma.info\/index.php\/wp-json\/wp\/v2\/posts\/40267\/revisions"}],"wp:featuredmedia":[{"embeddable":true,"href":"http:\/\/cordobainforma.info\/index.php\/wp-json\/wp\/v2\/media\/40268"}],"wp:attachment":[{"href":"http:\/\/cordobainforma.info\/index.php\/wp-json\/wp\/v2\/media?parent=40267"}],"wp:term":[{"taxonomy":"category","embeddable":true,"href":"http:\/\/cordobainforma.info\/index.php\/wp-json\/wp\/v2\/categories?post=40267"},{"taxonomy":"post_tag","embeddable":true,"href":"http:\/\/cordobainforma.info\/index.php\/wp-json\/wp\/v2\/tags?post=40267"}],"curies":[{"name":"wp","href":"https:\/\/api.w.org\/{rel}","templated":true}]}}