{"id":40259,"date":"2022-05-14T15:03:09","date_gmt":"2022-05-14T15:03:09","guid":{"rendered":"https:\/\/www.mujerhoy.com\/moda\/no-te-pierdas\/marta-ortega-vestido-blanco-zara-original-especial-camisero-bordado-edicion-limitada-agotado-favorece-20220514160942-nt.html"},"modified":"2022-05-14T15:03:09","modified_gmt":"2022-05-14T15:03:09","slug":"marta-ortega-tiene-el-vestido-blanco-de-zara-mas-especial-camisero-bordado-de-edicion-limitada-y-casi-agotado","status":"publish","type":"post","link":"http:\/\/cordobainforma.info\/index.php\/2022\/05\/14\/marta-ortega-tiene-el-vestido-blanco-de-zara-mas-especial-camisero-bordado-de-edicion-limitada-y-casi-agotado\/","title":{"rendered":"Marta Ortega tiene el vestido blanco de Zara m\u00e1s especial: camisero, bordado, de edici\u00f3n limitada y casi agotado"},"content":{"rendered":"<p><!-- AUTHOR --><\/p>\n<div class=\"voc-author-timesocial \"><!-- AUTHOR --><\/p>\n<div class=\"voc-author-timesocial__signature\"><!-- INFO AUTHOR --><\/p>\n<div class=\"voc-author-timesocial__info\">\n<div class=\"voc-author-info\"><author><a title=\"RAQUEL RODR\u00cdGUEZ\" href=\"https:\/\/www.mujerhoy.com\/autor\/raquel-rodriguez-2893.html\" class=\"voc-author\">RAQUEL RODR\u00cdGUEZ <\/a><\/author><time> S\u00e1bado, 14 mayo 2022, 17:03 <\/time><\/div>\n<\/div>\n<\/div>\n<div class=\"voc-author-timesocial__social\"><span class=\"voc-comments\"><a href=\"https:\/\/www.mujerhoy.com\/moda\/no-te-pierdas\/marta-ortega-vestido-blanco-zara-original-especial-camisero-bordado-edicion-limitada-agotado-favorece-20220514160942-nt.html#comments\" data-voc-vtm-id=\"btncomentar\" data-voc-vtm-info=\"fixed\" data-voc-anchor-displacement><i class=\"voc-icons comment\"><\/i><\/a><span class=\"voc-number\" data-voc-comments-count=\"4195c482-d38e-11ec-97e3-78bfad5c4d11\" data-voc-comments-count-zero-text><\/span><\/span><a title=\"facebook\" data-voc-vtm-id=\"compartirrrss\" data-voc-vtm-info=\"fixed-facebook\" class=\"voc-social-btn voc-facebook-share\" data-voc-social-sharer=\"facebook\" data-voc-type-button=\"fixed-btn\"><span class=\"icon icon--facebook-cb3 voc-icons facebook\"><\/span><\/a><a title=\"twitter\" data-voc-vtm-id=\"compartirrrss\" data-voc-vtm-info=\"fixed-twitter\" class=\"voc-social-btn voc-twitter-share\" data-voc-social-sharer=\"twitter\" data-voc-type-button=\"fixed-btn\"><span class=\"icon icon--twitter-cb3 voc-icons twitter\"><\/span><\/a><a title=\"whatsapp\" data-voc-vtm-id=\"compartirrrss\" data-voc-vtm-info=\"fixed-whatsapp\" class=\"voc-social-btn voc-whatsapp-share\" data-voc-social-sharer=\"whatsapp\" data-voc-type-button=\"fixed-btn\"><span class=\"icon icon--whatsapp-cb3 voc-icons whatsapp\"><\/span><\/a><a title=\"telegram\" class=\"voc-social-btn voc-telegram-share\" data-voc-social-sharer=\"telegram\"><span class=\"icon icon--telegram-cb3 voc-icon-telegram\"><\/span><\/a><a data-voc-vtm-id=\"compartirrrss\" data-voc-vtm-info=\"fixed-linkedin\" class=\"voc-social-btn voc-linkedin-share\" data-voc-social-sharer=\"linkedin\" data-voc-type-button=\"fixed-btn\"><span class=\"icon icon--linkedin-cb3 voc-icons linkedin\"><\/span><\/a><a class=\"voc-social-btn voc-more-share\" data-voc-seahorse=\"barraAutor\"><span class=\"icon icon--more-cb3 voc-icons dots\"><\/span><\/a><a title=\"Favorito\" data-voc-vtm-id=\"btnleerdespues\" data-voc-vtm-info=\"fixed\" class=\"voc-social-btn voc-bookmarks\" data-voc-starred><span class=\"icon icon--bookmarks-cb3 voc-icons bookmark\"><\/span><\/a><\/div>\n<\/div>\n<p><!-- COMPONENTS --><\/p>\n<p class=\"voc-paragraph\"><strong>Marta Ortega<\/strong> ha confirmado una de las tendencias de la temporada: <a data-voc-vtm-id=\"in-text-traffic\" href=\"https:\/\/www.mujerhoy.com\/moda\/no-te-pierdas\/vestido-blanco-calado-encaje-bordado-tendencia-famosas-influencers-look-verano-20220501162152-nt.html\">el blanco con bordados<\/a>. Las prendas de este estilo se llevan m\u00e1s que nunca y esta temporada es un &#8216;must have&#8217; que no puede faltar en tu armario. Y Marta lo sabe. Y como buena (por no decir la mejor) embajadora de <strong>Zara<\/strong>, se ha unido a esta moda con <a data-voc-vtm-id=\"in-text-traffic\" href=\"https:\/\/www.mujerhoy.com\/moda\/tendencias\/vestidos-blancos-elegantes-favorecedores-zara-hacen-tipazo-rejuvenecen-20220430142534-nt.html\">un vestido blanco<\/a> ideal que ha lucido por las calles de Madrid y que se va a convertir en uno de los favoritos del momento.\n<\/p>\n<div class=\"voc-detail__cmp\">\n<div class=\"voc-grouper-related__wrapper\">\n<section class=\"voc-grouper-related voc-detail-section voc-detail-section--bdr-bottom\">\n<h4 class=\"voc-grouper-related-title voc-title-section voc-title-section--underline\"> ADEM\u00c1S TE INTERESA <\/h4>\n<div class=\"voc-grouper-related__grid voc-grid voc-grid--2-cols\">\n<div class=\"voc-article-container\">\n<article class=\"voc-article voc-article--cmp-related voc-article--cmp-related--2-cols voc-article--photo-left voc-home-tit-st \">\n<div class=\"voc-img-container \"><picture><a href=\"https:\/\/www.mujerhoy.com\/moda\/tendencias\/vestidos-flores-tendencia-primavera-zara-mango-stradivarius-20220417133404-ga.html#vca=modulos&amp;vso=mujerhoy&amp;vmc=noticias-rel-cmp&amp;vli=no%20te%20pierdas\" class=\"voc-horizontal voc-img-icon-link\"><img alt=\"Los vestidos de flores que necesitas para apuntarte a la tendencia estrella de la primavera\" class=\"lazy\" loading=\"lazy\" data-original=\" \/\/static.mujerhoy.com\/www\/multimedia\/202204\/12\/media\/cortadas\/Vestidos-flores-arriba-kscF--984x552@MujerHoy.jpg \"><\/a><\/picture><\/div>\n<div class=\"voc-info-container\">\n<h3 class=\"voc-title\"><span class=\"voc-init-gallery\">Galer\u00eda.<\/span><a href=\"https:\/\/www.mujerhoy.com\/moda\/tendencias\/vestidos-flores-tendencia-primavera-zara-mango-stradivarius-20220417133404-ga.html#vca=modulos&amp;vso=mujerhoy&amp;vmc=noticias-rel-cmp&amp;vli=no%20te%20pierdas\" title=\"Los vestidos de flores que necesitas para apuntarte a la tendencia estrella de la primavera\"> Los vestidos de flores que necesitas para apuntarte a la tendencia estrella de la primavera <\/a><\/h3>\n<div class=\"voc-author-onplus-container\"><span class=\"voc-article-author\"><author><a href=\"https:\/\/www.mujerhoy.com\/autor\/alona-fdez-larrechi--3032.html\" title=\"Alo\u00f1a Fdez. Larrechi \" class=\"voc-author\"><span> Alo\u00f1a Fdez. Larrechi <\/span><\/a><\/author><\/span><\/div>\n<\/div>\n<\/article>\n<\/div>\n<div class=\"voc-article-container\">\n<article class=\"voc-article voc-article--cmp-related voc-article--cmp-related--2-cols voc-article--photo-left voc-home-tit-st \">\n<div class=\"voc-img-container \"><picture><a href=\"https:\/\/www.mujerhoy.com\/moda\/no-te-pierdas\/202105\/19\/vestidos-trajes-monos-baratos-bonitos-favorecedores-look-invitada-boda-poco-dinero-140409842539-ga.html#vca=modulos&amp;vso=mujerhoy&amp;vmc=noticias-rel-cmp&amp;vli=no te pierdas\" class=\"voc-horizontal voc-img-icon-link\"><img alt=\"Estos preciosos vestidos made in Spain son los que que eligen royals e influencers para sus eventos\" class=\"lazy\" loading=\"lazy\" data-original=\" \/\/static1.mujerhoy.com\/www\/multimedia\/202205\/10\/media\/cortadas\/matelier-design-vestidos-invitadas-royals-kxXH-U17039173560O3G-624x624@MujerHoy.jpg \"><\/a><\/picture><\/div>\n<div class=\"voc-info-container\">\n<h3 class=\"voc-title\"><a href=\"https:\/\/www.mujerhoy.com\/moda\/no-te-pierdas\/vestidos-invitada-made-in-spain-royals-influencers-matelier-favoritos-belen-corsini-20220513125220-nt.html#vca=modulos&amp;vso=mujerhoy&amp;vmc=noticias-rel-cmp&amp;vli=no%20te%20pierdas\" title=\"Estos preciosos vestidos made in Spain son los que que eligen royals e influencers para sus eventos\"> Estos preciosos vestidos made in Spain son los que que eligen royals e influencers para sus eventos <\/a><\/h3>\n<div class=\"voc-author-onplus-container\"><span class=\"voc-article-author\"><author><a href=\"https:\/\/www.mujerhoy.com\/autor\/carla-dominguez-4445.html\" title=\"Carla Dom\u00ednguez\" class=\"voc-author\"><span> Carla Dom\u00ednguez <\/span><\/a><\/author><\/span><\/div>\n<\/div>\n<\/article>\n<\/div>\n<\/div>\n<\/section>\n<\/div>\n<\/div>\n<p class=\"voc-paragraph\">Marta ha sido fotografiada paseando por las calles de Madrid junto a su marido Roberto Torretta y en ellas hemos podido ver que ha estrenado uno de los vestidos m\u00e1s especiales de Zara. Se trata de una pieza de edici\u00f3n limitada que forma parte de esa selecci\u00f3n <strong>de prendas de mayor calidad y de dise\u00f1o con nivel superior<\/strong> que \u00faltimamente ha sacado a la venta el gigante de Inditex y que demuestra que <strong>un vestido blanco puede hacer mucho m\u00e1s por nosotras <\/strong>de lo que pensamos.\n<\/p>\n<div class=\"voc-detail__cmp\">\n<div class=\"voc-article-container\">\n<article class=\"voc-article voc-article--cmp-photo-text\" readability=\"1\">\n<div class=\"voc-img-container\" readability=\"7\"><picture>\n<div class=\"voc-horizontal voc-img-icon-link\"><img class=\"lazy\" loading=\"lazy\" data-original=\"\/\/static1.mujerhoy.com\/www\/multimedia\/202205\/14\/media\/cortadas\/marta-ortega-carlos-torretta-kvuE--624x624@MujerHoy.jpg\" alt=\"Marta Ortega con un look de Zara y sandalias planas.\"><\/div>\n<\/picture>\n<p class=\"figure-caption \"> Marta Ortega con un look de Zara y sandalias planas. \/ <span class=\"voc-photo-author\"> gtres <\/span><\/p>\n<\/div>\n<\/article>\n<\/div>\n<\/div>\n<p class=\"voc-paragraph\">Es un <strong>vestido midi de cuello mao <\/strong>ligeramente subido y manga corta algo abullonada. Tiene el detalle de<br \/>\n<strong> bordados perforados<\/strong> combinados a tono que recorren toda la prenda, el <strong>bajo asim\u00e9trico<\/strong> y la parte superior est\u00e1 adornada con un cierre de botones frontal. Cuesta <strong>99,95 euros<\/strong> y, aunque est\u00e1 disponible desde la talla XS a a la XXL, en la web de la marca solo quedan disponibles las dos m\u00e1s peque\u00f1as.\n<\/p>\n<div class=\"voc-detail-photo-zoom\"><picture data-toggle=\"modal\" data-target=\"#photoZoomModal-338\" target=\"modal\">\n<div class=\"voc-img-icon-link\"><img loading=\"lazy\" data-original=\"\/\/static2.mujerhoy.com\/www\/multimedia\/202205\/14\/media\/cortadas\/marta-ortega-vestido-blanco-kvuE--460x637@MujerHoy.jpg\" class=\"lazy\" alt=\"Marta Ortega combin\u00f3 este vestido blanco de Zara con sandalias marrones.\"><noscript><img src=\"http:\/\/cordobainforma.info\/wp-content\/uploads\/2022\/05\/marta-ortega-tiene-el-vestido-blanco-de-zara-mas-especial-camisero-bordado-de-edicion-limitada-y-casi-agotado.jpg\" alt=\"Marta Ortega combin\u00f3 este vestido blanco de Zara con sandalias marrones.\"><\/noscript><i class=\"voc-icons zoom voc-multimedia-box voc-ico-l\"><\/i><\/div><figcaption class=\"figure-caption\">Marta Ortega combin\u00f3 este vestido blanco de Zara con sandalias marrones.<\/figcaption><\/picture><\/div>\n<div id=\"photoZoomModal-338\" class=\"voc-lightbox modal fade voc-lightbox--photo-zoom\" role=\"dialog\" data-voc-photozoom-lightbox>\n<div class=\"voc-lightbox__dialog\" role=\"document\">\n<div class=\"voc-lightbox__content\"><!-- Modal header --><\/p>\n<header class=\"voc-lightbox__header\"><span class=\"voc-lightbox__title\">Marta Ortega combin\u00f3 este vestido blanco de Zara con sandalias marrones.<\/span><\/header>\n<p><!-- Modal content --><\/p>\n<div class=\"voc-lightbox__photo-container\"><picture class><img loading=\"lazy\" data-original=\"\/\/static2.mujerhoy.com\/www\/multimedia\/202205\/14\/media\/cortadas\/marta-ortega-vestido-blanco-kvuE--460x637@MujerHoy.jpg\" alt=\"Marta Ortega combin\u00f3 este vestido blanco de Zara con sandalias marrones.\" class=\"lazy\"><noscript><img src=\"http:\/\/cordobainforma.info\/wp-content\/uploads\/2022\/05\/marta-ortega-tiene-el-vestido-blanco-de-zara-mas-especial-camisero-bordado-de-edicion-limitada-y-casi-agotado.jpg\" alt=\"Marta Ortega combin\u00f3 este vestido blanco de Zara con sandalias marrones.\"><\/noscript><\/picture><\/div>\n<\/div>\n<\/div>\n<\/div>\n<p class=\"voc-paragraph\">Marta combin\u00f3 esta maravilla de prenda con unas <strong>sandalias planas marrones y un bolso grande a juego<\/strong>. Un look sencillo, pero muy favorecedor con el que Marta ha confirmado que es la mejor embajadora de la marca de la que ahora es presidenta. Un estilismo de diez y muy f\u00e1cil de copiar porque, si tu talla est\u00e1 agotada o si el precio te parece demasiado alto, debes saber que <strong>Zara tiene a la venta varios modelos con bordados en blanco similares<\/strong> a este y a precios m\u00e1s asequibles.\n<\/p>\n<div class=\"voc-detail-photo-zoom\"><picture data-toggle=\"modal\" data-target=\"#photoZoomModal-788\" target=\"modal\">\n<div class=\"voc-img-icon-link\"><img loading=\"lazy\" data-original=\"\/\/static.mujerhoy.com\/www\/multimedia\/202205\/14\/media\/cortadas\/vestido-blanco-zara-bordados-kvuE--460x637@MujerHoy.jpg\" class=\"lazy\" alt=\"El vestido de Marta Ortega tiene bordados y manga abullonada.\"><noscript><img src=\"http:\/\/cordobainforma.info\/wp-content\/uploads\/2022\/05\/marta-ortega-tiene-el-vestido-blanco-de-zara-mas-especial-camisero-bordado-de-edicion-limitada-y-casi-agotado-1.jpg\" alt=\"El vestido de Marta Ortega tiene bordados y manga abullonada.\"><\/noscript><i class=\"voc-icons zoom voc-multimedia-box voc-ico-l\"><\/i><\/div><figcaption class=\"figure-caption\">El vestido de Marta Ortega tiene bordados y manga abullonada.<\/figcaption><\/picture><\/div>\n<div id=\"photoZoomModal-788\" class=\"voc-lightbox modal fade voc-lightbox--photo-zoom\" role=\"dialog\" data-voc-photozoom-lightbox>\n<div class=\"voc-lightbox__dialog\" role=\"document\">\n<div class=\"voc-lightbox__content\"><!-- Modal header --><\/p>\n<header class=\"voc-lightbox__header\"><span class=\"voc-lightbox__title\">El vestido de Marta Ortega tiene bordados y manga abullonada.<\/span><\/header>\n<p><!-- Modal content --><\/p>\n<div class=\"voc-lightbox__photo-container\"><picture class><img loading=\"lazy\" data-original=\"\/\/static.mujerhoy.com\/www\/multimedia\/202205\/14\/media\/cortadas\/vestido-blanco-zara-bordados-kvuE--460x637@MujerHoy.jpg\" alt=\"El vestido de Marta Ortega tiene bordados y manga abullonada.\" class=\"lazy\"><noscript><img src=\"http:\/\/cordobainforma.info\/wp-content\/uploads\/2022\/05\/marta-ortega-tiene-el-vestido-blanco-de-zara-mas-especial-camisero-bordado-de-edicion-limitada-y-casi-agotado-1.jpg\" alt=\"El vestido de Marta Ortega tiene bordados y manga abullonada.\"><\/noscript><\/picture><\/div>\n<\/div>\n<\/div>\n<\/div>\n<div class=\"voc-detail__cmp\">\n<div class=\"voc-grouper-related__wrapper\">\n<section class=\"voc-grouper-related voc-detail-section voc-detail-section--bdr-bottom\">\n<h4 class=\"voc-grouper-related-title voc-title-section voc-title-section--underline\"> TE RECOMENDAMOS <\/h4>\n<div class=\"voc-grouper-related__grid voc-grid voc-grid--2-cols\">\n<div class=\"voc-article-container\">\n<article class=\"voc-article voc-article--cmp-related voc-article--cmp-related--2-cols voc-article--photo-left voc-home-tit-st \">\n<div class=\"voc-img-container \"><picture><a href=\"https:\/\/www.mujerhoy.com\/moda\/tendencias\/202102\/18\/marta-ortega-ropa-zara-vestidos-agotados-looks-iconicos-130570312802-ga.html#vca=modulos&amp;vso=mujerhoy&amp;vmc=noticias-rel-cmp&amp;vli=no te pierdas\" class=\"voc-horizontal voc-img-icon-link\"><img alt=\"Marta Ortega arrasa con el vestido de lunares de edici\u00f3n limitada m\u00e1s deseado de Zara\" class=\"lazy\" loading=\"lazy\" data-original=\" \/\/static1.mujerhoy.com\/www\/multimedia\/202110\/18\/media\/cortadas\/marta-ortega-vestido-agotado-zara-kNzB-U150869939110UHG-624x624@MujerHoy.jpg \"><\/a><\/picture><\/div>\n<div class=\"voc-info-container\">\n<h3 class=\"voc-title\"><a href=\"https:\/\/www.mujerhoy.com\/moda\/no-te-pierdas\/marta-ortega-vestido-zara-agotado-todas-las-tallas-lista-espera-20211018135704-nt.html#vca=modulos&amp;vso=mujerhoy&amp;vmc=noticias-rel-cmp&amp;vli=no%20te%20pierdas\" title=\"Marta Ortega arrasa con el vestido de lunares de edici\u00f3n limitada m\u00e1s deseado de Zara\"> Marta Ortega arrasa con el vestido de lunares de edici\u00f3n limitada m\u00e1s deseado de Zara <\/a><\/h3>\n<div class=\"voc-author-onplus-container\"><span class=\"voc-article-author\"><author><a href=\"https:\/\/www.mujerhoy.com\/autor\/ana-calvo-1186.html\" title=\"Ana Calvo\" class=\"voc-author\"><span> Ana Calvo <\/span><\/a><\/author><\/span><\/div>\n<\/div>\n<\/article>\n<\/div>\n<div class=\"voc-article-container\">\n<article class=\"voc-article voc-article--cmp-related voc-article--cmp-related--2-cols voc-article--photo-left voc-home-tit-st \">\n<div class=\"voc-img-container \"><picture><a href=\"https:\/\/www.mujerhoy.com\/moda\/tendencias\/202102\/18\/marta-ortega-ropa-zara-vestidos-agotados-looks-iconicos-130570312802-ga.html#vca=modulos&amp;vso=mujerhoy&amp;vmc=noticias-rel-cmp&amp;vli=no te pierdas\" class=\"voc-horizontal voc-img-icon-link\"><img alt=\"Marta Ortega ha llevado antes que t\u00fa el vestido de Zara de edici\u00f3n limitada que ya tiene lista de espera\" class=\"lazy\" loading=\"lazy\" data-original=\" \/\/static1.mujerhoy.com\/www\/multimedia\/202109\/28\/media\/cortadas\/marta-ortega-vestido-zara-viral-agotado-lista-espera-todas-las-tallas-edicion-limitada3-kzJB-U150669425665yLF-624x624@MujerHoy.jpg \"><\/a><\/picture><\/div>\n<div class=\"voc-info-container\">\n<h3 class=\"voc-title\"><a href=\"https:\/\/www.mujerhoy.com\/moda\/no-te-pierdas\/marta-ortega-vestido-zara-viral-agotado-lista-espera-edicion-limitada-20210928095109-nt.html#vca=modulos&amp;vso=mujerhoy&amp;vmc=noticias-rel-cmp&amp;vli=no%20te%20pierdas\" title=\"Marta Ortega ha llevado antes que t\u00fa el vestido de Zara de edici\u00f3n limitada que ya tiene lista de espera\"> Marta Ortega ha llevado antes que t\u00fa el vestido de Zara de edici\u00f3n limitada que ya tiene lista de espera <\/a><\/h3>\n<div class=\"voc-author-onplus-container\"><span class=\"voc-article-author\"><author><a href=\"https:\/\/www.mujerhoy.com\/autor\/ana-calvo-1186.html\" title=\"Ana Calvo\" class=\"voc-author\"><span> Ana Calvo <\/span><\/a><\/author><\/span><\/div>\n<\/div>\n<\/article>\n<\/div>\n<\/div>\n<\/section>\n<\/div>\n<\/div>\n<p><!-- TOPICS --><\/p>\n<div class=\"voc-topics voc-detail-grid\">\n<h3>Temas<\/h3>\n<p><a href=\"https:\/\/www.mujerhoy.com\/temas\/personajes\/marta-ortega.html\" title=\"Marta Ortega\">Marta Ortega<\/a><a href=\"https:\/\/www.mujerhoy.com\/temas\/entidades\/zara.html\" title=\"Zara\">Zara<\/a><a href=\"https:\/\/www.mujerhoy.com\/temas\/generales\/vestidos.html\" title=\"Vestidos\">Vestidos<\/a><\/div>\n<div class=\"links-interest accordion\" data-voc-seahorse=\"accordion\">\n<div class=\"accordion-card\">\n<div class=\"links-interest__header-item accordion-header\"><a href=\"https:\/\/www.mujerhoy.com\/moda\/no-te-pierdas\/marta-ortega-vestido-blanco-zara-original-especial-camisero-bordado-edicion-limitada-agotado-favorece-20220514160942-nt.html#\" class=\"links-interest__header-link accordion-link\"> Enlaces de inter\u00e9s <span class=\"links-interest__icon accordion-icon\"><\/span><\/a><\/div>\n<div class=\"links-interest__collapse accordion-collapse\">\n<nav class=\"links-interest__collapse-nav\">\n<ul class=\"links-interest__collapse-list\">\n<li class=\"links-interest__collapse-item accordion-subitem\"><a href=\"https:\/\/www.mujerhoy.com\/moda\/no-te-pierdas\/sandalias-cuna-sfera-baratas-comodas-originales-20220513084556-nt.html\" class=\"links-interest__collapse-link\" _target=\"_self\"> Sandalias cu\u00f1a <\/a><\/li>\n<li class=\"links-interest__collapse-item accordion-subitem\"><a href=\"https:\/\/www.mujerhoy.com\/moda\/no-te-pierdas\/reina-letizia-alpargatas-comodas-made-in-spain-look-falda-midi-primavera-20220512082641-nt.html\" class=\"links-interest__collapse-link\" _target=\"_self\"> Alpargatas Letizia <\/a><\/li>\n<li class=\"links-interest__collapse-item accordion-subitem\"><a href=\"https:\/\/www.mujerhoy.com\/celebrities\/todos-detalles-boda-miguel-baez-litri-casilda-ybarra-sevilla-polemica-divorcio-carolina-herrera-20220512131526-nt.html\" class=\"links-interest__collapse-link\" _target=\"_self\"> Boda Litri <\/a><\/li>\n<li class=\"links-interest__collapse-item accordion-subitem\"><a href=\"https:\/\/www.mujerhoy.com\/moda\/no-te-pierdas\/sandalias-tacon-comodo-made-in-spain-versatiles-diario-looks-especiales-20220510140218-nt.html\" class=\"links-interest__collapse-link\" _target=\"_self\"> Sandalias Made in Spain <\/a><\/li>\n<li class=\"links-interest__collapse-item accordion-subitem\"><a href=\"https:\/\/www.mujerhoy.com\/belleza\/tratamientos\/agua-colonia-usaban-nuestras-abuelas-aroma-citrico-fresco-preferida-buen-tiempo-20220511125048-nt.html\" class=\"links-interest__collapse-link\" _target=\"_self\"> Agua colonia <\/a><\/li>\n<li class=\"links-interest__collapse-item accordion-subitem\"><a href=\"https:\/\/www.mujerhoy.com\/celebrities\/carolina-adriana-herrera-millonario-divorcio-litri-fortuna-nuevo-novio-20220511125644-nt.html\" class=\"links-interest__collapse-link\" _target=\"_self\"> Carolina Adriana Herrera <\/a><\/li>\n<\/ul>\n<\/nav>\n<\/div>\n<\/div>\n<\/div>\n","protected":false},"excerpt":{"rendered":"<p>RAQUEL RODR\u00cdGUEZ S\u00e1bado, 14 mayo 2022, 17:03 Marta Ortega ha confirmado una de las tendencias de la temporada: el blanco con bordados. Las prendas de este estilo se llevan m\u00e1s que nunca y esta temporada es un &#8216;must have&#8217; que no puede faltar en tu armario. Y Marta lo sabe. Y como buena (por no [&hellip;]<\/p>\n","protected":false},"author":1,"featured_media":40260,"comment_status":"closed","ping_status":"closed","sticky":false,"template":"","format":"standard","meta":[],"categories":[24],"tags":[],"_links":{"self":[{"href":"http:\/\/cordobainforma.info\/index.php\/wp-json\/wp\/v2\/posts\/40259"}],"collection":[{"href":"http:\/\/cordobainforma.info\/index.php\/wp-json\/wp\/v2\/posts"}],"about":[{"href":"http:\/\/cordobainforma.info\/index.php\/wp-json\/wp\/v2\/types\/post"}],"author":[{"embeddable":true,"href":"http:\/\/cordobainforma.info\/index.php\/wp-json\/wp\/v2\/users\/1"}],"replies":[{"embeddable":true,"href":"http:\/\/cordobainforma.info\/index.php\/wp-json\/wp\/v2\/comments?post=40259"}],"version-history":[{"count":0,"href":"http:\/\/cordobainforma.info\/index.php\/wp-json\/wp\/v2\/posts\/40259\/revisions"}],"wp:featuredmedia":[{"embeddable":true,"href":"http:\/\/cordobainforma.info\/index.php\/wp-json\/wp\/v2\/media\/40260"}],"wp:attachment":[{"href":"http:\/\/cordobainforma.info\/index.php\/wp-json\/wp\/v2\/media?parent=40259"}],"wp:term":[{"taxonomy":"category","embeddable":true,"href":"http:\/\/cordobainforma.info\/index.php\/wp-json\/wp\/v2\/categories?post=40259"},{"taxonomy":"post_tag","embeddable":true,"href":"http:\/\/cordobainforma.info\/index.php\/wp-json\/wp\/v2\/tags?post=40259"}],"curies":[{"name":"wp","href":"https:\/\/api.w.org\/{rel}","templated":true}]}}