{"id":40204,"date":"2022-05-14T17:34:00","date_gmt":"2022-05-14T17:34:00","guid":{"rendered":"https:\/\/somoscordobeses.com\/2022\/05\/14\/una-extrana-escuela-en-san-pedro-tiene-solo-dos-alumnos-y-sus-padres-viven-en-un-aula\/"},"modified":"2022-05-14T17:34:00","modified_gmt":"2022-05-14T17:34:00","slug":"una-extrana-escuela-en-san-pedro-tiene-solo-dos-alumnos-y-sus-padres-viven-en-un-aula","status":"publish","type":"post","link":"http:\/\/cordobainforma.info\/index.php\/2022\/05\/14\/una-extrana-escuela-en-san-pedro-tiene-solo-dos-alumnos-y-sus-padres-viven-en-un-aula\/","title":{"rendered":"Una extra\u00f1a escuela en San Pedro: tiene s\u00f3lo dos alumnos y sus padres viven en un aula"},"content":{"rendered":"<div>\n<p>La escena es propia de un \u00e1mbito marginal, pero ocurre en uno educativo. En una escuela rural de San Pedro, provincia de Buenos Aires, donde los docentes iban a dejar de cobrar el plus por ruralidad, porque la zona se qued\u00f3 sin poblaci\u00f3n e iban a ser reubicados, denuncian que<strong>&nbsp;\u201cinstalaron\u201d a una pareja de caseros<\/strong>, que comen y duermen en el aula, junto a una garrafa.<\/p>\n<p>Dos de sus hijos son los \u00fanicos alumnos y una de las maestras, que adem\u00e1s ser\u00eda&nbsp;concejal, va una vez por semana a dar clases. Pero cobra dos salarios.<\/p>\n<div>\n<div> <picture><source media=\"(min-width: 720px)\"><\/picture><figcaption>\n<p>La escuela se fue quedando sin alumnos porque la poblaci\u00f3n cercana emigr\u00f3. Foto: LaNoticia1 <\/p>\n<\/figcaption><\/div>\n<\/div>\n<p>La historia la dio a conocer&nbsp;esta semana lanoticia1.com, que habl\u00f3 con la pareja. \u201cTanto la madre como su hija de 14 a\u00f1os&nbsp;<strong>est\u00e1n embarazadas<\/strong>. Y el \u00fanico ingreso que tienen son subsidios del Estado. Viven dentro de un aula, donde duermen como \u201cpresos\u201d junto a una garrafa. La directora no les habla\u201d, detall\u00f3 el medio.<\/p>\n<p>El escenario es la Escuela N\u00b032 del paraje La Bolsa, en el partido de San Pedro. Ubicada en un camino rural, a m\u00e1s de 40 kil\u00f3metros del centro de la localidad, <strong>fue perdiendo estudiantes<\/strong> hasta quedarse sin alumnos. La Jefatura Distrital de Educaci\u00f3n, que conduce Marcela Lucchesi, propuso que el edificio no se cierre utilizando la figura de \u201ccuidadores\u201d: la pareja que aport\u00f3 los <strong>\u00fanicos dos alumnos de la instituci\u00f3n<\/strong>.<\/p>\n<p><strong>Clar\u00edn <\/strong>intent\u00f3 contactar a&nbsp;Lucchesi, pero no obtuvo&nbsp;respuesta.&nbsp;Seg\u00fan dijeron a este diario desde el Ministerio de Educaci\u00f3n bonaerense, la normativa que regula esta figura, la de \u201ccaseros\u201d o \u201ccuidadores\u201d, es la resoluci\u00f3n 1782 de la Direcci\u00f3n General de Cultura y Educaci\u00f3n de la Provincia. Sin embargo, en el caso de esta escuela, no se habr\u00eda tratado de un contrato, sino de un acuerdo.<\/p>\n<div>\n<div> <picture><source media=\"(min-width: 720px)\"><\/picture><figcaption>\n<p>El estado del edificio de la escuela, que finalmente se cerrar\u00e1. Foto: LaNoticia1 <\/p>\n<\/figcaption><\/div>\n<\/div>\n<p>\u201cEs un acuerdo de uso precario y ante la necesidad o el incumplimiento de las partes se puede revocar en cualquier momento. No son \u2018caseros\u2019. Es un <strong>permiso de uso precario de la vivienda<\/strong>. El uso de esta figura se usa en las zonas rurales y en escuelas muchas veces sin actividad escolar por falta circunstancial de matr\u00edcula\u201d, explican.<\/p>\n<p>Seg\u00fan pudo saber <strong>Clar\u00edn<\/strong>,&nbsp;precisamente se utiliza esta figura en caso que un inmueble quede en desuso temporariamente, para evitar usurpaciones, vandalismo o deterioro. Pero lo ins\u00f3lito es que esto sucede en una escuela.<\/p>\n<p>Mar\u00eda Macchi, la mujer que vive en el aula junto a su marido y sus cuatro hijos, dijo que <strong>fueron a buscarlos a Entre R\u00edos<\/strong>, en una camioneta municipal, para instalarlos en la instituci\u00f3n. La familia hab\u00eda viajado a esa provincia para participar de una toma de terrenos.<\/p>\n<p>El aval para que esta familia termine viviendo en una de las aulas necesit\u00f3 varios \u201cs\u00ed\u201d de diferentes autoridades. Primero, la aprobaci\u00f3n de la coordinaci\u00f3n del Consejo Provincial de Educaci\u00f3n y Trabajo. Segundo, la de la la Secretar\u00eda de Seguridad. Tercero, la de la c\u00fapula distrital educativa.<\/p>\n<p>\u00bfPor qu\u00e9 lleg\u00f3 esta familia en particular desde otra provincia?&nbsp;Como la nena, de&nbsp;14 a\u00f1os, estaba embarazada, requirieron asistencia al municipio para volver a San Pedro. As\u00ed, un m\u00f3vil de Inspecci\u00f3n hizo el viaje San Pedro \u2013 Gualeguaych\u00fa \u2013 Santa Luc\u00eda y trajo&nbsp;de vuelta a esta familia, con parada definitiva en la escuela.<\/p>\n<p>El circuito legal para un procedimiento de este tipo hubiese sido presentar la documentaci\u00f3n dirigida a la directora de la escuela y reci\u00e9n ah\u00ed, con la aprobaci\u00f3n de la Direcci\u00f3n de Inspecci\u00f3n, se derivar\u00eda al Consejo Escolar para que lo remitiera al Ministerio de Educaci\u00f3n en La Plata, a cargo de Alberto Sileoni, y se d\u00e9 curso a un expediente.<\/p>\n<p>Ac\u00e1 s\u00f3lo comunicaron que la familia ya estaba \u201cadentro\u201d.<\/p>\n<div>\n<div> <picture><source media=\"(min-width: 720px)\"><\/picture><figcaption>\n<p>Est\u00e1 ubicada en una zona rural en la que, antes de que trajeran a la pareja de caseros, ya no hab\u00eda alumnos. Foto: LaNoticia1 <\/p>\n<\/figcaption><\/div>\n<\/div>\n<p>A las y los maestros que se desempe\u00f1an en el campo se les paga una suma extra conocida como \u201cruralidad\u201d, una retribuci\u00f3n por la desfavorabilidad que tiene la escuela.<strong> El plus es del 120%<\/strong>.<\/p>\n<p>En cuanto a la maestra que va una vez por semana, ejercer\u00eda como profesora de Educaci\u00f3n F\u00edsica para&nbsp;las clases de gimnasia de los dos \u00fanicos alumnos que tiene el establecimiento.<\/p>\n<p>Mar\u00eda dijo que el \u00fanico sustento que tienen son los subsidios del Estado y que el \u00fanico beneficio por estar ah\u00ed&nbsp;es tener&nbsp;<strong>\u201cun techo en el aula\u201d<\/strong> y que sus hijos tengan clases. Pero no lo vive como una ventaja.<\/p>\n<p>Los dos alumnos de esta escuela, los hijos de Mar\u00eda, son los que tienen 7 y 10 a\u00f1os. Los otros dos, uno de 5 y otra de 14, no est\u00e1n escolarizados. Esto es as\u00ed porque la escuela en la que viven s\u00f3lo es primaria.<\/p>\n<p>\u201cEsto es un desastre, nos queremos ir de ac\u00e1\u201d, dijo la mujer. En las fotos se ven colchones sin s\u00e1banas, frazadas agujereadas y paredes y techos castigados por la humedad.<\/p>\n<p> Las clases, una vez por semana, se dan en el aula contigua a la que eligieron para ubicar las camas y la garrafa.<\/p>\n<p>\u201cComo las dos (por su hija mayor) esperamos familia necesitamos ir al m\u00e9dico. Y estando ac\u00e1 estamos muy lejos. El otro d\u00eda se golpe\u00f3 mi nene y<strong> no tengo como llevarlo al hospital<\/strong>. Para esto prefiero vivir en una casilla o en un rancho\u201d, admiti\u00f3 a ese medio.<\/p>\n<p>\u201cM\u00e1s all\u00e1 de esta situaci\u00f3n actual, la DGCYE junto con el Ministerio de Desarrollo de la comunidad est\u00e1n trabajando para encontrar una soluci\u00f3n habitacional para esta familia\u201d, dijeron a <strong>Clar\u00edn<\/strong> las autoridades.<\/p>\n<p><em>PS<\/em><\/p>\n<div>\n<h2>TEMAS QUE APARECEN EN ESTA NOTA<\/h2>\n<\/div>\n<\/div>\n<nav class=\"navigation post-navigation\" role=\"navigation\" aria-label=\"Continue Reading\">\n<h2 class=\"screen-reader-text\">Continue Reading<\/h2>\n<\/nav>\n","protected":false},"excerpt":{"rendered":"<p>La escena es propia de un \u00e1mbito marginal, pero ocurre en uno educativo. En una escuela rural de San Pedro, provincia de Buenos Aires, donde los docentes iban a dejar de cobrar el plus por ruralidad, porque la zona se qued\u00f3 sin poblaci\u00f3n e iban a ser reubicados, denuncian que&nbsp;\u201cinstalaron\u201d a una pareja de caseros, [&hellip;]<\/p>\n","protected":false},"author":1,"featured_media":40205,"comment_status":"closed","ping_status":"closed","sticky":false,"template":"","format":"standard","meta":[],"categories":[2],"tags":[],"_links":{"self":[{"href":"http:\/\/cordobainforma.info\/index.php\/wp-json\/wp\/v2\/posts\/40204"}],"collection":[{"href":"http:\/\/cordobainforma.info\/index.php\/wp-json\/wp\/v2\/posts"}],"about":[{"href":"http:\/\/cordobainforma.info\/index.php\/wp-json\/wp\/v2\/types\/post"}],"author":[{"embeddable":true,"href":"http:\/\/cordobainforma.info\/index.php\/wp-json\/wp\/v2\/users\/1"}],"replies":[{"embeddable":true,"href":"http:\/\/cordobainforma.info\/index.php\/wp-json\/wp\/v2\/comments?post=40204"}],"version-history":[{"count":0,"href":"http:\/\/cordobainforma.info\/index.php\/wp-json\/wp\/v2\/posts\/40204\/revisions"}],"wp:featuredmedia":[{"embeddable":true,"href":"http:\/\/cordobainforma.info\/index.php\/wp-json\/wp\/v2\/media\/40205"}],"wp:attachment":[{"href":"http:\/\/cordobainforma.info\/index.php\/wp-json\/wp\/v2\/media?parent=40204"}],"wp:term":[{"taxonomy":"category","embeddable":true,"href":"http:\/\/cordobainforma.info\/index.php\/wp-json\/wp\/v2\/categories?post=40204"},{"taxonomy":"post_tag","embeddable":true,"href":"http:\/\/cordobainforma.info\/index.php\/wp-json\/wp\/v2\/tags?post=40204"}],"curies":[{"name":"wp","href":"https:\/\/api.w.org\/{rel}","templated":true}]}}