{"id":40202,"date":"2022-05-14T18:18:00","date_gmt":"2022-05-14T18:18:00","guid":{"rendered":"https:\/\/somoscordobeses.com\/2022\/05\/14\/reza-malena-la-verdadera-historia-y-el-video-inedito-del-viral-que-sigue-siendo-furor\/"},"modified":"2022-05-14T18:18:00","modified_gmt":"2022-05-14T18:18:00","slug":"reza-malena-la-verdadera-historia-y-el-video-inedito-del-viral-que-sigue-siendo-furor","status":"publish","type":"post","link":"http:\/\/cordobainforma.info\/index.php\/2022\/05\/14\/reza-malena-la-verdadera-historia-y-el-video-inedito-del-viral-que-sigue-siendo-furor\/","title":{"rendered":"\u201c\u00a1Rez\u00e1, Malena!\u201d: la verdadera historia y el video in\u00e9dito del viral que sigue siendo furor"},"content":{"rendered":"<div>\n<p><em>\u201cMalena, se me est\u00e1 quedando el auto. Dale, por Dios. Te pido Dios que nos ayudes. Dios, nos ayudes. Dios, te pido por favor llegar a casa. \u00a1Te pido por favor! \u00a1Dios, te pido! \u00a1Rez\u00e1, Malena!\u201d.<\/em><\/p>\n<p>Cuando el embriague y el freno perdieron el protagonismo, Daniela Mandil (57) no imaginaba que<strong>&nbsp;todos hablar\u00edan de ese momento<\/strong>. No pensaba siquiera en un ma\u00f1ana. Crey\u00f3 que ese instante de febrero de 2017 iba a ser el \u00faltimo que recordara. \u201cSe te pasan mil cosas por la cabeza\u201d, resume. El resto es historia. Y todav\u00eda hoy su voz desesperada vuelve en videos y memes, por ejemplo hace tres semanas, con el temporal que caus\u00f3 complicaciones en buena parte del pa\u00eds.<\/p>\n<p>La mujer hab\u00eda asistido horas antes a una reuni\u00f3n de trabajo, donde la lluvia ya le hab\u00eda jugado una mala pasada: su vestido termin\u00f3 empapado una vez que baj\u00f3 del auto. <strong>No sab\u00eda que le esperaba algo todav\u00eda peor<\/strong>. Porque, en el momento en el volvi\u00f3 a sentarse frente al volante para conducir hasta la casa de sus pap\u00e1s y buscar a su hija, todo se complic\u00f3.<\/p>\n<p>\u201cHab\u00eda llovido -reconstruye- bastante y, cuando pas\u00e9 por lo de mi mam\u00e1 y mi pap\u00e1, ya hab\u00eda cruzado como 30 arroyos, iba detr\u00e1s de un colectivo que levantaba toda el agua de la calle\u2026 Ven\u00eda muy cargada: <strong>lo \u00fanico que quer\u00eda era llegar a casa<\/strong>. Estaba cansada, estresada\u2026 Necesitaba llegar. Y, en el medio, pas\u00f3 esto. <strong>Parec\u00eda el diluvio universal<\/strong>\u201c.<\/p>\n<p><strong>El agua, que en cuesti\u00f3n de minutos desdibuj\u00f3 el camino<\/strong>, las oblig\u00f3 a seguir su intuici\u00f3n. Hac\u00eda poco tiempo que ambas se hab\u00edan mudado a ese barrio y no sab\u00edan que, los d\u00edas de tormenta, <strong>nadie toma esa ruta<\/strong>. \u201c20 metros a la izquierda y 50 a la derecha era todo agua. <strong>No se ve\u00eda ni la vereda, ni el arroyo\u2026<\/strong> Nada. Avanz\u00e1bamos y el agua crec\u00eda. Hasta hac\u00eda olas arriba del capot\u201d, le cuenta hoy a <strong>Clar\u00edn<\/strong>.<\/p>\n<p>Malena Castelli Mandil (21), su hija, apenas pasaba los 15 a\u00f1os. Al principio, el dramatismo para ella no era opci\u00f3n: entend\u00eda que se trataba de un episodio c\u00f3mico. Su mam\u00e1 no lo ve\u00eda as\u00ed.<strong> <\/strong>\u201cFilm\u00e1 para ver hasta d\u00f3nde llega el agua\u201d, le sugiri\u00f3 Daniela. La adolescente hab\u00eda interpretado otra cosa: <strong>\u201cPens\u00e9 que nos \u00edbamos a morir y que esa iba a ser la \u00fanica prueba que iba a quedar guardada\u201d<\/strong>.<\/p>\n<p><strong>-\u00bfCu\u00e1l fue la primera reacci\u00f3n?<\/strong><\/p>\n<p>-Estaba aterrorizada, porque el agua estaba cada vez m\u00e1s arriba. Est\u00e1bamos en un punto de no retorno, como si fuera un barco en la mitad del lago. <strong>Me agarr\u00f3 mucho miedo de que el auto empiece a flotar y nos cay\u00e9ramos al arroyo<\/strong>. Entonces, empec\u00e9 a pensar variantes: si soltarla a Malena, si abrir la puerta\u2026 Yo ten\u00eda mucho miedo. Y Malena se re\u00eda.<\/p>\n<p><strong>-Le pediste que filme, pero tambi\u00e9n que rece\u2026<\/strong><\/p>\n<p>-(Risas) No s\u00e9 de d\u00f3nde saqu\u00e9 eso porque<strong> no somos religiosas<\/strong>, pero era tanta la desesperaci\u00f3n que dec\u00eda: <strong>\u201cEl \u00fanico que nos puede ayudar a llegar es Dios\u201d<\/strong>. Lo \u00fanico que quer\u00eda era llegar a la entrada del barrio, que estaba a unas 10 cuadras. Cuando llegamos ah\u00ed, no hab\u00eda una sola gota de agua. Los guardias no entend\u00edan c\u00f3mo hab\u00edamos llegado.<\/p>\n<p><strong>-\u00bfQu\u00e9 les dijeron?<\/strong><\/p>\n<p>\u2013<strong>Que era imposible que hubi\u00e9semos llegado. <\/strong>Acto seguido, uno me dice: \u201cSe\u00f1ora, cuando llueve as\u00ed no se puede entrar ac\u00e1\u201d. Entonces yo le digo: \u201cMe acabo de dar cuenta. \u00a1\u00c1brame que me tiemblan las piernas!\u201d. No pod\u00eda m\u00e1s del p\u00e1nico.<\/p>\n<div>\n<div> <picture><source media=\"(min-width: 720px)\"><\/picture><figcaption>\n<p>\u201cNo s\u00e9 de d\u00f3nde saqu\u00e9 eso porque no somos religiosas\u201d, dice Daniela. Foto: Fernando de la Orden. <\/p>\n<\/figcaption><\/div>\n<\/div>\n<h2>El d\u00eda despu\u00e9s<\/h2>\n<p> Al mediod\u00eda siguiente, <strong>cuando la desesperaci\u00f3n se convirti\u00f3 en an\u00e9cdota<\/strong>, Daniela y su hija compartieron un almuerzo con el resto de su familia. \u201cLe mostr\u00e9 el video a mi t\u00edo y empez\u00f3 a llorar de la risa. Se le ca\u00edan las l\u00e1grimas\u201d, cuenta Malena. Su reacci\u00f3n inmediata fue publicar esa secuencia en sus redes sociales: \u201c<strong>Ten\u00eda el celular escondido abajo de la mesa y lo sub\u00ed sin preguntar<\/strong>\u201c.<\/p>\n<p>La campana de las notificaciones no paraba de tintinear: hab\u00eda interacciones de todo tipo que nadie esperaba. \u201cPens\u00e9 que iba a tener, como mucho, cinco \u2018<em>Me gusta<\/em>\u2018. Y cuando me empezaron a bombardear as\u00ed\u2026 <strong>No me imaginaba tanta repercusi\u00f3n<\/strong>\u201c, reconoce la chica. Su mam\u00e1, en cambio, ni siquiera sab\u00eda que el video exist\u00eda.<\/p>\n<p><strong>-\u00bfC\u00f3mo te enteraste?<\/strong><\/p>\n<p>-Al d\u00eda siguiente, Malu fue a rendir una materia que se hab\u00eda llevado. Yo estaba en casa y me llam\u00f3 su profesora particular. Cuando atend\u00ed, no entend\u00eda lo que dec\u00eda porque estaba llorando, pero de la risa. En un momento me dice: \u201cPon\u00e9 tal canal de la TV\u201d.<strong> Ah\u00ed vi el video y no entend\u00eda nada<\/strong>. Me llegaron mensajes hasta de mis compa\u00f1eros del secundario.<\/p>\n<p>En medio del desconcierto, tom\u00f3 el tel\u00e9fono y marc\u00f3 el n\u00famero de su hija. \u201c\u00bfQu\u00e9 pas\u00f3?\u201d, le pregunt\u00f3. Malena justific\u00f3 su decisi\u00f3n con un atenuante: cort\u00f3 de la grabaci\u00f3n original <strong>un fragmento en el que enfoc\u00f3 a su mam\u00e1 <\/strong>y ella le respondi\u00f3 que no era gracioso lo que estaba haciendo. Hoy, cinco a\u00f1os despu\u00e9s,<strong> el video in\u00e9dito sale por primera vez a la luz <\/strong>a trav\u00e9s de <strong>Clar\u00edn<\/strong>.<\/p>\n<p><strong>-\u00bfLes molest\u00f3 que se convirtiera en un meme?<\/strong><\/p>\n<p>\u2013<strong>Malena<\/strong>: No, para nada. Para m\u00ed ya es parte de la cultura argentina de los memes y los virales. Me gusta. Me sorprende a veces cuando me frenan en la calle, muy de vez en cuando, y me preguntan: <strong>\u201c\u00bfVos sos la de \u2018Rez\u00e1 Malena\u2019?&nbsp;Dejame sacarme una foto con vos\u201d<\/strong>.<strong> <\/strong>Jam\u00e1s me iba a imaginar pasar por esa situaci\u00f3n.<strong> <\/strong>Y eso que en el video ni mostr\u00e9 mi cara\u2026<\/p>\n<p><strong>-\u00bfTe preocup\u00f3 la exposici\u00f3n?<\/strong><\/p>\n<p>\u2013<strong>Malena<\/strong>: No, lo \u00fanico que sent\u00ed al principio cuando me empezaron a bombardear con interacciones <strong>fue un poco de euforia<\/strong>. Pas\u00e9 de ser irreconocible a tener un mont\u00f3n de \u201c<em>Me gusta<\/em>\u201c, \u201c<em>Retweets<\/em>\u201c, comentarios de famosos, famosos recreando el video\u2026 Me pareci\u00f3 rar\u00edsimo, pero <strong>me encant\u00f3<\/strong>.<\/p>\n<p>\u2013<strong>Daniela<\/strong>: A m\u00ed me pareci\u00f3 muy divertido, porque la verdad, sacando la parte de mi voz en la que<strong> quedo como una loca m\u00edstica<\/strong>, me gust\u00f3 que todo el mundo se riera. Al principio me daba verg\u00fcenza, eso s\u00ed.<\/p>\n<p><strong>-\u00bfCu\u00e1nto les cost\u00f3 volver a subirse a un auto despu\u00e9s de eso?<\/strong><\/p>\n<p>\u2013<strong>Daniela<\/strong>: Pasado eso no tuve miedo, porque en realidad no tengo miedo manejando. Al d\u00eda siguiente mi \u00fanico temor era que el auto arrancara, y prendi\u00f3 perfecto: no entr\u00f3 una gota de agua, me fui a trabajar normalmente\u2026 Eso s\u00ed: <strong>no me volver\u00eda a meter en algo as\u00ed<\/strong>. Aprend\u00ed que cuando hay un poco de agua, paro, ja.<\/p>\n<p>\u2013<strong>Malena<\/strong>: Igual, cada vez que hay tormenta hablamos del video, ja. Para m\u00ed, qued\u00f3 guardado en la l\u00ednea de tiempo del humor argentino. <strong>Qued\u00e9 marcada de por vida despu\u00e9s de esto<\/strong>.<\/p>\n<div>\n<div> <picture><source media=\"(min-width: 720px)\"><\/picture><figcaption>\n<p>Daniela y Malena, en el jard\u00edn de su casa. Foto: Fernando de la Orden. <\/p>\n<\/figcaption><\/div>\n<\/div>\n<h2>\u201cNo s\u00e9 rezar\u201d<\/h2>\n<p> La primera reacci\u00f3n de Malena ante el desesperado pedido de su madre pareci\u00f3 propia de los nervios del momento, pero no fue as\u00ed. \u201cMe dec\u00eda que rece y la verdad es que<strong> yo no s\u00e9 rezar<\/strong>, porque fui a un colegio laico. S\u00f3lo <strong>s\u00e9 el Padre Nuestro, pero en ingl\u00e9s<\/strong>\u201c, afirma.<\/p>\n<p><strong>-\u00bfC\u00f3mo?<\/strong><\/p>\n<p>-El director del colegio era brit\u00e1nico y, de vez en cuando, <strong>rezaba el Padre Nuestro en ingl\u00e9s<\/strong>. Es lo \u00fanico que me qued\u00f3 marcado. En medio de la desesperaci\u00f3n, lo \u00faltimo que iba a hacer era rezar en ingl\u00e9s\u2026<\/p>\n<p>Tras volverse viral, Malena recibi\u00f3 cientos de preguntas sobre la situaci\u00f3n. \u201cTodas eran: si se me qued\u00f3 el auto, si llegamos bien, si no nos quedamos ah\u00ed en el medio de la nada\u2026 Tambi\u00e9n me preguntaban por qu\u00e9 lo film\u00e9, porque eso <strong>hac\u00eda pensar a la gente que estaba actuado<\/strong>\u2026 Entonces decid\u00ed hacer un hilo en Twitter contestando todo\u201d, dice.<\/p>\n<div>\n<div> <picture><source media=\"(min-width: 720px)\"><\/picture><figcaption>\n<p>Malena ahora tambi\u00e9n maneja: sac\u00f3 su registro hace un mes. Foto: Fernando de la Orden. <\/p>\n<\/figcaption><\/div>\n<\/div>\n<h2>Cinco a\u00f1os, una vida<\/h2>\n<p>Muchas cosas cambiaron desde aquel episodio que recorri\u00f3 las pantallas. Malena, por ejemplo, mud\u00f3 sus sue\u00f1os a San Luis en diciembre de 2019 para vivir con su novio, a quien conoci\u00f3 a trav\u00e9s de las redes. Hoy, instalada en aquella provincia, estudia Producci\u00f3n Musical y rara vez regresa a Buenos Aires.<\/p>\n<p><strong>\u201cEs su proyecto y la apoyo\u201d, dice Daniela<\/strong>, quien se dedica al rubro del medioambiente hace mucho tiempo a pesar de ser abogada. Ahora trabaja para una empresa que hace combustible alternativo a partir de aceite mineral usado y se encarga de la gesti\u00f3n de residuos peligrosos de industrias, laboratorios, y dem\u00e1s.<\/p>\n<p>Ambas saben que no hay vuelta atr\u00e1s: todos las conocen como las protagonistas de \u201cRez\u00e1, Malena\u201d. De hecho, hace poco m\u00e1s de un mes, la joven de 21 a\u00f1os <strong>sac\u00f3 el registro de conducir<\/strong>. \u201cNi loca manejar\u00eda con lluvia\u201d, advierte. Y su mam\u00e1 bromea: \u201c<strong>Ahora ten\u00e9s que decir \u2018Rez\u00e1, Daniela\u2019<\/strong>, porque la que reza soy yo del p\u00e1nico con el que voy en el auto\u201d.<\/p>\n<div>\n<h2>TEMAS QUE APARECEN EN ESTA NOTA<\/h2>\n<\/div>\n<\/div>\n<nav class=\"navigation post-navigation\" role=\"navigation\" aria-label=\"Continue Reading\">\n<h2 class=\"screen-reader-text\">Continue Reading<\/h2>\n<\/nav>\n","protected":false},"excerpt":{"rendered":"<p>\u201cMalena, se me est\u00e1 quedando el auto. Dale, por Dios. Te pido Dios que nos ayudes. Dios, nos ayudes. Dios, te pido por favor llegar a casa. \u00a1Te pido por favor! \u00a1Dios, te pido! \u00a1Rez\u00e1, Malena!\u201d. Cuando el embriague y el freno perdieron el protagonismo, Daniela Mandil (57) no imaginaba que&nbsp;todos hablar\u00edan de ese momento. [&hellip;]<\/p>\n","protected":false},"author":1,"featured_media":40203,"comment_status":"closed","ping_status":"closed","sticky":false,"template":"","format":"standard","meta":[],"categories":[2],"tags":[],"_links":{"self":[{"href":"http:\/\/cordobainforma.info\/index.php\/wp-json\/wp\/v2\/posts\/40202"}],"collection":[{"href":"http:\/\/cordobainforma.info\/index.php\/wp-json\/wp\/v2\/posts"}],"about":[{"href":"http:\/\/cordobainforma.info\/index.php\/wp-json\/wp\/v2\/types\/post"}],"author":[{"embeddable":true,"href":"http:\/\/cordobainforma.info\/index.php\/wp-json\/wp\/v2\/users\/1"}],"replies":[{"embeddable":true,"href":"http:\/\/cordobainforma.info\/index.php\/wp-json\/wp\/v2\/comments?post=40202"}],"version-history":[{"count":0,"href":"http:\/\/cordobainforma.info\/index.php\/wp-json\/wp\/v2\/posts\/40202\/revisions"}],"wp:featuredmedia":[{"embeddable":true,"href":"http:\/\/cordobainforma.info\/index.php\/wp-json\/wp\/v2\/media\/40203"}],"wp:attachment":[{"href":"http:\/\/cordobainforma.info\/index.php\/wp-json\/wp\/v2\/media?parent=40202"}],"wp:term":[{"taxonomy":"category","embeddable":true,"href":"http:\/\/cordobainforma.info\/index.php\/wp-json\/wp\/v2\/categories?post=40202"},{"taxonomy":"post_tag","embeddable":true,"href":"http:\/\/cordobainforma.info\/index.php\/wp-json\/wp\/v2\/tags?post=40202"}],"curies":[{"name":"wp","href":"https:\/\/api.w.org\/{rel}","templated":true}]}}