{"id":40174,"date":"2022-05-13T16:21:00","date_gmt":"2022-05-13T16:21:00","guid":{"rendered":"https:\/\/somoscordobeses.com\/2022\/05\/13\/acuna-no-descarta-medidas-de-fuerza-contra-los-empresarios-que-suben-los-precios\/"},"modified":"2022-05-13T16:21:00","modified_gmt":"2022-05-13T16:21:00","slug":"acuna-no-descarta-medidas-de-fuerza-contra-los-empresarios-que-suben-los-precios","status":"publish","type":"post","link":"http:\/\/cordobainforma.info\/index.php\/2022\/05\/13\/acuna-no-descarta-medidas-de-fuerza-contra-los-empresarios-que-suben-los-precios\/","title":{"rendered":"Acu\u00f1a no descarta \u201cmedidas de fuerza\u201d contra los empresarios que suben los precios"},"content":{"rendered":"<div>\n<figure><figcaption> El sindicalista hizo duras declaraciones en relaci\u00f3n con la responsabilidad de los empresarios en la formaci\u00f3n de precios. <\/figcaption><\/figure>\n<p> El cosecretario general de la CGT Carlos Acu\u00f1a acus\u00f3 este viernes \u201cal gran sector empresario\u201d de ser responsables del alza de precios y de la inflaci\u00f3n, y advirti\u00f3 que, desde el sector sindical, \u201csi es necesario, se tomar\u00e1n medidas de fuerza\u201d ante el alza en el valor de los alimentos.<\/p>\n<p> El sindicalista advirti\u00f3 que, de continuar esta situaci\u00f3n, \u201csi es necesario, se van a tomar algunas medidas de fuerza contra los empresarios, porque no se puede seguir as\u00ed\u201d.<\/p>\n<p> Ante una consulta, el cosecretario de la CGT se refiri\u00f3 a los indicadores de inflaci\u00f3n y opin\u00f3 que \u201cson n\u00fameros que vienen mal y ojal\u00e1 que tiendan a bajar pronto\u201d.<\/p>\n<blockquote class>\n<p>\u201c\u00bfDe qu\u00e9 reforma laboral hablan?, Si en vez de ocho horas trabajamos seis, yo la apoyo. Pero si la reforma laboral es para quitarle derechos a los trabajadores, va a ser una batalla y la CGT se va a plantar\u201d<cite>Carlos Acu\u00f1a<\/cite><\/p>\n<\/blockquote>\n<p> \u201cEsta inflaci\u00f3n la generan los que no quieren a ning\u00fan gobierno. \u00bfC\u00f3mo hacemos para controlar los precios desde la CGT?. Eso tiene que ser pol\u00edticas de Estado combinada por los sectores econ\u00f3micos\u201d, indic\u00f3.<\/p>\n<p> Asimismo, el titular del sindicato de los trabajadores de estaciones de servicios culp\u00f3 a los empresarios por el alza de los precios, en especial de los alimentos, al sostener que \u201cno cumplen\u201d con los acuerdos.<\/p>\n<p> \u201c\u00bfPero c\u00f3mo es? Los empresarios se comprometen y despu\u00e9s no hacen nada. \u00bfY los malos de la pel\u00edcula somos nosotros?. Nosotros decimos que si es necesario se va a tomar alguna medida de fuerza contra los empresarios\u201d, fustig\u00f3 Acu\u00f1a.<\/p>\n<blockquote class>\n<p>\u201cSi el Gobierno mejora la econom\u00eda y a la gente le va bien, tendr\u00e1 las mismas posibilidades de mantenerse en el poder\u201d, plante\u00f3 Acu\u00f1a en referencia a las elecciones generales de 2023<\/p>\n<\/blockquote>\n<p>&nbsp;<br \/>Por otra parte, sobre las propuestas de reformas laborales planteadas por dirigentes de la oposici\u00f3n, Acu\u00f1a apunt\u00f3 que hablar de eso \u201ces solo un slogan\u201d.<\/p>\n<p> \u201c\u00bfDe qu\u00e9 reforma laboral hablan?, Si en vez de ocho horas trabajamos seis, yo la apoyo. Pero si la reforma laboral es para quitarle derechos a los trabajadores, va a ser una batalla y la CGT se va a plantar\u201d, se\u00f1al\u00f3 el l\u00edder cegetista.<\/p>\n<p> Finalmente, sostuvo que \u201csi el Gobierno endereza el camino, a los trabajadores les va mejor, los trabajadores siempre vamos a acompa\u00f1ar\u201d y agreg\u00f3 que, \u201csi el Gobierno mejora la econom\u00eda y a la gente le va bien, tendr\u00e1 las mismas posibilidades de mantenerse en el poder\u201d, en referencia a las elecciones generales de 2023. <\/p>\n<\/div>\n<nav class=\"navigation post-navigation\" role=\"navigation\" aria-label=\"Continue Reading\">\n<h2 class=\"screen-reader-text\">Continue Reading<\/h2>\n<\/nav>\n","protected":false},"excerpt":{"rendered":"<p>El sindicalista hizo duras declaraciones en relaci\u00f3n con la responsabilidad de los empresarios en la formaci\u00f3n de precios. El cosecretario general de la CGT Carlos Acu\u00f1a acus\u00f3 este viernes \u201cal gran sector empresario\u201d de ser responsables del alza de precios y de la inflaci\u00f3n, y advirti\u00f3 que, desde el sector sindical, \u201csi es necesario, se [&hellip;]<\/p>\n","protected":false},"author":1,"featured_media":40175,"comment_status":"closed","ping_status":"closed","sticky":false,"template":"","format":"standard","meta":[],"categories":[2],"tags":[],"_links":{"self":[{"href":"http:\/\/cordobainforma.info\/index.php\/wp-json\/wp\/v2\/posts\/40174"}],"collection":[{"href":"http:\/\/cordobainforma.info\/index.php\/wp-json\/wp\/v2\/posts"}],"about":[{"href":"http:\/\/cordobainforma.info\/index.php\/wp-json\/wp\/v2\/types\/post"}],"author":[{"embeddable":true,"href":"http:\/\/cordobainforma.info\/index.php\/wp-json\/wp\/v2\/users\/1"}],"replies":[{"embeddable":true,"href":"http:\/\/cordobainforma.info\/index.php\/wp-json\/wp\/v2\/comments?post=40174"}],"version-history":[{"count":0,"href":"http:\/\/cordobainforma.info\/index.php\/wp-json\/wp\/v2\/posts\/40174\/revisions"}],"wp:featuredmedia":[{"embeddable":true,"href":"http:\/\/cordobainforma.info\/index.php\/wp-json\/wp\/v2\/media\/40175"}],"wp:attachment":[{"href":"http:\/\/cordobainforma.info\/index.php\/wp-json\/wp\/v2\/media?parent=40174"}],"wp:term":[{"taxonomy":"category","embeddable":true,"href":"http:\/\/cordobainforma.info\/index.php\/wp-json\/wp\/v2\/categories?post=40174"},{"taxonomy":"post_tag","embeddable":true,"href":"http:\/\/cordobainforma.info\/index.php\/wp-json\/wp\/v2\/tags?post=40174"}],"curies":[{"name":"wp","href":"https:\/\/api.w.org\/{rel}","templated":true}]}}