{"id":40166,"date":"2022-05-14T04:23:23","date_gmt":"2022-05-14T04:23:23","guid":{"rendered":"http:\/\/cordobainforma.info\/index.php\/2022\/05\/14\/mark-zuckerberg-muestra-un-nuevo-visor-de-realidad-virtual-mixta-que-permite-jugar-con-mascotas-digitales\/"},"modified":"2022-05-14T04:23:23","modified_gmt":"2022-05-14T04:23:23","slug":"mark-zuckerberg-muestra-un-nuevo-visor-de-realidad-virtual-mixta-que-permite-jugar-con-mascotas-digitales","status":"publish","type":"post","link":"http:\/\/cordobainforma.info\/index.php\/2022\/05\/14\/mark-zuckerberg-muestra-un-nuevo-visor-de-realidad-virtual-mixta-que-permite-jugar-con-mascotas-digitales\/","title":{"rendered":"Mark Zuckerberg muestra un nuevo visor de realidad virtual mixta que permite jugar con mascotas digitales"},"content":{"rendered":"<p><img src=\"http:\/\/cordobainforma.info\/wp-content\/uploads\/2022\/05\/mark-zuckerberg-muestra-un-nuevo-visor-de-realidad-virtual-mixta-que-permite-jugar-con-mascotas-digitales.jpg\"><\/p>\n<div><img src=\"http:\/\/cordobainforma.info\/wp-content\/uploads\/2022\/05\/mark-zuckerberg-muestra-un-nuevo-visor-de-realidad-virtual-mixta-que-permite-jugar-con-mascotas-digitales-2.jpg\" class=\"ff-og-image-inserted\"><\/div>\n<div readability=\"32\">\n<p><span>Publicado:<\/span><time class=\"Timestamp-root Timestamp-isBlackColor \" datetime=\"2022-05-14T04:23:23+00:00\"> 14 may 2022 04:23 GMT <\/time><\/p>\n<\/div>\n<div readability=\"33\">\n<p> Se trata de un equipo de gama alta que ofrecer\u00e1 contraste de colores para mejorar las experiencias en el metaverso. <\/p>\n<\/div>\n<div readability=\"67.090909090909\">\n<p>Un&nbsp;visor de realidad virtual mixta de gama alta fue presentado este jueves por&nbsp;Mark Zuckerberg, director ejecutivo de <a href=\"https:\/\/actualidad.rt.com\/actualidad\/427066-moscu-meta-participan-guerra-rusia\">Meta<\/a>&nbsp;(compa\u00f1\u00eda calificada en Rusia como organizaci\u00f3n extremista), a trav\u00e9s de un video que comparti\u00f3 en sus redes sociales.<\/p>\n<p>Se trata del&nbsp;<strong>Proyecto Cambria<\/strong>,<strong>&nbsp;<\/strong>enfocado en el desarrollo del <strong>metaverso<\/strong>,&nbsp;que&nbsp;busca \u00abcombinar el mundo f\u00edsico y el virtual\u00bb, coment\u00f3 el CEO de la empresa.<\/p>\n<p>En el &#8216;clip&#8217;, Zuckerberg porta un casco de color negro, aunque la imagen del dispositivo&nbsp;fue pixelada para&nbsp;no develar los detalles del&nbsp;dise\u00f1o. El aparato posibilita la interacci\u00f3n sobre el mundo real con diversos entornos digitales. Seg\u00fan las im\u00e1genes, la nueva tecnolog\u00eda permite jugar con una mascota digital, recibir clases de yoga donde el profesor ser\u00eda un holograma, o escribir notas digitales.<\/p>\n<div class=\"EmbedBlock-root EmbedBlock-twitter\">\n<div class=\"TwitterEmbed\" readability=\"6.571661237785\">\n<blockquote class=\"twitter-tweet\" data-twitter=\"twitter-tweet\" readability=\"7.0097719869707\">\n<p lang=\"en\" dir=\"ltr\">Mark Zuckerberg shows Meta\u2019s new Project Cambria headset, a high-end headset for work use. But Meta still hasn\u2019t fully revealed the device\u2019s final design: the video below blurs out the actual headset from any camera shots. <a href=\"https:\/\/t.co\/MNro1Jgb5J\">pic.twitter.com\/MNro1Jgb5J<\/a><\/p>\n<p>\u2014 Marcos Viladomiu (@MarcosViladomiu) <a href=\"https:\/\/twitter.com\/MarcosViladomiu\/status\/1524847426326216718?ref_src=twsrc%5Etfw\">May 12, 2022<\/a><\/p><\/blockquote>\n<\/div>\n<\/div>\n<p>Se trata de&nbsp;un equipo de gama alta que ofrecer\u00e1 contraste de colores para mejorar las experiencias virtuales y, pr\u00f3ximamente, estar\u00e1 disponible para la aplicaci\u00f3n de demostraci\u00f3n The World Beyond.<\/p>\n<p>El dispositivo <a href=\"https:\/\/www.theverge.com\/2022\/5\/12\/23068536\/meta-project-cambria-vr-ar-demo-mark-zuckerberg\" target=\"_blank\" rel=\"noopener noreferrer\">tendr\u00e1<\/a> sensores de imagen de resoluci\u00f3n mucho m\u00e1s alta que sus predecesores, seg\u00fan muestra un video de Meta, donde la empresa resalt\u00f3 la diferencia de experiencia lograda en los&nbsp;visores Cambria respecto a los Quest.&nbsp;<\/p><figcaption class=\"Video-caption\"><\/figcaption><p>\u00abEsto es solo el comienzo de la realidad mixta. Pronto lo lanzaremos para que cualquier desarrollador puede crear este tipo de experiencias y estoy ansioso por ver lo que hacen con \u00e9l\u00bb,&nbsp;a\u00f1adi\u00f3 Zuckerberg.<\/p>\n<\/div>\n","protected":false},"excerpt":{"rendered":"<p>Publicado: 14 may 2022 04:23 GMT Se trata de un equipo de gama alta que ofrecer\u00e1 contraste de colores para mejorar las experiencias en el metaverso. Un&nbsp;visor de realidad virtual mixta de gama alta fue presentado este jueves por&nbsp;Mark Zuckerberg, director ejecutivo de Meta&nbsp;(compa\u00f1\u00eda calificada en Rusia como organizaci\u00f3n extremista), a trav\u00e9s de un video [&hellip;]<\/p>\n","protected":false},"author":1,"featured_media":40167,"comment_status":"closed","ping_status":"closed","sticky":false,"template":"","format":"standard","meta":[],"categories":[22],"tags":[],"_links":{"self":[{"href":"http:\/\/cordobainforma.info\/index.php\/wp-json\/wp\/v2\/posts\/40166"}],"collection":[{"href":"http:\/\/cordobainforma.info\/index.php\/wp-json\/wp\/v2\/posts"}],"about":[{"href":"http:\/\/cordobainforma.info\/index.php\/wp-json\/wp\/v2\/types\/post"}],"author":[{"embeddable":true,"href":"http:\/\/cordobainforma.info\/index.php\/wp-json\/wp\/v2\/users\/1"}],"replies":[{"embeddable":true,"href":"http:\/\/cordobainforma.info\/index.php\/wp-json\/wp\/v2\/comments?post=40166"}],"version-history":[{"count":0,"href":"http:\/\/cordobainforma.info\/index.php\/wp-json\/wp\/v2\/posts\/40166\/revisions"}],"wp:featuredmedia":[{"embeddable":true,"href":"http:\/\/cordobainforma.info\/index.php\/wp-json\/wp\/v2\/media\/40167"}],"wp:attachment":[{"href":"http:\/\/cordobainforma.info\/index.php\/wp-json\/wp\/v2\/media?parent=40166"}],"wp:term":[{"taxonomy":"category","embeddable":true,"href":"http:\/\/cordobainforma.info\/index.php\/wp-json\/wp\/v2\/categories?post=40166"},{"taxonomy":"post_tag","embeddable":true,"href":"http:\/\/cordobainforma.info\/index.php\/wp-json\/wp\/v2\/tags?post=40166"}],"curies":[{"name":"wp","href":"https:\/\/api.w.org\/{rel}","templated":true}]}}