{"id":40164,"date":"2022-05-14T04:33:27","date_gmt":"2022-05-14T04:33:27","guid":{"rendered":"http:\/\/cordobainforma.info\/index.php\/2022\/05\/14\/la-primera-ministra-de-nueva-zelanda-jacinda-ardern-da-positivo-por-covid-19\/"},"modified":"2022-05-14T04:33:27","modified_gmt":"2022-05-14T04:33:27","slug":"la-primera-ministra-de-nueva-zelanda-jacinda-ardern-da-positivo-por-covid-19","status":"publish","type":"post","link":"http:\/\/cordobainforma.info\/index.php\/2022\/05\/14\/la-primera-ministra-de-nueva-zelanda-jacinda-ardern-da-positivo-por-covid-19\/","title":{"rendered":"La primera ministra de Nueva Zelanda, Jacinda Ardern, da positivo por covid-19"},"content":{"rendered":"<div><img src=\"http:\/\/cordobainforma.info\/wp-content\/uploads\/2022\/05\/la-primera-ministra-de-nueva-zelanda-jacinda-ardern-da-positivo-por-covid-19.jpg\" class=\"ff-og-image-inserted\"><\/div>\n<div readability=\"32\">\n<p><span>Publicado:<\/span><time class=\"Timestamp-root Timestamp-isBlackColor \" datetime=\"2022-05-14T04:33:27+00:00\"> 14 may 2022 04:33 GMT <\/time><\/p>\n<\/div>\n<div readability=\"52.29614873838\">\n<p>La primera ministra de Nueva Zelanda, Jacinda Ardern, ha dado positivo a una prueba de covid-19 este s\u00e1bado, seg\u00fan un <a href=\"https:\/\/www.beehive.govt.nz\/release\/prime-minister-tests-positive-covid-19\" target=\"_blank\" rel=\"noopener noreferrer\">comunicado<\/a> publicado en la p\u00e1gina web del Gobierno.<\/p>\n<p>El texto indica que la mandataria, que lleva aislada desde el pasado domingo despu\u00e9s de que su pareja, Clarke Gayford, diera positivo, <strong>presenta s\u00edntomas leves<\/strong>. Por ello, tendr\u00e1 que seguir bajo aislamiento hasta la ma\u00f1ana del s\u00e1bado 21 de mayo.<\/p>\n<p>Ardern&nbsp;continuar\u00e1 asumiendo las funciones que pueda a distancia, pero no podr\u00e1 acudir al Parlamento durante varios d\u00edas. No obstante, el comunicado asegura que \u00ablos preparativos de viaje para su misi\u00f3n comercial a EE.UU. no se ven afectados en esta etapa\u00bb.<\/p>\n<p><strong><em>\u00bfTe ha parecido interesante? \u00a1D\u00e9janos tu opini\u00f3n en los comentarios!<\/em><\/strong><\/p>\n<\/div>\n","protected":false},"excerpt":{"rendered":"<p>Publicado: 14 may 2022 04:33 GMT La primera ministra de Nueva Zelanda, Jacinda Ardern, ha dado positivo a una prueba de covid-19 este s\u00e1bado, seg\u00fan un comunicado publicado en la p\u00e1gina web del Gobierno. El texto indica que la mandataria, que lleva aislada desde el pasado domingo despu\u00e9s de que su pareja, Clarke Gayford, diera [&hellip;]<\/p>\n","protected":false},"author":1,"featured_media":40165,"comment_status":"closed","ping_status":"closed","sticky":false,"template":"","format":"standard","meta":[],"categories":[22],"tags":[],"_links":{"self":[{"href":"http:\/\/cordobainforma.info\/index.php\/wp-json\/wp\/v2\/posts\/40164"}],"collection":[{"href":"http:\/\/cordobainforma.info\/index.php\/wp-json\/wp\/v2\/posts"}],"about":[{"href":"http:\/\/cordobainforma.info\/index.php\/wp-json\/wp\/v2\/types\/post"}],"author":[{"embeddable":true,"href":"http:\/\/cordobainforma.info\/index.php\/wp-json\/wp\/v2\/users\/1"}],"replies":[{"embeddable":true,"href":"http:\/\/cordobainforma.info\/index.php\/wp-json\/wp\/v2\/comments?post=40164"}],"version-history":[{"count":0,"href":"http:\/\/cordobainforma.info\/index.php\/wp-json\/wp\/v2\/posts\/40164\/revisions"}],"wp:featuredmedia":[{"embeddable":true,"href":"http:\/\/cordobainforma.info\/index.php\/wp-json\/wp\/v2\/media\/40165"}],"wp:attachment":[{"href":"http:\/\/cordobainforma.info\/index.php\/wp-json\/wp\/v2\/media?parent=40164"}],"wp:term":[{"taxonomy":"category","embeddable":true,"href":"http:\/\/cordobainforma.info\/index.php\/wp-json\/wp\/v2\/categories?post=40164"},{"taxonomy":"post_tag","embeddable":true,"href":"http:\/\/cordobainforma.info\/index.php\/wp-json\/wp\/v2\/tags?post=40164"}],"curies":[{"name":"wp","href":"https:\/\/api.w.org\/{rel}","templated":true}]}}