{"id":40106,"date":"2022-05-13T23:27:47","date_gmt":"2022-05-13T23:27:47","guid":{"rendered":"https:\/\/ahora.com.ar\/lionel-scaloni-convoco-marcos-senesi-que-tambien-es-pretendido-italia-n4263810"},"modified":"2022-05-13T23:27:47","modified_gmt":"2022-05-13T23:27:47","slug":"lionel-scaloni-convoco-a-marcos-senesi-que-tambien-es-pretendido-por-italia","status":"publish","type":"post","link":"http:\/\/cordobainforma.info\/index.php\/2022\/05\/13\/lionel-scaloni-convoco-a-marcos-senesi-que-tambien-es-pretendido-por-italia\/","title":{"rendered":"Lionel Scaloni convoc\u00f3 a Marcos Senesi, que tambi\u00e9n es pretendido por Italia"},"content":{"rendered":"<div><img src=\"http:\/\/cordobainforma.info\/wp-content\/uploads\/2022\/05\/lionel-scaloni-convoco-a-marcos-senesi-que-tambien-es-pretendido-por-italia.jpg\" class=\"ff-og-image-inserted\"><\/div>\n<div id=\"article-post\">\n<header class=\"article-info-wrapper\" readability=\"29.81679389313\">\n<p> <span class=\"fecha-detallenota\">13 de mayo de 2022 &#8211; 20:05<\/span><\/p>\n<p class=\"interiorCopete\"> El defensor tiene doble nacionalidad y La Nazionale tambi\u00e9n quer\u00eda sumarlo a sus filas. El partido ser\u00e1 el 1\u00b0 de junio en Inglaterra <\/p>\n<\/header><\/div>\n<div id=\"article-post\">\n<div class=\"cuerpo\" data-twitter-link=\"https:\/\/twitter.com\/intent\/tweet?url=https:\/\/ahora.com.ar\/c4263810&amp;via=NueveLitoral&amp;related=Ahora&amp;text=\" readability=\"7.7446808510638\">\n<p><strong>El defensor entrerriano Marcos Senesi fue convocado por Lionel Scaloni<\/strong> para la final de la Copa Euroamericana que protagonizar\u00e1n la Selecci\u00f3n argentina e <a href=\"https:\/\/ahora.com.ar\/\/italia-a8935\" class=\"agrupador\" rel=\"8935\">Italia<\/a> el 1 de junio en Wembley.<\/p>\n<\/div><\/div>\n<div id=\"article-post\">\n<div class=\"cuerpo\" data-twitter-link=\"https:\/\/twitter.com\/intent\/tweet?url=https:\/\/ahora.com.ar\/c4263810&amp;via=NueveLitoral&amp;related=Ahora&amp;text=\" readability=\"24\">\n<p>Se trata de una prelista de 35 jugadores donde la aparici\u00f3n del futbolista del Feyenoord es una sorpresa. Lo que ocurre es que <strong>Senesi hace tiempo es seguido de cerca por Italia, que quiere nacionalizarlo para sumarlo a su Selecci\u00f3n.<\/strong><\/p>\n<p>El futbolista de 25 a\u00f1os lleg\u00f3 a Feyenoord en el 2019 por siete millones de d\u00f3lares y en la actualidad es uno de los jugadores m\u00e1s codiciados para el pr\u00f3ximo mercado de pases.<\/p>\n<p>De hecho el sitio italiano SerieANews, asegur\u00f3 adem\u00e1s que a fin de a\u00f1o, en el caso de no darse su salida a la Juventus o Real Madrid, comenzar\u00e1 a negociar como jugador libre porque su v\u00ednculo finaliza en junio 2023.<\/p>\n<p>Seg\u00fan public\u00f3 <em>TN<\/em>, <strong>hasta el momento Senesi solamente pas\u00f3 por los seleccionados Sub-20 y Sub-23 de Argentina pero nunca utiliz\u00f3 la camiseta de la Mayor.<\/strong><\/p>\n<\/p><\/div>\n<\/div>\n","protected":false},"excerpt":{"rendered":"<p>13 de mayo de 2022 &#8211; 20:05 El defensor tiene doble nacionalidad y La Nazionale tambi\u00e9n quer\u00eda sumarlo a sus filas. El partido ser\u00e1 el 1\u00b0 de junio en Inglaterra El defensor entrerriano Marcos Senesi fue convocado por Lionel Scaloni para la final de la Copa Euroamericana que protagonizar\u00e1n la Selecci\u00f3n argentina e Italia el [&hellip;]<\/p>\n","protected":false},"author":1,"featured_media":40107,"comment_status":"closed","ping_status":"closed","sticky":false,"template":"","format":"standard","meta":[],"categories":[20],"tags":[],"_links":{"self":[{"href":"http:\/\/cordobainforma.info\/index.php\/wp-json\/wp\/v2\/posts\/40106"}],"collection":[{"href":"http:\/\/cordobainforma.info\/index.php\/wp-json\/wp\/v2\/posts"}],"about":[{"href":"http:\/\/cordobainforma.info\/index.php\/wp-json\/wp\/v2\/types\/post"}],"author":[{"embeddable":true,"href":"http:\/\/cordobainforma.info\/index.php\/wp-json\/wp\/v2\/users\/1"}],"replies":[{"embeddable":true,"href":"http:\/\/cordobainforma.info\/index.php\/wp-json\/wp\/v2\/comments?post=40106"}],"version-history":[{"count":0,"href":"http:\/\/cordobainforma.info\/index.php\/wp-json\/wp\/v2\/posts\/40106\/revisions"}],"wp:featuredmedia":[{"embeddable":true,"href":"http:\/\/cordobainforma.info\/index.php\/wp-json\/wp\/v2\/media\/40107"}],"wp:attachment":[{"href":"http:\/\/cordobainforma.info\/index.php\/wp-json\/wp\/v2\/media?parent=40106"}],"wp:term":[{"taxonomy":"category","embeddable":true,"href":"http:\/\/cordobainforma.info\/index.php\/wp-json\/wp\/v2\/categories?post=40106"},{"taxonomy":"post_tag","embeddable":true,"href":"http:\/\/cordobainforma.info\/index.php\/wp-json\/wp\/v2\/tags?post=40106"}],"curies":[{"name":"wp","href":"https:\/\/api.w.org\/{rel}","templated":true}]}}