{"id":40074,"date":"2022-05-12T13:36:30","date_gmt":"2022-05-12T13:36:30","guid":{"rendered":"https:\/\/www.mujerhoy.com\/moda\/tendencias\/chaleco-corto-bordados-bonito-veraniego-arrasado-influencers-rebajado-20220512153624-nt.html"},"modified":"2022-05-12T13:36:30","modified_gmt":"2022-05-12T13:36:30","slug":"el-chaleco-con-bordados-mas-bonito-y-veraniego-que-ha-arrasado-entre-las-influencers-esta-ahora-rebajado","status":"publish","type":"post","link":"http:\/\/cordobainforma.info\/index.php\/2022\/05\/12\/el-chaleco-con-bordados-mas-bonito-y-veraniego-que-ha-arrasado-entre-las-influencers-esta-ahora-rebajado\/","title":{"rendered":"El chaleco con bordados m\u00e1s bonito y veraniego que ha arrasado entre las influencers est\u00e1 ahora rebajado"},"content":{"rendered":"<p><!-- AUTHOR --><!-- COMPONENTS --><\/p>\n<p class=\"voc-paragraph\">Los <strong>chalecos <\/strong>son una prenda ideal para el entretiempo, porque le dan ese toque sofisticado que todas queremos para nuestros looks sin hacernos pasar demasiado calor. Las <strong>influencers <\/strong>apuestan por <a data-voc-vtm-id=\"in-text-traffic\" href=\"https:\/\/www.mujerhoy.com\/moda\/no-te-pierdas\/chaleco-estampado-flores-look-influencer-vaqueros-camisa-blanca-20220412073741-nt.html\">los estampados de flores<\/a> pero si algo ha triunfado esta temporada son <a data-voc-vtm-id=\"in-text-traffic\" href=\"https:\/\/www.mujerhoy.com\/moda\/no-te-pierdas\/chaleco-corto-bordados-zara-arrasa-primavera-verano-nueva-coleccion-20220406141148-nt.html\">los cortos y coloritos<\/a> como <a data-voc-vtm-id=\"in-text-traffic\" href=\"https:\/\/www.mujerhoy.com\/moda\/tendencias\/zara-chaleco-bordados-colores-agotado-arrasa-influencers-instagram-20220425141957-nt.html\">el chaleco de Zara que se hizo viral<\/a>, tanto con bordados \u00e9tnicos como floreados. Y muy parecido a esta prenda de Zara es este chaleco corto, con detalle de bordados en la parte delantera y con borlas de colores en las mangas y en el bajo de <strong>High Spirits<\/strong>, la colecci\u00f3n de <strong>Springfield <\/strong>que tiene a <strong>Mar\u00eda Pombo<\/strong> como embajadora.\n<\/p>\n<p class=\"voc-paragraph\">Se trata de una prenda muy <strong>estilosa<\/strong>, ideal para combinar con unos vaqueros verdes acampanados, como ha hecho <strong>Mar\u00eda Pombo <\/strong>en esta ocasi\u00f3n, o con unos blancos. Eso s\u00ed, aconsejamos que optes por una camiseta b\u00e1sica en <strong>tonos neutros <\/strong>para ponerla bajo el chaleco y cederle todo el protagonismo a esta prenda, ya que lo merece. A los pies, aconsejamos unas sandalias <strong>bohemias<\/strong>, con tiras y cuentas o elaboradas en piel, porque es lo que parece que est\u00e1 pidiendo esta prenda a gritos.\n<\/p>\n<p class=\"voc-paragraph\">Es un chaleco corto con cuello redondo y manga sisa muy <strong>colorido<\/strong>, no s\u00f3lo por las <strong>borlas <\/strong>en las mangas y en el bajo, con colores que van desde el roda y el rojo hasta el azul y el verde, sino tambi\u00e9n por sus <strong>bordados <\/strong>en la parte frontal del chaleco. Sobre un fondo rosa palo, los bordes del chaleco est\u00e1n bordados en tonalidades azules con un <strong>ribete <\/strong>y en la parte central, han optado por dibujos de <strong>flores <\/strong>en las mismas tonalidades azules a las que tambien a\u00f1aden rosa, verde e incluso rojo en algunos detalles.\n<\/p>\n<div class=\"voc-detail__cmp\">\n<div class=\"voc-article-container\">\n<article class=\"voc-article voc-article--cmp-photo-text\">\n<div class=\"voc-img-container\"><picture>\n<div class=\"voc-horizontal voc-img-icon-link\"><img class=\"lazy\" loading=\"lazy\" data-original=\"\/\/static.mujerhoy.com\/www\/multimedia\/202205\/11\/media\/cortadas\/chaleco-springfield-kGTH--624x624@MujerHoy.jpg\" alt><\/div>\n<\/picture><\/div>\n<\/article>\n<\/div>\n<\/div>\n<p class=\"voc-paragraph\">El chaleco est\u00e1 fabricado en <strong>algod\u00f3n 100%<\/strong> y actualmente s\u00f3lo puedes encontrarlo en la <strong>talla L<\/strong> en la tienda online de Springfield, aunque si te das un paseo por la tienda f\u00edsica, puede que encuentras m\u00e1s tallas. Lo mejor es que ahora puedes encontrarlo <strong>rebajado <\/strong>un 43%, por lo que de su precio original de 69,99 euros, pasa a 39,99 euros. Y si tienes la suerte de que la L es tu talla, tambi\u00e9n puedes ahorrarte los <strong>gastos de env\u00edo<\/strong>.\n<\/p>\n<p class=\"voc-paragraph\">Toda una oportunidad para hacerte con la pieza <strong>de moda<\/strong> esta temporada y triunfar tanto en primavera como en verano. No hay nada mejor para alegrar un<br \/>\n<strong> look b\u00e1sico<\/strong>.\n<\/p>\n<div class=\"voc-detail__cmp voc-detail__cmp--pad-lr voc-detail__cmp--pad-lr--bdr\">\n<div class=\"voc-ficha-detail__wrapper\">\n<section class=\"voc-ficha-detail\">\n<h4 class=\"voc-ficha-detail-title voc-title-section\">Te recomendamos<\/h4>\n<\/section>\n<\/div>\n<\/div>\n<p><!-- TOPICS --><\/p>\n","protected":false},"excerpt":{"rendered":"<p>Los chalecos son una prenda ideal para el entretiempo, porque le dan ese toque sofisticado que todas queremos para nuestros looks sin hacernos pasar demasiado calor. Las influencers apuestan por los estampados de flores pero si algo ha triunfado esta temporada son los cortos y coloritos como el chaleco de Zara que se hizo viral, [&hellip;]<\/p>\n","protected":false},"author":1,"featured_media":40075,"comment_status":"closed","ping_status":"closed","sticky":false,"template":"","format":"standard","meta":[],"categories":[24],"tags":[],"_links":{"self":[{"href":"http:\/\/cordobainforma.info\/index.php\/wp-json\/wp\/v2\/posts\/40074"}],"collection":[{"href":"http:\/\/cordobainforma.info\/index.php\/wp-json\/wp\/v2\/posts"}],"about":[{"href":"http:\/\/cordobainforma.info\/index.php\/wp-json\/wp\/v2\/types\/post"}],"author":[{"embeddable":true,"href":"http:\/\/cordobainforma.info\/index.php\/wp-json\/wp\/v2\/users\/1"}],"replies":[{"embeddable":true,"href":"http:\/\/cordobainforma.info\/index.php\/wp-json\/wp\/v2\/comments?post=40074"}],"version-history":[{"count":0,"href":"http:\/\/cordobainforma.info\/index.php\/wp-json\/wp\/v2\/posts\/40074\/revisions"}],"wp:featuredmedia":[{"embeddable":true,"href":"http:\/\/cordobainforma.info\/index.php\/wp-json\/wp\/v2\/media\/40075"}],"wp:attachment":[{"href":"http:\/\/cordobainforma.info\/index.php\/wp-json\/wp\/v2\/media?parent=40074"}],"wp:term":[{"taxonomy":"category","embeddable":true,"href":"http:\/\/cordobainforma.info\/index.php\/wp-json\/wp\/v2\/categories?post=40074"},{"taxonomy":"post_tag","embeddable":true,"href":"http:\/\/cordobainforma.info\/index.php\/wp-json\/wp\/v2\/tags?post=40074"}],"curies":[{"name":"wp","href":"https:\/\/api.w.org\/{rel}","templated":true}]}}