{"id":40072,"date":"2022-05-12T12:37:24","date_gmt":"2022-05-12T12:37:24","guid":{"rendered":"http:\/\/playfmradio.com\/?p=15760"},"modified":"2022-05-12T12:37:24","modified_gmt":"2022-05-12T12:37:24","slug":"feria-de-talles-grandes-en-cordoba","status":"publish","type":"post","link":"http:\/\/cordobainforma.info\/index.php\/2022\/05\/12\/feria-de-talles-grandes-en-cordoba\/","title":{"rendered":"Feria de talles grandes en C\u00f3rdoba"},"content":{"rendered":"<p><em>Se acerca una nueva edici\u00f3n del evento que celebra la diversidad corporal, y propone derribar los estereotipos patriarcales de la moda.<\/em><\/p>\n<p>El <strong>15 de mayo<\/strong>, en <strong>Studio Theater<\/strong>, se podr\u00e1 asistir a la Feria Bigger; donde habr\u00e1 actividades que exhibir\u00e1n talles grandes de ropa, y por lo tanto, reunir\u00e1 m\u00e1s de 40 emprendimientos que los producen.<\/p>\n<p>La <strong>entrada ser\u00e1 libre y gratuita<\/strong>, y desde la organizaci\u00f3n del evento, afirman que la propuesta incentiva la representatividad de las corporalidades diversas, exponiendo la imagen de cuerpos que no son normativos.<\/p>\n<p><strong>Por: Sof\u00eda Luz Corbella Navarro<\/strong><\/p>\n<p><a class=\"synved-social-button synved-social-button-share synved-social-size-32 synved-social-resolution-single synved-social-provider-facebook nolightbox\" data-provider=\"facebook\" target=\"_blank\" rel=\"nofollow noopener noreferrer\" title=\"Share on Facebook\" href=\"https:\/\/www.facebook.com\/sharer.php?u=http%3A%2F%2Fplayfmradio.com%2Fferia-de-talles-grandes-en-cordoba%2F&amp;t=Feria%20de%20talles%20grandes%20en%20C%C3%B3rdoba&amp;s=100&amp;p[url]=http%3A%2F%2Fplayfmradio.com%2Fferia-de-talles-grandes-en-cordoba%2F&amp;p[images][0]=http%3A%2F%2Fplayfmradio.com%2Fwp-content%2Fuploads%2F2022%2F05%2Fimagen-nota-local-12-de-mayo.jpg&amp;p[title]=Feria%20de%20talles%20grandes%20en%20C%C3%B3rdoba\"><img loading=\"lazy\" alt=\"Facebook\" title=\"Share on Facebook\" class=\"synved-share-image synved-social-image synved-social-image-share\" width=\"32\" height=\"32\" src=\"http:\/\/cordobainforma.info\/wp-content\/uploads\/2022\/05\/feria-de-talles-grandes-en-cordoba.png\"><\/a><a class=\"synved-social-button synved-social-button-share synved-social-size-32 synved-social-resolution-single synved-social-provider-twitter nolightbox\" data-provider=\"twitter\" target=\"_blank\" rel=\"nofollow noopener noreferrer\" title=\"Share on Twitter\" href=\"https:\/\/twitter.com\/intent\/tweet?url=http%3A%2F%2Fplayfmradio.com%2Fferia-de-talles-grandes-en-cordoba%2F&amp;text=Compartido%20de%20Playfmradio.com\"><img loading=\"lazy\" alt=\"twitter\" title=\"Share on Twitter\" class=\"synved-share-image synved-social-image synved-social-image-share\" width=\"32\" height=\"32\" src=\"http:\/\/cordobainforma.info\/wp-content\/uploads\/2022\/05\/feria-de-talles-grandes-en-cordoba-1.png\"><\/a><a class=\"synved-social-button synved-social-button-share synved-social-size-32 synved-social-resolution-single synved-social-provider-pinterest nolightbox\" data-provider=\"pinterest\" target=\"_blank\" rel=\"nofollow noopener noreferrer\" title=\"Pin it with Pinterest\" href=\"https:\/\/pinterest.com\/pin\/create\/button\/?url=http%3A%2F%2Fplayfmradio.com%2Fferia-de-talles-grandes-en-cordoba%2F&amp;media=http%3A%2F%2Fplayfmradio.com%2Fwp-content%2Fuploads%2F2022%2F05%2Fimagen-nota-local-12-de-mayo.jpg&amp;description=Feria%20de%20talles%20grandes%20en%20C%C3%B3rdoba\"><img loading=\"lazy\" alt=\"pinterest\" title=\"Pin it with Pinterest\" class=\"synved-share-image synved-social-image synved-social-image-share\" width=\"32\" height=\"32\" src=\"http:\/\/cordobainforma.info\/wp-content\/uploads\/2022\/05\/feria-de-talles-grandes-en-cordoba-2.png\"><\/a><a class=\"synved-social-button synved-social-button-share synved-social-size-32 synved-social-resolution-single synved-social-provider-tumblr nolightbox\" data-provider=\"tumblr\" target=\"_blank\" rel=\"nofollow noopener noreferrer\" title=\"Share on tumblr\" href=\"https:\/\/tumblr.com\/share?s=&amp;v=3&amp;t=Feria%20de%20talles%20grandes%20en%20C%C3%B3rdoba&amp;u=http%3A%2F%2Fplayfmradio.com%2Fferia-de-talles-grandes-en-cordoba%2F\"><img loading=\"lazy\" alt=\"tumblr\" title=\"Share on tumblr\" class=\"synved-share-image synved-social-image synved-social-image-share\" width=\"32\" height=\"32\" src=\"http:\/\/cordobainforma.info\/wp-content\/uploads\/2022\/05\/feria-de-talles-grandes-en-cordoba-3.png\"><\/a><a class=\"synved-social-button synved-social-button-share synved-social-size-32 synved-social-resolution-single synved-social-provider-mail nolightbox\" data-provider=\"mail\" rel=\"nofollow\" title=\"Share by email\" href=\"mailto:?subject=Feria%20de%20talles%20grandes%20en%20C%C3%B3rdoba&amp;body=Compartido%20de%20Playfmradio.com:%20http%3A%2F%2Fplayfmradio.com%2Fferia-de-talles-grandes-en-cordoba%2F\"><img loading=\"lazy\" alt=\"mail\" title=\"Share by email\" class=\"synved-share-image synved-social-image synved-social-image-share\" width=\"32\" height=\"32\" src=\"http:\/\/cordobainforma.info\/wp-content\/uploads\/2022\/05\/feria-de-talles-grandes-en-cordoba-4.png\"><\/a> <!-- AUTHOR PART ========================= --><\/p>\n<div class=\"qt-post-author qt-card\">\n<div class=\"row\">\n<div class=\"qt-post-author-data col s10 m7 l8\">\n<h6>Autor<\/h6>\n<h4><a href=\"http:\/\/playfmradio.com\/feria-de-talles-grandes-en-cordoba\/#author_page\">Play FM<\/a><\/h4>\n<\/p><\/div>\n<div class=\"qt-post-author-link col s12 m3 l3 aligncenter\"> <a href=\"http:\/\/playfmradio.com\/author\/andres\/\" class=\"qt-btn qt-btn-large qt-btn-primary\">Archivos del autor<\/a> <\/div><\/div>\n<\/div>\n<p><!-- AUTHOR PART END ========================= --> <\/p>\n","protected":false},"excerpt":{"rendered":"<p>Se acerca una nueva edici\u00f3n del evento que celebra la diversidad corporal, y propone derribar los estereotipos patriarcales de la moda. El 15 de mayo, en Studio Theater, se podr\u00e1 asistir a la Feria Bigger; donde habr\u00e1 actividades que exhibir\u00e1n talles grandes de ropa, y por lo tanto, reunir\u00e1 m\u00e1s de 40 emprendimientos que los [&hellip;]<\/p>\n","protected":false},"author":1,"featured_media":40073,"comment_status":"closed","ping_status":"closed","sticky":false,"template":"","format":"standard","meta":[],"categories":[23],"tags":[],"_links":{"self":[{"href":"http:\/\/cordobainforma.info\/index.php\/wp-json\/wp\/v2\/posts\/40072"}],"collection":[{"href":"http:\/\/cordobainforma.info\/index.php\/wp-json\/wp\/v2\/posts"}],"about":[{"href":"http:\/\/cordobainforma.info\/index.php\/wp-json\/wp\/v2\/types\/post"}],"author":[{"embeddable":true,"href":"http:\/\/cordobainforma.info\/index.php\/wp-json\/wp\/v2\/users\/1"}],"replies":[{"embeddable":true,"href":"http:\/\/cordobainforma.info\/index.php\/wp-json\/wp\/v2\/comments?post=40072"}],"version-history":[{"count":0,"href":"http:\/\/cordobainforma.info\/index.php\/wp-json\/wp\/v2\/posts\/40072\/revisions"}],"wp:featuredmedia":[{"embeddable":true,"href":"http:\/\/cordobainforma.info\/index.php\/wp-json\/wp\/v2\/media\/40073"}],"wp:attachment":[{"href":"http:\/\/cordobainforma.info\/index.php\/wp-json\/wp\/v2\/media?parent=40072"}],"wp:term":[{"taxonomy":"category","embeddable":true,"href":"http:\/\/cordobainforma.info\/index.php\/wp-json\/wp\/v2\/categories?post=40072"},{"taxonomy":"post_tag","embeddable":true,"href":"http:\/\/cordobainforma.info\/index.php\/wp-json\/wp\/v2\/tags?post=40072"}],"curies":[{"name":"wp","href":"https:\/\/api.w.org\/{rel}","templated":true}]}}