{"id":40016,"date":"2022-05-12T16:59:00","date_gmt":"2022-05-12T16:59:00","guid":{"rendered":"https:\/\/somoscordobeses.com\/2022\/05\/12\/en-vivo-el-senado-debate-el-proyecto-para-pagarle-al-fmi-con-dinero-fugado-al-exterior\/"},"modified":"2022-05-12T16:59:00","modified_gmt":"2022-05-12T16:59:00","slug":"en-vivo-el-senado-debate-el-proyecto-para-pagarle-al-fmi-con-dinero-fugado-al-exterior","status":"publish","type":"post","link":"http:\/\/cordobainforma.info\/index.php\/2022\/05\/12\/en-vivo-el-senado-debate-el-proyecto-para-pagarle-al-fmi-con-dinero-fugado-al-exterior\/","title":{"rendered":"En vivo: el Senado debate el proyecto para pagarle al FMI con \u201cdinero fugado\u201d al exterior"},"content":{"rendered":"<div>\n<div>\n<p>Iniciativa K<\/p>\n<h2>El proyecto es impulsado por el oficialismo. Cristina Kirchner no est\u00e1 en la sesi\u00f3n porque se encuentra al frente del Gobierno debido a la gira de Alberto Fern\u00e1ndez. <\/h2>\n<\/div>\n<\/div>\n<div>\n<div>\n<div>\n<div>\n<div>\n<p><span>EN VIVO<\/span><\/p>\n<p><span>Noticia en Desarrollo<\/span> <\/p>\n<\/div>\n<p>El Senado de la Naci\u00f3n debate este jueves en sesi\u00f3n ordinaria <strong>el proyecto de ley impulsado por el oficialismo<\/strong> para pagar la deuda de m\u00e1s de 44 mil millones de d\u00f3lares con el Fondo Monetario Internacional (FMI) con un tributo sobre bienes no declarados en el exterior.<\/p>\n<p>La sesi\u00f3n fue convocada&nbsp;por un Decreto Parlamentario firmado por la presidenta Provisional del Senado, la santiague\u00f1a Claudia Ledesma Abdala de Zamora, quien encabezar\u00e1 la reuni\u00f3n parlamentaria porque la vicepresidenta Cristina Fern\u00e1ndez de Kirchner se encuentra en ejercicio de la Presidencia a ra\u00edz de la gira que realiza por Europa el presidente Alberto Fern\u00e1ndez.<\/p>\n<div>\n<div>\n<div>\n<h2>Guerra: \u201cQue la deuda no recaiga en la poblaci\u00f3n que trabaja y no evadi\u00f3\u201d<\/h2>\n<\/div>\n<\/div>\n<div>\n<div>\n<div> <picture><source media=\"(min-width: 720px)\"><\/picture><figcaption>\n<p>El senador riojano Ricardo Guerra.<\/p>\n<\/figcaption><\/div>\n<\/div>\n<\/div>\n<div>\n<div>\n<p>El senador riojano del Frente de Todos Ricardo Guerra destac\u00f3 la importancia del proyecto al se\u00f1alar que \u201cse trata de la creaci\u00f3n de un fondo con recursos que se han evadido\u201d.&nbsp;<\/p>\n<\/div>\n<\/div>\n<div>\n<div>\n<p>\u201cEs para que (la deuda) no recaiga en la mayor\u00eda de la poblaci\u00f3n argentina que trabaja todos los d\u00edas y no ha evadido\u201d, dijo minutos antes del inicio de la sesi\u00f3n.<\/p>\n<\/div>\n<\/div>\n<div>\n<div>\n<h2>Grabois: \u201cQue la deuda externa la paguen los que la fugaron\u201d<\/h2>\n<\/div>\n<\/div>\n<div>\n<div>\n<p>El dirigente piquetero estuvo el mi\u00e9rcoles en el Senado y le reclam\u00f3 a los legisladores que \u201caceleren procesos\u201d para que se informe \u201ccu\u00e1nto, c\u00f3mo y qui\u00e9nes fugaron\u201d dinero al exterior.<\/p>\n<\/div>\n<\/div>\n<div>\n<div>\n<h2>Cristina Kirchner no preside la sesi\u00f3n por estar al frente del Gobierno&nbsp;<\/h2>\n<\/div>\n<\/div>\n<div>\n<div>\n<p>La titular del Senado no estar\u00e1 al frente de la sesi\u00f3n porque ejerce la presidencia debido a que Alberto Fern\u00e1ndez realiza una gira por Europa.&nbsp;<\/p>\n<\/div>\n<\/div>\n<div>\n<div>\n<p>Su lugar lo ocupar\u00e1 la presidenta provisional del Senado, la ex gobernadora de Santiago del Estero Claudia Ledesma Abdala.<\/p>\n<\/div>\n<\/div>\n<\/div>\n<\/div>\n<\/div>\n<\/div>\n<\/div>\n<nav class=\"navigation post-navigation\" role=\"navigation\" aria-label=\"Continue Reading\">\n<h2 class=\"screen-reader-text\">Continue Reading<\/h2>\n<\/nav>\n","protected":false},"excerpt":{"rendered":"<p>Iniciativa K El proyecto es impulsado por el oficialismo. Cristina Kirchner no est\u00e1 en la sesi\u00f3n porque se encuentra al frente del Gobierno debido a la gira de Alberto Fern\u00e1ndez. EN VIVO Noticia en Desarrollo El Senado de la Naci\u00f3n debate este jueves en sesi\u00f3n ordinaria el proyecto de ley impulsado por el oficialismo para [&hellip;]<\/p>\n","protected":false},"author":1,"featured_media":40017,"comment_status":"closed","ping_status":"closed","sticky":false,"template":"","format":"standard","meta":[],"categories":[2],"tags":[],"_links":{"self":[{"href":"http:\/\/cordobainforma.info\/index.php\/wp-json\/wp\/v2\/posts\/40016"}],"collection":[{"href":"http:\/\/cordobainforma.info\/index.php\/wp-json\/wp\/v2\/posts"}],"about":[{"href":"http:\/\/cordobainforma.info\/index.php\/wp-json\/wp\/v2\/types\/post"}],"author":[{"embeddable":true,"href":"http:\/\/cordobainforma.info\/index.php\/wp-json\/wp\/v2\/users\/1"}],"replies":[{"embeddable":true,"href":"http:\/\/cordobainforma.info\/index.php\/wp-json\/wp\/v2\/comments?post=40016"}],"version-history":[{"count":0,"href":"http:\/\/cordobainforma.info\/index.php\/wp-json\/wp\/v2\/posts\/40016\/revisions"}],"wp:featuredmedia":[{"embeddable":true,"href":"http:\/\/cordobainforma.info\/index.php\/wp-json\/wp\/v2\/media\/40017"}],"wp:attachment":[{"href":"http:\/\/cordobainforma.info\/index.php\/wp-json\/wp\/v2\/media?parent=40016"}],"wp:term":[{"taxonomy":"category","embeddable":true,"href":"http:\/\/cordobainforma.info\/index.php\/wp-json\/wp\/v2\/categories?post=40016"},{"taxonomy":"post_tag","embeddable":true,"href":"http:\/\/cordobainforma.info\/index.php\/wp-json\/wp\/v2\/tags?post=40016"}],"curies":[{"name":"wp","href":"https:\/\/api.w.org\/{rel}","templated":true}]}}