{"id":39984,"date":"2022-05-11T13:45:02","date_gmt":"2022-05-11T13:45:02","guid":{"rendered":"https:\/\/www.mujerhoy.com\/moda\/no-te-pierdas\/carmen-lomana-conjunto-punto-rayas-look-elegante-comodo-ponible-rejuvenece-agotado-20220511225355-nt.html"},"modified":"2022-05-11T13:45:02","modified_gmt":"2022-05-11T13:45:02","slug":"ir-comoda-y-elegante-es-posible-con-este-conjunto-de-punto-de-carmen-lomana-que-rejuvenece-y-que-esta-casi-agotado","status":"publish","type":"post","link":"http:\/\/cordobainforma.info\/index.php\/2022\/05\/11\/ir-comoda-y-elegante-es-posible-con-este-conjunto-de-punto-de-carmen-lomana-que-rejuvenece-y-que-esta-casi-agotado\/","title":{"rendered":"Ir c\u00f3moda y elegante es posible con este conjunto de punto de Carmen Lomana que rejuvenece y que est\u00e1 casi agotado"},"content":{"rendered":"<p><!-- AUTHOR --><!-- COMPONENTS --><\/p>\n<p class=\"voc-paragraph\">\u00bfEn b\u00fasqueda de un<br \/>\n<strong> look fresquito y estiloso <\/strong>para esta temporada? No te pierdas el \u00faltimo look que ha compartido <strong>Carmen Lomana<\/strong> en Instagram. La socialit\u00e9 ha vuelto a triunfar con uno de sus looks y esta vez ha sido gracias a un <a data-voc-vtm-id=\"in-text-traffic\" href=\"https:\/\/www.mujerhoy.com\/moda\/tendencias\/conjuntos-punto-comodos-fresquitos-tres-colores-baratos-menos-20-euros-zara-20220430210404-nt.html\">conjunto de punto<\/a>. Ya sabes, esta temporada este tipo de sets de dos piezas se llevan much\u00edsimo y aunque las versiones son infinitas, lo cierto es que Carmen ha encontrado uno de los m\u00e1s bonitos y originales y que es casi tan bonito como<br \/>\n<a data-voc-vtm-id=\"in-text-traffic\" href=\"https:\/\/www.mujerhoy.com\/moda\/tendencias\/conjunto-crochet-hym-hace-tipazo-tendencia-influencers-primavera-20220510080257-nt.html\"> este de crochet de H&amp;M<\/a>.\n<\/p>\n<p class=\"voc-paragraph\">Carmen ha querido ense\u00f1ar a sus seguidores como se ha adaptado a esta subida de temperatura repentina y casi veraniega que estamos teniendo. Y lo ha hecho ense\u00f1ando el <strong>look escogido para pasar el d\u00eda fuera <\/strong>y demostrando que un <strong>conjunto de punto<\/strong>o puede ser la opci\u00f3n perfecta para el d\u00eda a d\u00eda. Pero, \u00bfpor qu\u00e9 ha gustado especialmente este estilismo? Porque no se trata de un set al uso, sino de uno que <strong>destaca por su estampado y por su dise\u00f1o <\/strong>diferente.\n<\/p>\n<p class=\"voc-paragraph\">En la fotograf\u00eda que ha publicado, Carmen luce un conjunto de pantalones y top y es esta parte superior la que ha llamado la atenci\u00f3n porque no es un chaleco o un jersey como solemos ver en todas las propuestas, sino que es un <strong>polo<\/strong>. Una prenda s\u00faper setentera que da un toque sofisticado al look y que, sumado al <strong>estampado de rayas horizontales y <\/strong>los colores en marr\u00f3n y mostaza, hace que sea un outfit digno de aquella d\u00e9cada.\n<\/p>\n<div class=\"voc-detail__cmp\">\n<div class=\"voc-article-container\">\n<article class=\"voc-article voc-article--cmp-photo-text\" readability=\"26\">\n<div class=\"voc-img-container\" readability=\"7\"><picture>\n<div class=\"voc-horizontal voc-img-icon-link\"><img class=\"lazy\" loading=\"lazy\" data-original=\"\/\/static2.mujerhoy.com\/www\/multimedia\/202205\/10\/media\/cortadas\/polo-rayas-mujer-kcFH--624x624@MujerHoy.jpg\" alt=\"El polo de rayas de Is Coming queda ligeramente ajustado.\"><\/div>\n<\/picture>\n<p class=\"figure-caption \"> El polo de rayas de Is Coming queda ligeramente ajustado. <span class=\"voc-photo-author\"><\/span><\/p>\n<\/div>\n<\/article>\n<\/div>\n<\/div>\n<div class=\"voc-detail__cmp\">\n<div class=\"voc-article-container\">\n<article class=\"voc-article voc-article--cmp-photo-text\" readability=\"26\">\n<div class=\"voc-img-container\" readability=\"7\"><picture>\n<div class=\"voc-horizontal voc-img-icon-link\"><img class=\"lazy\" loading=\"lazy\" data-original=\"\/\/static1.mujerhoy.com\/www\/multimedia\/202205\/10\/media\/cortadas\/pantalon-rayas-mujer-kcFH--624x624@MujerHoy.jpg\" alt=\"Los pantalones de punto son de talle alto y con el bajo acampanado.\"><\/div>\n<\/picture>\n<p class=\"figure-caption \"> Los pantalones de punto son de talle alto y con el bajo acampanado. <span class=\"voc-photo-author\"><\/span><\/p>\n<\/div>\n<\/article>\n<\/div>\n<\/div>\n<p class=\"voc-paragraph\">El conjunto en cuesti\u00f3n es un dise\u00f1o de <strong>Is Coming<\/strong>, una marca espa\u00f1ola que naci\u00f3 en 2019 y que tiene a la venta prendas vers\u00e1tiles, hechas con cari\u00f1o de forma responsable y dise\u00f1adas para emocionar. El jersey es de manga corta con cuello camisero y lleva el cierre de botones en la parte superior. Cuesta <strong>105 euros <\/strong>y ya est\u00e1 agotado en la talla S y M. Algo que tambi\u00e9n ocurre con los pantalones, un modelo ligeramente acampanado que cuesta <strong>150 euros <\/strong>y que solo est\u00e1 disponible en la talla M. <\/p>\n<p class=\"voc-paragraph\">Si tu talla coincide con las que hay disponibles, te recomendamos no dejarlo escapar. Este dos piezas de <strong>rayas metalizadas multicolor<\/strong> queda de lujo ya admite muchas posibilidades. De hecho, puedes optar por la opci\u00f3n m\u00e1s casual a\u00f1adiendo unas zapatillas o unas sandalias planas, pero tambi\u00e9n puedes hacer como Carmen y combinarlo con un zapato de tac\u00f3n para ir elegante. \u00a1Nos encanta!\n<\/p>\n<p><!-- TOPICS --><\/p>\n","protected":false},"excerpt":{"rendered":"<p>\u00bfEn b\u00fasqueda de un look fresquito y estiloso para esta temporada? No te pierdas el \u00faltimo look que ha compartido Carmen Lomana en Instagram. La socialit\u00e9 ha vuelto a triunfar con uno de sus looks y esta vez ha sido gracias a un conjunto de punto. Ya sabes, esta temporada este tipo de sets de [&hellip;]<\/p>\n","protected":false},"author":1,"featured_media":39985,"comment_status":"closed","ping_status":"closed","sticky":false,"template":"","format":"standard","meta":[],"categories":[24],"tags":[],"_links":{"self":[{"href":"http:\/\/cordobainforma.info\/index.php\/wp-json\/wp\/v2\/posts\/39984"}],"collection":[{"href":"http:\/\/cordobainforma.info\/index.php\/wp-json\/wp\/v2\/posts"}],"about":[{"href":"http:\/\/cordobainforma.info\/index.php\/wp-json\/wp\/v2\/types\/post"}],"author":[{"embeddable":true,"href":"http:\/\/cordobainforma.info\/index.php\/wp-json\/wp\/v2\/users\/1"}],"replies":[{"embeddable":true,"href":"http:\/\/cordobainforma.info\/index.php\/wp-json\/wp\/v2\/comments?post=39984"}],"version-history":[{"count":0,"href":"http:\/\/cordobainforma.info\/index.php\/wp-json\/wp\/v2\/posts\/39984\/revisions"}],"wp:featuredmedia":[{"embeddable":true,"href":"http:\/\/cordobainforma.info\/index.php\/wp-json\/wp\/v2\/media\/39985"}],"wp:attachment":[{"href":"http:\/\/cordobainforma.info\/index.php\/wp-json\/wp\/v2\/media?parent=39984"}],"wp:term":[{"taxonomy":"category","embeddable":true,"href":"http:\/\/cordobainforma.info\/index.php\/wp-json\/wp\/v2\/categories?post=39984"},{"taxonomy":"post_tag","embeddable":true,"href":"http:\/\/cordobainforma.info\/index.php\/wp-json\/wp\/v2\/tags?post=39984"}],"curies":[{"name":"wp","href":"https:\/\/api.w.org\/{rel}","templated":true}]}}