{"id":39906,"date":"2022-05-11T03:38:20","date_gmt":"2022-05-11T03:38:20","guid":{"rendered":"http:\/\/cordobainforma.info\/index.php\/2022\/05\/11\/el-aumento-de-la-temperatura-global-podria-romper-el-critico-limite-de-15-grados-celsius-en-los-proximos-5-anos\/"},"modified":"2022-05-11T03:38:20","modified_gmt":"2022-05-11T03:38:20","slug":"el-aumento-de-la-temperatura-global-podria-romper-el-critico-limite-de-15-grados-celsius-en-los-proximos-5-anos","status":"publish","type":"post","link":"http:\/\/cordobainforma.info\/index.php\/2022\/05\/11\/el-aumento-de-la-temperatura-global-podria-romper-el-critico-limite-de-15-grados-celsius-en-los-proximos-5-anos\/","title":{"rendered":"El aumento de la temperatura global podr\u00eda romper el cr\u00edtico l\u00edmite de 1,5 grados Celsius en los pr\u00f3ximos 5 a\u00f1os"},"content":{"rendered":"<p><img src=\"http:\/\/cordobainforma.info\/wp-content\/uploads\/2022\/05\/el-aumento-de-la-temperatura-global-podria-romper-el-critico-limite-de-15-grados-celsius-en-los-proximos-5-anos.jpg\"><\/p>\n<div readability=\"32\">\n<p><span>Publicado:<\/span><time class=\"Timestamp-root Timestamp-isBlackColor \" datetime=\"2022-05-11T03:38:20+00:00\"> 11 may 2022 03:38 GMT <\/time><\/p>\n<\/div>\n<div readability=\"37\">\n<p> \u00abLos impactos clim\u00e1ticos ser\u00e1n cada vez m\u00e1s da\u00f1inos para las personas y, de hecho, para todo el planeta\u00bb, alerta Petteri Taalas, secretario general de la OMM. <\/p>\n<\/div>\n<div readability=\"80.069565217391\">\n<p>La probabilidad de que la temperatura media anual alcance 1,5 \u00b0C por encima del nivel preindustrial en&nbsp;los siguientes cinco a\u00f1os se ha elevado,&nbsp;<a href=\"https:\/\/public.wmo.int\/en\/media\/press-release\/wmo-update-5050-chance-of-global-temperature-temporarily-reaching-15%C2%B0c-threshold\" target=\"_blank\" rel=\"noopener noreferrer\">seg\u00fan<\/a>&nbsp;un reciente informe clim\u00e1tico de la Organizaci\u00f3n&nbsp;Meteorol\u00f3gica Mundial (OMM).<\/p>\n<p>La probabilidad de superar esa cifra <strong>ha aumentado constantemente desde el a\u00f1o 2015<\/strong>, cuando era cercana a cero. Mientras que para el periodo entre&nbsp;2017 y 2021 esa probabilidad&nbsp;aument\u00f3 a 10 %.<\/p>\n<p>Las predicciones actuales&nbsp;muestran que para&nbsp;el periodo entre 2022 y 2026 la probabilidad de que al menos un a\u00f1o la temperatura aumente 1,5 \u00b0C se ha elevado al 50 %. En paralelo, la posibilidad de que uno de esos a\u00f1os supere al a\u00f1o m\u00e1s c\u00e1lido registrado es de un 93 %. Adem\u00e1s, la posibilidad de que el promedio de la temperatura en esos cinco a\u00f1os sea superior al quinquenio anterior es tambi\u00e9n de 93 %,&nbsp;<a href=\"https:\/\/hadleyserver.metoffice.gov.uk\/wmolc\/WMO_GADCU_2022-2026.pdf\" target=\"_blank\" rel=\"noopener noreferrer\">inform\u00f3<\/a>&nbsp;el Servicio Meteorol\u00f3gico del Reino Unido.<\/p>\n<p>\u00abLa cifra de 1,5 \u00b0C no es una estad\u00edstica aleatoria. Es m\u00e1s bien un indicador del punto en el que <strong>los impactos clim\u00e1ticos ser\u00e1n cada vez m\u00e1s da\u00f1inos<\/strong> para las personas y, de hecho, para todo el planeta\u00bb,&nbsp;explic\u00f3 Petteri Taalas, secretario general de la OMM.<\/p>\n<div class=\"ReadMore-root Section-root Section-is1to3-xs_is1to1\" data-widgets=\"ReadMore\">\n<div class=\"Section-container Section-isRow-isTop-isWrap\">\n<article class=\"Card-root Card-is1to1 \">\n<div class=\"Card-imageWrap\">\n<div class=\"Card-picture\"> <picture class=\"Picture-root Picture-default\"><!--[if IE 9]><video style=\"display: none;\"><![endif]--><source media=\"(-webkit-min-device-pixel-ratio: 2) and (min-resolution: 120dpi)\" srcset=\"http:\/\/cordobainforma.info\/wp-content\/uploads\/2022\/05\/el-aumento-de-la-temperatura-global-podria-romper-el-critico-limite-de-15-grados-celsius-en-los-proximos-5-anos.png 850w, http:\/\/cordobainforma.info\/wp-content\/uploads\/2022\/05\/el-aumento-de-la-temperatura-global-podria-romper-el-critico-limite-de-15-grados-celsius-en-los-proximos-5-anos-1.png 1960w\"><source srcset=\"http:\/\/cordobainforma.info\/wp-content\/uploads\/2022\/05\/el-aumento-de-la-temperatura-global-podria-romper-el-critico-limite-de-15-grados-celsius-en-los-proximos-5-anos.png 460w, http:\/\/cordobainforma.info\/wp-content\/uploads\/2022\/05\/el-aumento-de-la-temperatura-global-podria-romper-el-critico-limite-de-15-grados-celsius-en-los-proximos-5-anos-1.png 980w\"><!--[if IE 9]><\/video><![endif]--><img data-sizes=\"auto\" src=\"http:\/\/cordobainforma.info\/wp-content\/uploads\/2022\/05\/el-aumento-de-la-temperatura-global-podria-romper-el-critico-limite-de-15-grados-celsius-en-los-proximos-5-anos.png\" class=\"Picture-root Picture-default lazyload\" alt=\"\u00bf'No miren arriba' de la vida real?: cient\u00edfico arrestado por encadenarse a la puerta de un banco alerta que &quot;nos dirigimos a una maldita cat\u00e1strofe&quot;\"><\/picture><!-- noscript pattern --><noscript><img src=\"http:\/\/cordobainforma.info\/wp-content\/uploads\/2022\/05\/el-aumento-de-la-temperatura-global-podria-romper-el-critico-limite-de-15-grados-celsius-en-los-proximos-5-anos-1.png\" alt=\"\u00bf'No miren arriba' de la vida real?: cient\u00edfico arrestado por encadenarse a la puerta de un banco alerta que &quot;nos dirigimos a una maldita cat\u00e1strofe&quot;\"><\/noscript> <\/div><\/div>\n<\/article><\/div><\/div>\n<p>Taalas advirte que las temperaturas seguir\u00e1n aumentando mientras contin\u00faen las emisiones de efecto invernadero. \u00abNuestros oc\u00e9anos continuar\u00e1n calent\u00e1ndose y volvi\u00e9ndose m\u00e1s \u00e1cidos, el hielo marino y los glaciares continuar\u00e1n derriti\u00e9ndose, el nivel del mar seguir\u00e1 aumentando y <strong>nuestro clima se volver\u00e1 m\u00e1s extremo<\/strong>\u00ab, agreg\u00f3.<\/p>\n<p>Si bien el Acuerdo de Par\u00eds, adoptado por 196 naciones en 2015, <a href=\"https:\/\/unfccc.int\/process-and-meetings\/the-paris-agreement\/the-paris-agreement\" target=\"_blank\" rel=\"noopener noreferrer\">estableci\u00f3<\/a>&nbsp;medidas clim\u00e1ticas para limitar el aumento de la temperatura global a 2 \u00b0C en este siglo, se mantuvo como referencia la cifra de&nbsp;1,5 \u00b0C.<\/p>\n<p>Durante la Conferencia de las Naciones&nbsp;Unidas sobre el Cambio Clim\u00e1tico (COP26) celebrada en Glasgow,&nbsp;Escocia, en 2021, las partes acordaron mantener como objetivos las cifras planteadas en el Acuerdo de Par\u00eds, pero <a href=\"https:\/\/unfccc.int\/sites\/default\/files\/resource\/cma3_auv_2_cover%20decision.pdf\" target=\"_blank\" rel=\"noopener noreferrer\">reconocieron<\/a> que alcanzar un incremento de 1,5 \u00b0C disminuir\u00eda en mayor medida&nbsp;la repercusi\u00f3n del cambio clim\u00e1tico.<\/p>\n<\/div>\n","protected":false},"excerpt":{"rendered":"<p>Publicado: 11 may 2022 03:38 GMT \u00abLos impactos clim\u00e1ticos ser\u00e1n cada vez m\u00e1s da\u00f1inos para las personas y, de hecho, para todo el planeta\u00bb, alerta Petteri Taalas, secretario general de la OMM. La probabilidad de que la temperatura media anual alcance 1,5 \u00b0C por encima del nivel preindustrial en&nbsp;los siguientes cinco a\u00f1os se ha elevado,&nbsp;seg\u00fan&nbsp;un [&hellip;]<\/p>\n","protected":false},"author":1,"featured_media":39907,"comment_status":"closed","ping_status":"closed","sticky":false,"template":"","format":"standard","meta":[],"categories":[22],"tags":[],"_links":{"self":[{"href":"http:\/\/cordobainforma.info\/index.php\/wp-json\/wp\/v2\/posts\/39906"}],"collection":[{"href":"http:\/\/cordobainforma.info\/index.php\/wp-json\/wp\/v2\/posts"}],"about":[{"href":"http:\/\/cordobainforma.info\/index.php\/wp-json\/wp\/v2\/types\/post"}],"author":[{"embeddable":true,"href":"http:\/\/cordobainforma.info\/index.php\/wp-json\/wp\/v2\/users\/1"}],"replies":[{"embeddable":true,"href":"http:\/\/cordobainforma.info\/index.php\/wp-json\/wp\/v2\/comments?post=39906"}],"version-history":[{"count":0,"href":"http:\/\/cordobainforma.info\/index.php\/wp-json\/wp\/v2\/posts\/39906\/revisions"}],"wp:featuredmedia":[{"embeddable":true,"href":"http:\/\/cordobainforma.info\/index.php\/wp-json\/wp\/v2\/media\/39907"}],"wp:attachment":[{"href":"http:\/\/cordobainforma.info\/index.php\/wp-json\/wp\/v2\/media?parent=39906"}],"wp:term":[{"taxonomy":"category","embeddable":true,"href":"http:\/\/cordobainforma.info\/index.php\/wp-json\/wp\/v2\/categories?post=39906"},{"taxonomy":"post_tag","embeddable":true,"href":"http:\/\/cordobainforma.info\/index.php\/wp-json\/wp\/v2\/tags?post=39906"}],"curies":[{"name":"wp","href":"https:\/\/api.w.org\/{rel}","templated":true}]}}