{"id":39904,"date":"2022-05-11T03:57:20","date_gmt":"2022-05-11T03:57:20","guid":{"rendered":"http:\/\/cordobainforma.info\/index.php\/2022\/05\/11\/el-presidente-de-bolivia-no-participara-en-la-cumbre-de-las-americas-si-no-se-invita-a-todos-los-paises-del-continente\/"},"modified":"2022-05-11T03:57:20","modified_gmt":"2022-05-11T03:57:20","slug":"el-presidente-de-bolivia-no-participara-en-la-cumbre-de-las-americas-si-no-se-invita-a-todos-los-paises-del-continente","status":"publish","type":"post","link":"http:\/\/cordobainforma.info\/index.php\/2022\/05\/11\/el-presidente-de-bolivia-no-participara-en-la-cumbre-de-las-americas-si-no-se-invita-a-todos-los-paises-del-continente\/","title":{"rendered":"El presidente de Bolivia no participar\u00e1 en la Cumbre de las Am\u00e9ricas si no se invita a todos los pa\u00edses del continente"},"content":{"rendered":"<p><img src=\"http:\/\/cordobainforma.info\/wp-content\/uploads\/2022\/05\/el-presidente-de-bolivia-no-participara-en-la-cumbre-de-las-americas-si-no-se-invita-a-todos-los-paises-del-continente.jpg\"><\/p>\n<div readability=\"32\">\n<p><span>Publicado:<\/span><time class=\"Timestamp-root Timestamp-isBlackColor \" datetime=\"2022-05-11T03:57:20+00:00\"> 11 may 2022 03:57 GMT <\/time><\/p>\n<\/div>\n<div readability=\"34\">\n<p> \u00abUna Cumbre de las Am\u00e9ricas que excluye a pa\u00edses americanos no ser\u00e1 una Cumbre de las Am\u00e9ricas plena\u00bb, denunci\u00f3 Luis Arce. <\/p>\n<\/div>\n<div readability=\"87.673796791444\">\n<p>El presidente de Bolivia, Luis Arce, manifest\u00f3 este martes que no asistir\u00e1 a la Cumbre de las Am\u00e9ricas, que se llevar\u00e1 a cabo en junio en EE.UU., si no se invita a todos los pa\u00edses de la regi\u00f3n. As\u00ed lo adelant\u00f3 despu\u00e9s que&nbsp;el presidente estadounidense, Joe Biden, anfitri\u00f3n de la cita, anunciara que excluir\u00e1 a naciones como Cuba y Venezuela.<\/p>\n<p>\u00abReafirmo que una Cumbre de las Am\u00e9ricas que excluya a pa\u00edses americanos no ser\u00e1 una Cumbre de las Am\u00e9ricas plena, y de persistir la exclusi\u00f3n de pueblos hermanos, no participar\u00e9 de la misma\u00bb, escribi\u00f3 en su cuenta de Twitter Arce, y subray\u00f3 que con ello est\u00e1 actuando de acuerdo con&nbsp;\u00ablos principios y valores del Estado Plurinacional de Bolivia\u00bb.&nbsp;<\/p>\n<div class=\"EmbedBlock-root EmbedBlock-twitter\">\n<div class=\"TwitterEmbed\" readability=\"7.9162303664921\">\n<blockquote class=\"twitter-tweet\" data-twitter=\"twitter-tweet\" readability=\"9.6753926701571\">\n<p lang=\"es\" dir=\"ltr\">(Hilo) Consecuente con los principios y valores del Estado Plurinacional de <a href=\"https:\/\/twitter.com\/hashtag\/Bolivia?src=hash&amp;ref_src=twsrc%5Etfw\">#Bolivia<\/a>, reafirmo que una Cumbre de las Am\u00e9ricas que excluye a pa\u00edses americanos no ser\u00e1 una Cumbre de las Am\u00e9ricas plena, y de persistir la exclusi\u00f3n de pueblos hermanos, no participar\u00e9 de la misma. <a href=\"https:\/\/t.co\/aicTZxYnWm\">pic.twitter.com\/aicTZxYnWm<\/a><\/p>\n<p>\u2014 Luis Alberto Arce Catacora (Lucho Arce) (@LuchoXBolivia) <a href=\"https:\/\/twitter.com\/LuchoXBolivia\/status\/1524196193743613953?ref_src=twsrc%5Etfw\">May 11, 2022<\/a><\/p><\/blockquote>\n<\/div>\n<\/div>\n<p>El mandatario expres\u00f3 que su pa\u00eds \u00abcimienta sus relaciones internacionales en la Diplomacia de los Pueblos, con inclusi\u00f3n, solidaridad, complementariedad, respeto a la soberan\u00eda, autodeterminaci\u00f3n y construcci\u00f3n colectiva de la cultura del di\u00e1logo y la paz\u00bb.&nbsp;<\/p>\n<div class=\"ReadMore-root Section-root Section-is1to3-xs_is1to1\" data-widgets=\"ReadMore\">\n<div class=\"Section-container Section-isRow-isTop-isWrap\">\n<article class=\"Card-root Card-is1to1 \">\n<div class=\"Card-imageWrap\">\n<div class=\"Card-picture\"> <picture class=\"Picture-root Picture-default\"><!--[if IE 9]><video style=\"display: none;\"><![endif]--><source media=\"(-webkit-min-device-pixel-ratio: 2) and (min-resolution: 120dpi)\" srcset=\"http:\/\/cordobainforma.info\/wp-content\/uploads\/2022\/05\/el-presidente-de-bolivia-no-participara-en-la-cumbre-de-las-americas-si-no-se-invita-a-todos-los-paises-del-continente-2.jpg 850w, http:\/\/cordobainforma.info\/wp-content\/uploads\/2022\/05\/el-presidente-de-bolivia-no-participara-en-la-cumbre-de-las-americas-si-no-se-invita-a-todos-los-paises-del-continente-3.jpg 1960w\"><source srcset=\"http:\/\/cordobainforma.info\/wp-content\/uploads\/2022\/05\/el-presidente-de-bolivia-no-participara-en-la-cumbre-de-las-americas-si-no-se-invita-a-todos-los-paises-del-continente-2.jpg 460w, http:\/\/cordobainforma.info\/wp-content\/uploads\/2022\/05\/el-presidente-de-bolivia-no-participara-en-la-cumbre-de-las-americas-si-no-se-invita-a-todos-los-paises-del-continente-3.jpg 980w\"><!--[if IE 9]><\/video><![endif]--><img data-sizes=\"auto\" src=\"http:\/\/cordobainforma.info\/wp-content\/uploads\/2022\/05\/el-presidente-de-bolivia-no-participara-en-la-cumbre-de-las-americas-si-no-se-invita-a-todos-los-paises-del-continente-2.jpg\" class=\"Picture-root Picture-default lazyload\" alt=\"&quot;\u00bfDe d\u00f3nde son, de qu\u00e9 continente, de qu\u00e9 galaxia?&quot;: L\u00f3pez Obrador advierte a Biden que ning\u00fan pa\u00eds puede ser excluido de la Cumbre de las Am\u00e9ricas\"><\/picture><!-- noscript pattern --><noscript><img src=\"http:\/\/cordobainforma.info\/wp-content\/uploads\/2022\/05\/el-presidente-de-bolivia-no-participara-en-la-cumbre-de-las-americas-si-no-se-invita-a-todos-los-paises-del-continente-3.jpg\" alt=\"&quot;\u00bfDe d\u00f3nde son, de qu\u00e9 continente, de qu\u00e9 galaxia?&quot;: L\u00f3pez Obrador advierte a Biden que ning\u00fan pa\u00eds puede ser excluido de la Cumbre de las Am\u00e9ricas\"><\/noscript> <\/div><\/div>\n<\/article><\/div><\/div>\n<p>Previamente, el presidente de M\u00e9xico,&nbsp;Andr\u00e9s Manuel L\u00f3pez Obrador, <a href=\"https:\/\/actualidad.rt.com\/actualidad\/429372-lopez-obrador-asistira-cumbre-americas\" target=\"_blank\" rel=\"noopener noreferrer\">dijo<\/a> que no participar\u00e1 en el evento si hay pa\u00edses excluidos.&nbsp;\u00abSi se excluye, si no se invita a todos, va a ir una representaci\u00f3n del Gobierno de M\u00e9xico, pero&nbsp;no ir\u00eda yo\u00bb, detall\u00f3 el jefe del Estado, quien consider\u00f3 que su postura ser\u00eda un mensaje de \u00abprotesta\u00bb porque no quiere que \u00abcontin\u00fae la misma pol\u00edtica en Am\u00e9rica\u00bb.<\/p>\n<p>Entretanto, Reuters&nbsp;<a href=\"https:\/\/actualidad.rt.com\/actualidad\/429410-bolsonaro-no-asistir-cumbre-americas-eeuu\" target=\"_blank\" rel=\"noopener noreferrer\">report\u00f3<\/a> este martes, remiti\u00e9ndose a personas familiarizadas con el asunto, que el presidente de Brasil, Jair Bolsonaro, tampoco tendr\u00eda previsto&nbsp;acudir a la&nbsp;Novena Cumbre de las Am\u00e9ricas.&nbsp;<\/p>\n<p>Las&nbsp;Cumbres de las Am\u00e9ricas, eventos en los que participan todos los pa\u00edses de la regi\u00f3n para abordar temas de importancia a nivel continental, tienen lugar desde 1994.&nbsp;La XI Cumbre se realizar\u00e1 del 6 al 10 de junio en Los&nbsp;\u00c1ngeles, California, EE.UU.<\/p>\n<\/div>\n","protected":false},"excerpt":{"rendered":"<p>Publicado: 11 may 2022 03:57 GMT \u00abUna Cumbre de las Am\u00e9ricas que excluye a pa\u00edses americanos no ser\u00e1 una Cumbre de las Am\u00e9ricas plena\u00bb, denunci\u00f3 Luis Arce. El presidente de Bolivia, Luis Arce, manifest\u00f3 este martes que no asistir\u00e1 a la Cumbre de las Am\u00e9ricas, que se llevar\u00e1 a cabo en junio en EE.UU., si [&hellip;]<\/p>\n","protected":false},"author":1,"featured_media":39905,"comment_status":"closed","ping_status":"closed","sticky":false,"template":"","format":"standard","meta":[],"categories":[22],"tags":[],"_links":{"self":[{"href":"http:\/\/cordobainforma.info\/index.php\/wp-json\/wp\/v2\/posts\/39904"}],"collection":[{"href":"http:\/\/cordobainforma.info\/index.php\/wp-json\/wp\/v2\/posts"}],"about":[{"href":"http:\/\/cordobainforma.info\/index.php\/wp-json\/wp\/v2\/types\/post"}],"author":[{"embeddable":true,"href":"http:\/\/cordobainforma.info\/index.php\/wp-json\/wp\/v2\/users\/1"}],"replies":[{"embeddable":true,"href":"http:\/\/cordobainforma.info\/index.php\/wp-json\/wp\/v2\/comments?post=39904"}],"version-history":[{"count":0,"href":"http:\/\/cordobainforma.info\/index.php\/wp-json\/wp\/v2\/posts\/39904\/revisions"}],"wp:featuredmedia":[{"embeddable":true,"href":"http:\/\/cordobainforma.info\/index.php\/wp-json\/wp\/v2\/media\/39905"}],"wp:attachment":[{"href":"http:\/\/cordobainforma.info\/index.php\/wp-json\/wp\/v2\/media?parent=39904"}],"wp:term":[{"taxonomy":"category","embeddable":true,"href":"http:\/\/cordobainforma.info\/index.php\/wp-json\/wp\/v2\/categories?post=39904"},{"taxonomy":"post_tag","embeddable":true,"href":"http:\/\/cordobainforma.info\/index.php\/wp-json\/wp\/v2\/tags?post=39904"}],"curies":[{"name":"wp","href":"https:\/\/api.w.org\/{rel}","templated":true}]}}