{"id":39844,"date":"2022-05-10T21:11:00","date_gmt":"2022-05-10T21:11:00","guid":{"rendered":"https:\/\/ahora.com.ar\/boca-le-gano-defensa-y-justicia-y-paso-ronda-n4263551"},"modified":"2022-05-10T21:11:00","modified_gmt":"2022-05-10T21:11:00","slug":"boca-le-gano-a-defensa-y-justicia-y-paso-de-ronda","status":"publish","type":"post","link":"http:\/\/cordobainforma.info\/index.php\/2022\/05\/10\/boca-le-gano-a-defensa-y-justicia-y-paso-de-ronda\/","title":{"rendered":"Boca le gan\u00f3 a Defensa y Justicia y pas\u00f3 de ronda"},"content":{"rendered":"<div><img src=\"http:\/\/cordobainforma.info\/wp-content\/uploads\/2022\/05\/boca-le-gano-a-defensa-y-justicia-y-paso-de-ronda.jpg\" class=\"ff-og-image-inserted\"><\/div>\n<div id=\"article-post\">\n<header class=\"article-info-wrapper\" readability=\"26.338461538462\">\n<p> <span class=\"fecha-detallenota\">10 de mayo de 2022 &#8211; 18:05<\/span><\/p>\n<p class=\"interiorCopete\"> Boca derrot\u00f3 2 a 0 al Halc\u00f3n como local y se meti\u00f3 en semis de la Liga Profesional. Ram\u00edrez y Villa, los goles Xeneizes <\/p>\n<\/header><\/div>\n<div id=\"article-post\">\n<div class=\"cuerpo\" data-twitter-link=\"https:\/\/twitter.com\/intent\/tweet?url=https:\/\/ahora.com.ar\/c4263551&amp;via=NueveLitoral&amp;related=Ahora&amp;text=\" readability=\"9.8285714285714\">\n<p><strong><a href=\"https:\/\/ahora.com.ar\/\/boca-a8152\" class=\"agrupador\" rel=\"8152\">Boca<\/a> derrot\u00f3 2 a 0 a <a href=\"https:\/\/ahora.com.ar\/defensa-y-justicia-a13071\" class=\"agrupador\" rel=\"13071\">Defensa y Justicia<\/a> en La Bombonera<\/strong>. De ese modo, el <em>Xeneize<\/em> se meti\u00f3 en las semifinales de la <a href=\"https:\/\/ahora.com.ar\/liga-profesional-a13027\" class=\"agrupador\" rel=\"13027\">Liga Profesional<\/a>, donde jugar\u00e1 contra <strong>Racing,<\/strong> que este martes <strong>aplast\u00f3 por 5 a 0 a Aldosivi<\/strong>.<\/p>\n<\/div><\/div>\n<div id=\"article-post\">\n<div class=\"cuerpo\" data-twitter-link=\"https:\/\/twitter.com\/intent\/tweet?url=https:\/\/ahora.com.ar\/c4263551&amp;via=NueveLitoral&amp;related=Ahora&amp;text=\" readability=\"15\">\n<p>Los goles de Boca fueron convertidos por <strong>Sebasti\u00e1n Villa, a los 41 minutos del primer tiempo; y Juan Ram\u00edrez, a los 33 del complemento<\/strong>.<\/p>\n<p>Los cuartos de final del certamen contin\u00faan este mi\u00e9rcoles, cuando Argentinos Juniors se enfrente a Estudiantes de La Plata a las 19.15 y River haga lo propio frente a Tigre, a las 21.30. <\/p>\n<\/div><\/div>\n","protected":false},"excerpt":{"rendered":"<p>10 de mayo de 2022 &#8211; 18:05 Boca derrot\u00f3 2 a 0 al Halc\u00f3n como local y se meti\u00f3 en semis de la Liga Profesional. Ram\u00edrez y Villa, los goles Xeneizes Boca derrot\u00f3 2 a 0 a Defensa y Justicia en La Bombonera. De ese modo, el Xeneize se meti\u00f3 en las semifinales de la [&hellip;]<\/p>\n","protected":false},"author":1,"featured_media":39845,"comment_status":"closed","ping_status":"closed","sticky":false,"template":"","format":"standard","meta":[],"categories":[20],"tags":[],"_links":{"self":[{"href":"http:\/\/cordobainforma.info\/index.php\/wp-json\/wp\/v2\/posts\/39844"}],"collection":[{"href":"http:\/\/cordobainforma.info\/index.php\/wp-json\/wp\/v2\/posts"}],"about":[{"href":"http:\/\/cordobainforma.info\/index.php\/wp-json\/wp\/v2\/types\/post"}],"author":[{"embeddable":true,"href":"http:\/\/cordobainforma.info\/index.php\/wp-json\/wp\/v2\/users\/1"}],"replies":[{"embeddable":true,"href":"http:\/\/cordobainforma.info\/index.php\/wp-json\/wp\/v2\/comments?post=39844"}],"version-history":[{"count":0,"href":"http:\/\/cordobainforma.info\/index.php\/wp-json\/wp\/v2\/posts\/39844\/revisions"}],"wp:featuredmedia":[{"embeddable":true,"href":"http:\/\/cordobainforma.info\/index.php\/wp-json\/wp\/v2\/media\/39845"}],"wp:attachment":[{"href":"http:\/\/cordobainforma.info\/index.php\/wp-json\/wp\/v2\/media?parent=39844"}],"wp:term":[{"taxonomy":"category","embeddable":true,"href":"http:\/\/cordobainforma.info\/index.php\/wp-json\/wp\/v2\/categories?post=39844"},{"taxonomy":"post_tag","embeddable":true,"href":"http:\/\/cordobainforma.info\/index.php\/wp-json\/wp\/v2\/tags?post=39844"}],"curies":[{"name":"wp","href":"https:\/\/api.w.org\/{rel}","templated":true}]}}