{"id":39818,"date":"2022-05-10T04:07:41","date_gmt":"2022-05-10T04:07:41","guid":{"rendered":"http:\/\/cordobainforma.info\/index.php\/2022\/05\/10\/el-papa-francisco-aplaza-su-viaje-al-libano-por-motivos-de-salud\/"},"modified":"2022-05-10T04:07:41","modified_gmt":"2022-05-10T04:07:41","slug":"el-papa-francisco-aplaza-su-viaje-al-libano-por-motivos-de-salud","status":"publish","type":"post","link":"http:\/\/cordobainforma.info\/index.php\/2022\/05\/10\/el-papa-francisco-aplaza-su-viaje-al-libano-por-motivos-de-salud\/","title":{"rendered":"El papa Francisco aplaza su viaje al L\u00edbano por motivos de salud"},"content":{"rendered":"<div><img src=\"http:\/\/cordobainforma.info\/wp-content\/uploads\/2022\/05\/el-papa-francisco-aplaza-su-viaje-al-libano-por-motivos-de-salud.jpg\" class=\"ff-og-image-inserted\"><\/div>\n<div readability=\"32\">\n<p><span>Publicado:<\/span><time class=\"Timestamp-root Timestamp-isBlackColor \" datetime=\"2022-05-10T04:07:41+00:00\"> 10 may 2022 04:07 GMT <\/time><\/p>\n<\/div>\n<div readability=\"49.859910581222\">\n<p>El papa Francisco pospuso su visita al L\u00edbano, prevista para el pr\u00f3ximo mes de junio, por motivos de salud, anunci\u00f3 este lunes el ministro liban\u00e9s de Turismo, Walid Nassar.<\/p>\n<p>\u00abL\u00edbano recibi\u00f3 una carta del Vaticano en la que se le informa oficialmente la decisi\u00f3n de posponer la visita programada del papa\u00bb, se\u00f1al\u00f3 Nassar en un comunicado, <a href=\"https:\/\/www.albawabhnews.com\/4574767\" target=\"_blank\" rel=\"nofollow noopener noreferrer\">citado<\/a> por los medios locales. \u00abLa nueva fecha de la visita se anunciar\u00e1 tan pronto como se determine\u00bb, agreg\u00f3.<\/p>\n<p>Francisco, de 85 a\u00f1os, quien por primera vez <a href=\"https:\/\/actualidad.rt.com\/actualidad\/428916-papa-francisco-aparece-silla-ruedas\" target=\"_blank\" rel=\"nofollow noopener noreferrer\">apareci\u00f3<\/a> en silla de ruedas en un acto p\u00fablico la semana pasada, \u00faltimamente ha tenido que interrumpir varios eventos debido a los reiterados dolores en su rodilla.<\/p>\n<\/div>\n","protected":false},"excerpt":{"rendered":"<p>Publicado: 10 may 2022 04:07 GMT El papa Francisco pospuso su visita al L\u00edbano, prevista para el pr\u00f3ximo mes de junio, por motivos de salud, anunci\u00f3 este lunes el ministro liban\u00e9s de Turismo, Walid Nassar. \u00abL\u00edbano recibi\u00f3 una carta del Vaticano en la que se le informa oficialmente la decisi\u00f3n de posponer la visita programada [&hellip;]<\/p>\n","protected":false},"author":1,"featured_media":39819,"comment_status":"closed","ping_status":"closed","sticky":false,"template":"","format":"standard","meta":[],"categories":[22],"tags":[],"_links":{"self":[{"href":"http:\/\/cordobainforma.info\/index.php\/wp-json\/wp\/v2\/posts\/39818"}],"collection":[{"href":"http:\/\/cordobainforma.info\/index.php\/wp-json\/wp\/v2\/posts"}],"about":[{"href":"http:\/\/cordobainforma.info\/index.php\/wp-json\/wp\/v2\/types\/post"}],"author":[{"embeddable":true,"href":"http:\/\/cordobainforma.info\/index.php\/wp-json\/wp\/v2\/users\/1"}],"replies":[{"embeddable":true,"href":"http:\/\/cordobainforma.info\/index.php\/wp-json\/wp\/v2\/comments?post=39818"}],"version-history":[{"count":0,"href":"http:\/\/cordobainforma.info\/index.php\/wp-json\/wp\/v2\/posts\/39818\/revisions"}],"wp:featuredmedia":[{"embeddable":true,"href":"http:\/\/cordobainforma.info\/index.php\/wp-json\/wp\/v2\/media\/39819"}],"wp:attachment":[{"href":"http:\/\/cordobainforma.info\/index.php\/wp-json\/wp\/v2\/media?parent=39818"}],"wp:term":[{"taxonomy":"category","embeddable":true,"href":"http:\/\/cordobainforma.info\/index.php\/wp-json\/wp\/v2\/categories?post=39818"},{"taxonomy":"post_tag","embeddable":true,"href":"http:\/\/cordobainforma.info\/index.php\/wp-json\/wp\/v2\/tags?post=39818"}],"curies":[{"name":"wp","href":"https:\/\/api.w.org\/{rel}","templated":true}]}}