{"id":39812,"date":"2022-05-09T12:46:55","date_gmt":"2022-05-09T12:46:55","guid":{"rendered":"https:\/\/www.mujerhoy.com\/moda\/no-te-pierdas\/falda-rosa-zara-sfera-copia-barata-prada-cola-tendencia-arrasa-street-style-20220509101940-nt.html"},"modified":"2022-05-09T12:46:55","modified_gmt":"2022-05-09T12:46:55","slug":"llega-a-zara-y-a-sfera-la-original-falda-mini-que-triunfo-en-el-street-style-y-es-una-version-low-cost-ideal-que-se-va-a-agotar","status":"publish","type":"post","link":"http:\/\/cordobainforma.info\/index.php\/2022\/05\/09\/llega-a-zara-y-a-sfera-la-original-falda-mini-que-triunfo-en-el-street-style-y-es-una-version-low-cost-ideal-que-se-va-a-agotar\/","title":{"rendered":"Llega a Zara y a Sfera la original falda mini que triunf\u00f3 en el street style y es una versi\u00f3n low cost ideal que se va a agotar"},"content":{"rendered":"<p><!-- AUTHOR --><!-- COMPONENTS --><\/p>\n<p class=\"voc-paragraph\">Entre los looks que triunfaron en la <strong>Semana de la Moda de Mil\u00e1n<\/strong>, adem\u00e1s de ver <a data-voc-vtm-id=\"in-text-traffic\" href=\"https:\/\/www.mujerhoy.com\/moda\/tendencias\/looks-azul-y-amarillo-tendencia-guerra-ucrania-rusia-inspiracion-street-style-20220307110345-ga.html\">propuestas en azul y amarillo en apoyo a Ucrania<\/a>, fichamos una prenda que, sin duda, fue la favorita de las que m\u00e1s saben de moda:<br \/>\n<strong> la falda cola de Prada<\/strong>. Fue hace unos meses cuando este original dise\u00f1o de la casa italiana se hizo viral y aquellas que arrasan en el street style convirtieron esta prenda en una de las m\u00e1s deseadas del momento.\n<\/p>\n<div class=\"voc-detail__cmp\">\n<div class=\"voc-photo-combo-three fw-xs\">\n<p class=\"figure-caption\"><span class=\"voc-photo-caption\"><\/span><span class=\"voc-photo-author\">IMAXTREE \/ INSTAGRAM<\/span><\/p>\n<\/div>\n<\/div>\n<p class=\"voc-paragraph\">Se trata de una <strong>falda mini de corte recto<\/strong> y confeccionada en tejido satinado que est\u00e1 protagonizada por una especie de <strong>cola <\/strong>que adorna la parte trasera de la prenda. Es una falda que forma parte de la <strong>colecci\u00f3n Primavera-Verano 2022 <\/strong>de la firma y que tiene como objetivo atraer la nueva idea de la alta costura, que se esboza en dise\u00f1os que recontextualizan prendas del pasado a trav\u00e9s de nuevas estructuras intr\u00ednsecamente ligadas al cuerpo y, por lo tanto, a la seducci\u00f3n.\n<\/p>\n<p class=\"voc-paragraph\">Y aunque Prada ha lanzado este modelo en diferentes colores como el <strong>negro, el amarillo o el naranja<\/strong>, lo cierto es que el<br \/>\n<strong> rosa pastel<\/strong> ha sido el favorito. Son varias las influencers las que han escogido este tono para sus looks y, como consecuencia, ha sido este color el que ha llegado al low cost y el que han copiado firmas como <strong>Zara y Sfera<\/strong>.\n<\/p>\n<div class=\"voc-detail__cmp\">\n<div class=\"voc-article-container\">\n<article class=\"voc-article voc-article--cmp-photo-text\">\n<div class=\"voc-img-container\"><picture>\n<div class=\"voc-horizontal voc-img-icon-link\"><img class=\"lazy\" loading=\"lazy\" data-original=\"\/\/static1.mujerhoy.com\/www\/multimedia\/202205\/09\/media\/cortadas\/falda-rosa-prada-kD2F--624x624@MujerHoy.jpg\" alt><\/div>\n<\/picture>\n<p class=\"figure-caption \"><span class=\"voc-photo-author\"> prada <\/span><\/p>\n<\/div>\n<\/article>\n<\/div>\n<\/div>\n<p class=\"voc-paragraph\">El gigante de Inditex, que ha demostrado en varias ocasiones que se inspira much\u00edsimo en las prendas de lujo, ha sacado su versi\u00f3n de este dise\u00f1o que tanto ha arrasado en los \u00faltimos meses. \u00bfLa gran diferencia? El precio, por supuesto. El modelo de Prada cuesta <strong>1.380 euros<\/strong> y la de Zara la puedes comprar por tan solo <strong>39,95 euros<\/strong>.\n<\/p>\n<div class=\"voc-detail-photo-zoom\"><picture data-toggle=\"modal\" data-target=\"#photoZoomModal-368\" target=\"modal\">\n<div class=\"voc-img-icon-link\"><img loading=\"lazy\" data-original=\"\/\/static1.mujerhoy.com\/www\/multimedia\/202205\/09\/media\/cortadas\/copia-barata-falda-prada-zara-kD2F--460x637@MujerHoy.jpg\" class=\"lazy\" alt=\"ZARA\"><noscript><img src=\"http:\/\/cordobainforma.info\/wp-content\/uploads\/2022\/05\/llega-a-zara-y-a-sfera-la-original-falda-mini-que-triunfo-en-el-street-style-y-es-una-version-low-cost-ideal-que-se-va-a-agotar.jpg\" alt=\"ZARA\"><\/noscript><i class=\"voc-icons zoom voc-multimedia-box voc-ico-l\"><\/i><\/div><figcaption class=\"figure-caption\">ZARA<\/figcaption><\/picture><\/div>\n<div id=\"photoZoomModal-368\" class=\"voc-lightbox modal fade voc-lightbox--photo-zoom\" role=\"dialog\" data-voc-photozoom-lightbox>\n<div class=\"voc-lightbox__dialog\" role=\"document\">\n<div class=\"voc-lightbox__content\"><!-- Modal header --><!-- Modal content --><\/p>\n<div class=\"voc-lightbox__photo-container\"><picture class><img loading=\"lazy\" data-original=\"\/\/static1.mujerhoy.com\/www\/multimedia\/202205\/09\/media\/cortadas\/copia-barata-falda-prada-zara-kD2F--460x637@MujerHoy.jpg\" alt=\"ZARA\" class=\"lazy\"><noscript><img src=\"http:\/\/cordobainforma.info\/wp-content\/uploads\/2022\/05\/llega-a-zara-y-a-sfera-la-original-falda-mini-que-triunfo-en-el-street-style-y-es-una-version-low-cost-ideal-que-se-va-a-agotar.jpg\" alt=\"ZARA\"><\/noscript><\/picture><\/div>\n<\/div>\n<\/div>\n<\/div>\n<p class=\"voc-paragraph\">Se diferencia en que, en vez de estar fabricada en seda, es un <strong>tejido satinado<\/strong> brillante y que no lleva la cola como tal, sino que han preferido poner el detalle en la parte frontal en forma de lazo<br \/>\n. De esta manera, se consigue una prenda <strong>m\u00e1s ponible<\/strong> y apta para el resto de mortales que puedes adaptar a un look de invitada.\n<\/p>\n<div class=\"voc-detail__cmp\">\n<div class=\"voc-article-container\">\n<article class=\"voc-article voc-article--cmp-photo-text\">\n<div class=\"voc-img-container\"><picture>\n<div class=\"voc-horizontal voc-img-icon-link\"><img class=\"lazy\" loading=\"lazy\" data-original=\"\/\/static2.mujerhoy.com\/www\/multimedia\/202205\/09\/media\/cortadas\/falda-rosa-fera-kD2F--624x624@MujerHoy.jpg\" alt><\/div>\n<\/picture>\n<p class=\"figure-caption \"><span class=\"voc-photo-author\"> sfera <\/span><\/p>\n<\/div>\n<\/article>\n<\/div>\n<\/div>\n<p class=\"voc-paragraph\">Pero Zara no ha sido la \u00fanica, <strong>Sfera <\/strong>tambi\u00e9n ha sacado su propia versi\u00f3n de esta falda. Aunque se aleja un poco m\u00e1s del dise\u00f1o inicial, tiene una especia de colar que han colocado tambi\u00e9n en la parte frontal. Est\u00e1 fabricada tambi\u00e9n en un tejido satinado y es en rosa fucsia, un color que se lleva much\u00edsimo. \u00a1No te quedes sin ella!\n<\/p>\n<div class=\"voc-detail__cmp voc-detail__cmp--pad-lr voc-detail__cmp--pad-lr--bdr\">\n<div class=\"voc-ficha-detail__wrapper\">\n<section class=\"voc-ficha-detail\">\n<h4 class=\"voc-ficha-detail-title voc-title-section\">te recomendamos<\/h4>\n<\/section>\n<\/div>\n<\/div>\n<p><!-- TOPICS --><\/p>\n","protected":false},"excerpt":{"rendered":"<p>Entre los looks que triunfaron en la Semana de la Moda de Mil\u00e1n, adem\u00e1s de ver propuestas en azul y amarillo en apoyo a Ucrania, fichamos una prenda que, sin duda, fue la favorita de las que m\u00e1s saben de moda: la falda cola de Prada. Fue hace unos meses cuando este original dise\u00f1o de [&hellip;]<\/p>\n","protected":false},"author":1,"featured_media":39813,"comment_status":"closed","ping_status":"closed","sticky":false,"template":"","format":"standard","meta":[],"categories":[24],"tags":[],"_links":{"self":[{"href":"http:\/\/cordobainforma.info\/index.php\/wp-json\/wp\/v2\/posts\/39812"}],"collection":[{"href":"http:\/\/cordobainforma.info\/index.php\/wp-json\/wp\/v2\/posts"}],"about":[{"href":"http:\/\/cordobainforma.info\/index.php\/wp-json\/wp\/v2\/types\/post"}],"author":[{"embeddable":true,"href":"http:\/\/cordobainforma.info\/index.php\/wp-json\/wp\/v2\/users\/1"}],"replies":[{"embeddable":true,"href":"http:\/\/cordobainforma.info\/index.php\/wp-json\/wp\/v2\/comments?post=39812"}],"version-history":[{"count":0,"href":"http:\/\/cordobainforma.info\/index.php\/wp-json\/wp\/v2\/posts\/39812\/revisions"}],"wp:featuredmedia":[{"embeddable":true,"href":"http:\/\/cordobainforma.info\/index.php\/wp-json\/wp\/v2\/media\/39813"}],"wp:attachment":[{"href":"http:\/\/cordobainforma.info\/index.php\/wp-json\/wp\/v2\/media?parent=39812"}],"wp:term":[{"taxonomy":"category","embeddable":true,"href":"http:\/\/cordobainforma.info\/index.php\/wp-json\/wp\/v2\/categories?post=39812"},{"taxonomy":"post_tag","embeddable":true,"href":"http:\/\/cordobainforma.info\/index.php\/wp-json\/wp\/v2\/tags?post=39812"}],"curies":[{"name":"wp","href":"https:\/\/api.w.org\/{rel}","templated":true}]}}