{"id":39760,"date":"2022-05-09T22:00:00","date_gmt":"2022-05-09T22:00:00","guid":{"rendered":"https:\/\/ahora.com.ar\/liga-profesional-estos-son-los-cruces-cuartos-final-n4263473"},"modified":"2022-05-09T22:00:00","modified_gmt":"2022-05-09T22:00:00","slug":"liga-profesional-estos-son-los-cruces-de-cuartos-de-final","status":"publish","type":"post","link":"http:\/\/cordobainforma.info\/index.php\/2022\/05\/09\/liga-profesional-estos-son-los-cruces-de-cuartos-de-final\/","title":{"rendered":"Liga Profesional: estos son los cruces de cuartos de final"},"content":{"rendered":"<div><img src=\"http:\/\/cordobainforma.info\/wp-content\/uploads\/2022\/05\/liga-profesional-estos-son-los-cruces-de-cuartos-de-final.jpg\" class=\"ff-og-image-inserted\"><\/div>\n<div id=\"article-post\">\n<header class=\"article-info-wrapper\" readability=\"26.719665271967\">\n<p> <span class=\"fecha-detallenota\">09 de mayo de 2022 &#8211; 19:05<\/span><\/p>\n<p class=\"interiorCopete\"> La Liga Profesional public\u00f3 este lunes los d\u00edas y horarios de los partidos de la primera ronda de playoffs <\/p>\n<\/header><\/div>\n<div id=\"article-post\">\n<div class=\"cuerpo\" data-twitter-link=\"https:\/\/twitter.com\/intent\/tweet?url=https:\/\/ahora.com.ar\/c4263473&amp;via=NueveLitoral&amp;related=Ahora&amp;text=\" readability=\"10.395189003436\">\n<p>El fin de semana dej\u00f3 a los ocho clasificados confirmados para pelear por el t\u00edtulo de la Copa de la <a href=\"https:\/\/ahora.com.ar\/\/liga-profesional-a13027\" class=\"agrupador\" rel=\"13027\">Liga Profesional<\/a> en la segunda etapa del certamen, con playoffs a partido \u00fanico y mano a mano. Este lunes se confirm\u00edo la programaci\u00f3n de los cruces, con sus d\u00edas y horarios definidos. <\/p>\n<\/div><\/div>\n<div id=\"article-post\">\n<div class=\"cuerpo\" data-twitter-link=\"https:\/\/twitter.com\/intent\/tweet?url=https:\/\/ahora.com.ar\/c4263473&amp;via=NueveLitoral&amp;related=Ahora&amp;text=\" readability=\"18.46394984326\">\n<p><strong> ESTOS SON LOS CRUCES DE CUARTOS DE FINAL <\/strong><\/p>\n<p><strong> MARTES 10 DE MAYO<\/strong><\/p>\n<p><strong> 19:15: Racing vs. Aldosivi<\/strong><\/p>\n<p>\u00c1rbitro: Yael Falc\u00f3n P\u00e9rez<\/p>\n<p><strong> 21:30: <a href=\"https:\/\/ahora.com.ar\/boca-a8152\" class=\"agrupador\" rel=\"8152\">Boca<\/a> vs. Defensa y Justicia<\/strong><\/p>\n<p>\u00c1rbitro: Andr\u00e9s Merlos<\/p>\n<p><strong> MI\u00c9RCOLES 11 DE MAYO<\/strong><\/p>\n<p><strong> 19:15: Estudiantes vs. Argentinos Juniors<\/strong><\/p>\n<p>\u00c1rbitro: Fernando Echenique<\/p>\n<p><strong> 21:30: <a href=\"https:\/\/ahora.com.ar\/river-a7419\" class=\"agrupador\" rel=\"7419\">River<\/a> vs. Tigre<\/strong><\/p>\n<p>\u00c1rbitro: Fernando Espinoza<\/p>\n<\/div><\/div>\n","protected":false},"excerpt":{"rendered":"<p>09 de mayo de 2022 &#8211; 19:05 La Liga Profesional public\u00f3 este lunes los d\u00edas y horarios de los partidos de la primera ronda de playoffs El fin de semana dej\u00f3 a los ocho clasificados confirmados para pelear por el t\u00edtulo de la Copa de la Liga Profesional en la segunda etapa del certamen, con [&hellip;]<\/p>\n","protected":false},"author":1,"featured_media":39761,"comment_status":"closed","ping_status":"closed","sticky":false,"template":"","format":"standard","meta":[],"categories":[20],"tags":[],"_links":{"self":[{"href":"http:\/\/cordobainforma.info\/index.php\/wp-json\/wp\/v2\/posts\/39760"}],"collection":[{"href":"http:\/\/cordobainforma.info\/index.php\/wp-json\/wp\/v2\/posts"}],"about":[{"href":"http:\/\/cordobainforma.info\/index.php\/wp-json\/wp\/v2\/types\/post"}],"author":[{"embeddable":true,"href":"http:\/\/cordobainforma.info\/index.php\/wp-json\/wp\/v2\/users\/1"}],"replies":[{"embeddable":true,"href":"http:\/\/cordobainforma.info\/index.php\/wp-json\/wp\/v2\/comments?post=39760"}],"version-history":[{"count":0,"href":"http:\/\/cordobainforma.info\/index.php\/wp-json\/wp\/v2\/posts\/39760\/revisions"}],"wp:featuredmedia":[{"embeddable":true,"href":"http:\/\/cordobainforma.info\/index.php\/wp-json\/wp\/v2\/media\/39761"}],"wp:attachment":[{"href":"http:\/\/cordobainforma.info\/index.php\/wp-json\/wp\/v2\/media?parent=39760"}],"wp:term":[{"taxonomy":"category","embeddable":true,"href":"http:\/\/cordobainforma.info\/index.php\/wp-json\/wp\/v2\/categories?post=39760"},{"taxonomy":"post_tag","embeddable":true,"href":"http:\/\/cordobainforma.info\/index.php\/wp-json\/wp\/v2\/tags?post=39760"}],"curies":[{"name":"wp","href":"https:\/\/api.w.org\/{rel}","templated":true}]}}