{"id":39758,"date":"2022-05-09T14:45:00","date_gmt":"2022-05-09T14:45:00","guid":{"rendered":"https:\/\/somoscordobeses.com\/2022\/05\/09\/subregistro-de-casos-el-lugar-donde-el-covid-se-disparo-casi-el-doble-de-lo-que-informa-nacion\/"},"modified":"2022-05-09T14:45:00","modified_gmt":"2022-05-09T14:45:00","slug":"subregistro-de-casos-el-lugar-donde-el-covid-se-disparo-casi-el-doble-de-lo-que-informa-nacion","status":"publish","type":"post","link":"http:\/\/cordobainforma.info\/index.php\/2022\/05\/09\/subregistro-de-casos-el-lugar-donde-el-covid-se-disparo-casi-el-doble-de-lo-que-informa-nacion\/","title":{"rendered":"Subregistro de casos: el lugar donde el Covid se dispar\u00f3 casi el doble de lo que informa Naci\u00f3n"},"content":{"rendered":"<div>\n<p>En el parte oficial sobre&nbsp;el Covid que el Gobierno emiti\u00f3 este domingo se confirm\u00f3 una tendencia que hab\u00eda empezado a esbozarse una semana antes: la <strong>suba sostenida de los casos<\/strong> en el pa\u00eds. Seg\u00fan los datos informados, ese incremento en los \u00faltimos siete d\u00edas fue del <strong>54 por ciento<\/strong>. Sin embargo, \u00e9se es el promedio nacional. Al revisar los datos de la Ciudad de Buenos Aires, el distrito que m\u00e1s testea, se concluye que la suba semanal se acerc\u00f3 al<strong> 90 por ciento<\/strong>.<\/p>\n<p>Los datos sobre el Covid<strong> han perdido relevancia<\/strong> en la Argentina luego del \u00faltimo verano. El Gobierno ha decidido que as\u00ed fuera. Limit\u00f3 la informaci\u00f3n p\u00fablica, no s\u00f3lo en su frecuencia sino tambi\u00e9n en los detalles que brinda. Eso coincidi\u00f3 con un cambio de criterio epidemiol\u00f3gico, por el que <strong>se dej\u00f3 de testear<\/strong> a la mayor\u00eda de los casos sospechosos. Hace dos semanas<strong> Clar\u00edn<\/strong> plante\u00f3 la sospecha de que exist\u00eda una nueva \u201cola invisible\u201d. Los \u00faltimos datos dan cuenta de que esa hip\u00f3tesis se va acercando a la certeza.<\/p>\n<p>Ni la cantidad de casos de Covid de la Ciudad, ni de ning\u00fan otro distrito, <strong>aparecen ya<\/strong> en el parte nacional. S\u00ed las muertes. En su modalidad anterior, los casos nacionales se prorrateaban por provincia, con lo que se pod\u00eda tener la informaci\u00f3n de cu\u00e1les eran aquellas en las que el coronavirus iba trepando m\u00e1s r\u00e1pidamente. Esa informaci\u00f3n <strong>ha perdido solidez<\/strong> desde el momento en que los testeos fueron definitivamente desestimados \u2013a contrapelo de lo que a\u00fan dicta la OMS- como una herramienta de control de la pandemia.<\/p>\n<p>Efectivamente, no tendr\u00eda demasiado sentido informar la cantidad de casos por provincia cuando los criterios de identificaci\u00f3n y registro de nuevos contagios <strong>difieren tan dr\u00e1sticamente <\/strong>en las diferentes latitudes&nbsp;del pa\u00eds. De todos modos, aunque esa informaci\u00f3n no est\u00e9&nbsp;accesible en el parte nacional, se sigue registrando y son datos que&nbsp;permiten ver contrastes y sacar conclusiones.&nbsp;<\/p>\n<p>La decisi\u00f3n de la Ciudad de Buenos Aires de <strong>seguir testeando<\/strong> a todos los sospechosos -este fin de semana las filas en las unidades febriles fueron llamativas-, a contramano de la directriz nacional, permite ver esos&nbsp;contrastes entre un distrito que&nbsp;sigue hisopando y otros&nbsp;que ya&nbsp;no lo hacen, o lo hacen mucho menos. Y delata el <strong>subregistro de casos<\/strong> que determina el hecho de no testear. Al Gobierno nacional ya no parece preocuparle tanto ese dato, sino el de las muertes y los internados en terapia intensiva, cifras que por ahora contin\u00faan en baja.<\/p>\n<div>\n<div> <picture><source media=\"(min-width: 720px)\"><\/picture><figcaption>\n<p>Testeos en La Rural. En la Ciudad se contin\u00faa con la pol\u00edtica de testeos pese a las directrices nacionales. Fotos: Luciano Thieberger <\/p>\n<\/figcaption><\/div>\n<\/div>\n<p>Seg\u00fan los n\u00fameros de la \u00faltima semana, el promedio diario de&nbsp;casos de Covid en la Ciudad, seg\u00fan el sitio oficial porte\u00f1o, pas\u00f3 de <strong>432 a 806<\/strong>, lo que determina un aumento del <strong>86&nbsp;por ciento<\/strong>. Esto da un total semanal que supera los 6.448&nbsp;casos -contra los 3.456 informados el 1\u00ba de mayo-, m\u00e1s de un tercio de todos los informados este domingo&nbsp;en el pa\u00eds: 17.446.<\/p>\n<p>Parte de la suba \u201cdesproporcionada\u201d de casos en la Ciudad puede atribuirse efectivamente a que es el<strong> principal conglomerado del pa\u00eds<\/strong>, donde en tiempos de prevenci\u00f3n flexibilizada el contagio se vuelve m\u00e1s probable. Sin embargo, la evidencia tambi\u00e9n revela que la falta de testeos es<strong>&nbsp;c\u00f3mplice principal <\/strong>de la \u201cola invisible\u201d. Los distritos que no testean obviamente registran menos casos de Covid, sobre todo en tiempos en que la gripe ha pasado a interferir en el discernimiento del criterio cl\u00ednico epidemiol\u00f3gico.<\/p>\n<p>La&nbsp;OMS dijo hace pocos d\u00edas que los pa\u00edses que dejan de testear<strong> \u201cmeten los casos debajo de la alfombra, pero no por eso dejan de existir\u201d<\/strong>. La OMS siempre ponder\u00f3, para medir el estado de salud de la pandemia en un determinado lugar geogr\u00e1fico, el<strong> \u00edndice de&nbsp;positividad<\/strong>. Esto es, la cantidad de casos positivos sobre el total de testeos realizados. Ese es un dato que&nbsp;hoy ya es imposible de conocer en la Argentina. El Gobierno&nbsp;se concentra en los casos graves y en que&nbsp;la vacunaci\u00f3n logre reducirlos cada vez m\u00e1s. Pero all\u00ed tambi\u00e9n aparece una se\u00f1al de&nbsp;alerta: al d\u00eda de hoy, <strong>s\u00f3lo el 47 por ciento <\/strong>de la poblaci\u00f3n ha recibido la primera dosis adicional o de refuerzo.<\/p>\n<p><em>PS<\/em><\/p>\n<div>\n<h2>TEMAS QUE APARECEN EN ESTA NOTA<\/h2>\n<\/div>\n<\/div>\n<nav class=\"navigation post-navigation\" role=\"navigation\" aria-label=\"Continue Reading\">\n<h2 class=\"screen-reader-text\">Continue Reading<\/h2>\n<\/nav>\n","protected":false},"excerpt":{"rendered":"<p>En el parte oficial sobre&nbsp;el Covid que el Gobierno emiti\u00f3 este domingo se confirm\u00f3 una tendencia que hab\u00eda empezado a esbozarse una semana antes: la suba sostenida de los casos en el pa\u00eds. Seg\u00fan los datos informados, ese incremento en los \u00faltimos siete d\u00edas fue del 54 por ciento. Sin embargo, \u00e9se es el promedio [&hellip;]<\/p>\n","protected":false},"author":1,"featured_media":39759,"comment_status":"closed","ping_status":"closed","sticky":false,"template":"","format":"standard","meta":[],"categories":[2],"tags":[],"_links":{"self":[{"href":"http:\/\/cordobainforma.info\/index.php\/wp-json\/wp\/v2\/posts\/39758"}],"collection":[{"href":"http:\/\/cordobainforma.info\/index.php\/wp-json\/wp\/v2\/posts"}],"about":[{"href":"http:\/\/cordobainforma.info\/index.php\/wp-json\/wp\/v2\/types\/post"}],"author":[{"embeddable":true,"href":"http:\/\/cordobainforma.info\/index.php\/wp-json\/wp\/v2\/users\/1"}],"replies":[{"embeddable":true,"href":"http:\/\/cordobainforma.info\/index.php\/wp-json\/wp\/v2\/comments?post=39758"}],"version-history":[{"count":0,"href":"http:\/\/cordobainforma.info\/index.php\/wp-json\/wp\/v2\/posts\/39758\/revisions"}],"wp:featuredmedia":[{"embeddable":true,"href":"http:\/\/cordobainforma.info\/index.php\/wp-json\/wp\/v2\/media\/39759"}],"wp:attachment":[{"href":"http:\/\/cordobainforma.info\/index.php\/wp-json\/wp\/v2\/media?parent=39758"}],"wp:term":[{"taxonomy":"category","embeddable":true,"href":"http:\/\/cordobainforma.info\/index.php\/wp-json\/wp\/v2\/categories?post=39758"},{"taxonomy":"post_tag","embeddable":true,"href":"http:\/\/cordobainforma.info\/index.php\/wp-json\/wp\/v2\/tags?post=39758"}],"curies":[{"name":"wp","href":"https:\/\/api.w.org\/{rel}","templated":true}]}}