{"id":39756,"date":"2022-05-09T16:18:00","date_gmt":"2022-05-09T16:18:00","guid":{"rendered":"https:\/\/somoscordobeses.com\/2022\/05\/09\/hepatitis-aguda-el-chico-de-rosario-entro-en-lista-de-emergencia-para-recibir-un-trasplante\/"},"modified":"2022-05-09T16:18:00","modified_gmt":"2022-05-09T16:18:00","slug":"hepatitis-aguda-el-chico-de-rosario-entro-en-lista-de-emergencia-para-recibir-un-trasplante","status":"publish","type":"post","link":"http:\/\/cordobainforma.info\/index.php\/2022\/05\/09\/hepatitis-aguda-el-chico-de-rosario-entro-en-lista-de-emergencia-para-recibir-un-trasplante\/","title":{"rendered":"Hepatitis aguda: el chico de Rosario entr\u00f3 en lista de emergencia para recibir un trasplante"},"content":{"rendered":"<div>\n<p>El ni\u00f1o de ocho a\u00f1os, internado en Rosario con hepatitis de origen desconocido, <strong>ingres\u00f3 en emergencia nacional para recibir un trasplante&nbsp;de h\u00edgado<\/strong>, seg\u00fan informaron desde el ministerio de Salud de Santa Fe este lunes.<\/p>\n<p>Fue luego de que se califique el <strong>caso&nbsp;como \u201cmuy delicado\u201d<\/strong>. Seg\u00fan sostuvo&nbsp;Sonia Martorano, titular de la cartera sanitaria santafecina, \u201cen la provincia no se han reportado otros nuevos casos\u201d.&nbsp;<\/p>\n<p>\u201cPor lo tanto, es un caso aislado. <strong>No es un brote y quiero llevar la calma y la tranquilidad a la poblaci\u00f3n<\/strong>\u201c, a\u00f1adi\u00f3 Martorano en declaraciones a Radio2-Rosario.<\/p>\n<p>El Sanatorio Privado de Ni\u00f1os, donde el ni\u00f1o fue trasladado la semana pasada tras ser diagnosticado en el hospital p\u00fablico de Ni\u00f1os de la zona Norte de Rosario, es un centro de alta complejidad, especializado en pediatr\u00eda de h\u00edgado y trasplante hep\u00e1tico.<\/p>\n<p>El paciente <strong>ser\u00e1 intervenido en Rosario<\/strong> en el \u00fanico centro autorizado en la regi\u00f3n para la realizaci\u00f3n de operaciones de trasplante.<\/p>\n<p>El chico, oriundo de la localidad santafesina de Funes,&nbsp;fue el <strong>primer caso reportado con hepatitis de origen desconocido<\/strong> en el pa\u00eds, tras el alerta de la Organizaci\u00f3n Mundial de la Salud (OMS) emitido a partir de la presentaci\u00f3n de numerosos casos en el Reino Unido y en poblaci\u00f3n pedi\u00e1trica.<\/p>\n<p>El Ministerio de Salud inform\u00f3 que <strong>son ocho los casos sospechosos<\/strong> de hepatitis graves de origen desconocido en poblaci\u00f3n pedi\u00e1trica en distintos puntos del pa\u00eds, aunque remarc\u00f3 que son \u201ccasos aislados sin conexi\u00f3n entre s\u00ed\u201d y que \u201cno se trata de un brote\u201d.<\/p>\n<p>La decisi\u00f3n de habilitar el trasplante de h\u00edgado para el menor surgi\u00f3 el pasado viernes, luego de que el ni\u00f1o <strong>no mostrase signos de recuperaci\u00f3n.<\/strong>&nbsp;Es por ello que los especialistas decidieron avanzar con el procedimiento \u201cde manera urgente\u201d, como \u00fanica alternativa para mejorar su salud.&nbsp;<\/p>\n<p>La cartera manejada por Carla Vizzoti emiti\u00f3 un comunicado en que especific\u00f3 o<strong>tros siete casos en el mismo estatus,<\/strong> sin precisar en qu\u00e9 lugar del pa\u00eds se desarrollan o eval\u00faan.<\/p>\n<p>Seg\u00fan cont\u00f3 a <strong>Clar\u00edn&nbsp;<\/strong>Anal\u00eda Rearte, directora nacional de Epidemiolog\u00eda,&nbsp;\u201ctres de los chicos podr\u00edan entrar en lista de espera para trasplante de h\u00edgado\u201d&nbsp;pero <strong>son cifras dentro de los par\u00e1metros usuales<\/strong> y que el reporte de estos casos se pone de relevancia \u201cpara responder a un pedido de la OMS-OPS\u201d, organismos que est\u00e1n acompa\u00f1ando la vigilancia internacional de estos nuevos cuadros.<\/p>\n<p>Para Rearte, no solo la evidencia de casos es escasa sino que los cuadros informados en el Reino Unido y en Estados Unidos, o mismo los ocho de Argentina, son diferentes entre s\u00ed, m\u00e1s all\u00e1 de que se est\u00e9 trazando un hilo com\u00fan en algunos: un tipo de adenovirus en particular, el F41,<strong> que se sospecha que podr\u00eda ser la causa.<\/strong><\/p>\n<p><strong>Todos los cuadros locales corresponden a menores de 16 a\u00f1os<\/strong> y se registraron en las provincias de Buenos Aires, Misiones, Santa Fe, Chubut, Neuqu\u00e9n y la ciudad de Buenos Aires, confirmaron desde el Ministerio de Salud.<\/p>\n<p>Respecto de los trasplantes, tambi\u00e9n intent\u00f3 aportar tranquilidad: <strong>\u201cTodos los a\u00f1os hay chicos que van a trasplante<\/strong> por hepatitis, incluso, muchas veces, son cuadros en los que no se logra determinar una causa\u201d.<\/p>\n<p> Hay que aclarar que la hepatitis, por m\u00e1s que en el imaginario est\u00e9 asociada a una serie de letras (A, B, C y D) es un s\u00edntoma causado por pat\u00f3genos espec\u00edficos que se transmiten de distinto modo.<\/p>\n<p> En algunos casos (la mayor\u00eda) la causa es viral, pero existe la hepatitis (que no es otra cosa que una inflamaci\u00f3n del h\u00edgado que redunda en una falla de ese \u00f3rgano) bacteriana o la causada por par\u00e1sitos.<\/p>\n<div>\n<h2>TEMAS QUE APARECEN EN ESTA NOTA<\/h2>\n<\/div>\n<\/div>\n<nav class=\"navigation post-navigation\" role=\"navigation\" aria-label=\"Continue Reading\">\n<h2 class=\"screen-reader-text\">Continue Reading<\/h2>\n<\/nav>\n","protected":false},"excerpt":{"rendered":"<p>El ni\u00f1o de ocho a\u00f1os, internado en Rosario con hepatitis de origen desconocido, ingres\u00f3 en emergencia nacional para recibir un trasplante&nbsp;de h\u00edgado, seg\u00fan informaron desde el ministerio de Salud de Santa Fe este lunes. Fue luego de que se califique el caso&nbsp;como \u201cmuy delicado\u201d. Seg\u00fan sostuvo&nbsp;Sonia Martorano, titular de la cartera sanitaria santafecina, \u201cen la [&hellip;]<\/p>\n","protected":false},"author":1,"featured_media":39757,"comment_status":"closed","ping_status":"closed","sticky":false,"template":"","format":"standard","meta":[],"categories":[2],"tags":[],"_links":{"self":[{"href":"http:\/\/cordobainforma.info\/index.php\/wp-json\/wp\/v2\/posts\/39756"}],"collection":[{"href":"http:\/\/cordobainforma.info\/index.php\/wp-json\/wp\/v2\/posts"}],"about":[{"href":"http:\/\/cordobainforma.info\/index.php\/wp-json\/wp\/v2\/types\/post"}],"author":[{"embeddable":true,"href":"http:\/\/cordobainforma.info\/index.php\/wp-json\/wp\/v2\/users\/1"}],"replies":[{"embeddable":true,"href":"http:\/\/cordobainforma.info\/index.php\/wp-json\/wp\/v2\/comments?post=39756"}],"version-history":[{"count":0,"href":"http:\/\/cordobainforma.info\/index.php\/wp-json\/wp\/v2\/posts\/39756\/revisions"}],"wp:featuredmedia":[{"embeddable":true,"href":"http:\/\/cordobainforma.info\/index.php\/wp-json\/wp\/v2\/media\/39757"}],"wp:attachment":[{"href":"http:\/\/cordobainforma.info\/index.php\/wp-json\/wp\/v2\/media?parent=39756"}],"wp:term":[{"taxonomy":"category","embeddable":true,"href":"http:\/\/cordobainforma.info\/index.php\/wp-json\/wp\/v2\/categories?post=39756"},{"taxonomy":"post_tag","embeddable":true,"href":"http:\/\/cordobainforma.info\/index.php\/wp-json\/wp\/v2\/tags?post=39756"}],"curies":[{"name":"wp","href":"https:\/\/api.w.org\/{rel}","templated":true}]}}