{"id":39730,"date":"2022-05-09T03:58:14","date_gmt":"2022-05-09T03:58:14","guid":{"rendered":"http:\/\/cordobainforma.info\/index.php\/2022\/05\/09\/no-se-si-volvere-aqui-de-nuevo-el-campeon-universal-de-la-wwe-roman-reigns-desata-preocupaciones-por-su-posible-abandono-de-la-empresa\/"},"modified":"2022-05-09T03:58:14","modified_gmt":"2022-05-09T03:58:14","slug":"no-se-si-volvere-aqui-de-nuevo-el-campeon-universal-de-la-wwe-roman-reigns-desata-preocupaciones-por-su-posible-abandono-de-la-empresa","status":"publish","type":"post","link":"http:\/\/cordobainforma.info\/index.php\/2022\/05\/09\/no-se-si-volvere-aqui-de-nuevo-el-campeon-universal-de-la-wwe-roman-reigns-desata-preocupaciones-por-su-posible-abandono-de-la-empresa\/","title":{"rendered":"\u00abNo s\u00e9 si volver\u00e9 aqu\u00ed de nuevo\u00bb: El campe\u00f3n universal de la WWE, Roman Reigns, desata preocupaciones por su posible abandono de la empresa"},"content":{"rendered":"<p><img src=\"http:\/\/cordobainforma.info\/wp-content\/uploads\/2022\/05\/no-se-si-volvere-aqui-de-nuevo-el-campeon-universal-de-la-wwe-roman-reigns-desata-preocupaciones-por-su-posible-abandono-de-la-empresa.jpg\"><\/p>\n<div><img src=\"http:\/\/cordobainforma.info\/wp-content\/uploads\/2022\/05\/no-se-si-volvere-aqui-de-nuevo-el-campeon-universal-de-la-wwe-roman-reigns-desata-preocupaciones-por-su-posible-abandono-de-la-empresa-2.jpg\" class=\"ff-og-image-inserted\"><\/div>\n<div readability=\"32\">\n<p><span>Publicado:<\/span><time class=\"Timestamp-root Timestamp-isBlackColor \" datetime=\"2022-05-09T03:58:14+00:00\"> 9 may 2022 03:58 GMT <\/time><\/p>\n<\/div>\n<div readability=\"35\">\n<p> Problemas de salud, cambios de proyecci\u00f3n profesional, visi\u00f3n en Hollywood. Ya Son varias las teor\u00edas que explican d\u00f3nde est\u00e1 el futuro del &#8216;Jefe de la Tribu&#8217;. <\/p>\n<\/div>\n<div readability=\"53.751495628164\">\n<p>El Campe\u00f3n Universal de la WWE, Roman Reigns, ha sorprendido a sus seguidores luego de dirigirse al p\u00fablico durante un evento no televisado y sugerir que&nbsp;est\u00e1 comenzando una \u00abnueva fase\u00bb en su vida.<\/p>\n<p>\u00abHe estado aqu\u00ed muchas veces, \u00bfme entienden? He estado aqu\u00ed un par de veces en los \u00faltimos 10 a\u00f1os\u00bb, <a href=\"https:\/\/twitter.com\/WrestlingNewsCo\/status\/1523178208991924226?ref_src=twsrc%5Etfw%7Ctwcamp%5Etweetembed%7Ctwterm%5E1523178208991924226%7Ctwgr%5E%7Ctwcon%5Es1_&amp;ref_url=https%3A%2F%2Fwww.givemesport.com%2F88005088-roman-reigns-leaving-wwe-house-show-promo-suggests-it-could-happen\" target=\"_blank\" rel=\"nofollow noopener noreferrer\">dijo<\/a>&nbsp;el &#8216;Jefe de la Tribu&#8217; en el evento de la WWE en Trenton, Nueva Jersey, este s\u00e1bado. \u00abEstoy empezando a trabajar en una nueva fase de mi carrera, y honestamente <strong>no s\u00e9 si volver\u00e9 aqu\u00ed de nuevo<\/strong>. Si ese es el caso, s\u00f3lo quiero dar las gracias por todos estos a\u00f1os de apoyo\u00bb, agreg\u00f3.<\/p>\n<p>No est\u00e1 claro cu\u00e1l es el verdadero sentido detr\u00e1s del mensaje del luchador, sin embargo, ya son varias las teor\u00edas elaboradas por varios <a href=\"https:\/\/www.sportskeeda.com\/wwe\/5-things-roman-reigns-hinted-emotional-promo\" target=\"_blank\" rel=\"noopener noreferrer\">medios<\/a> especializados en esta industria que intentan ofrecer una respuesta.<\/p>\n<ol>\n<li>Por un lado, los expertos se\u00f1alan que Reigns ya no luchar\u00e1 en eventos en vivo ya que lleg\u00f3 a un punto en su carrera donde <strong>s\u00f3lo puede ser utilizado como un luchador en pantalla<\/strong>, ya que, al ser la mayor estrella de la WWE en la actualidad, la compa\u00f1\u00eda lo intentar\u00eda proteger de posibles lesiones.<\/li>\n<li>En los \u00faltimos meses tambi\u00e9n se ha insinuado que el luchador podr\u00eda estar en <strong>camino a Hollywood<\/strong>. Cabe recordar que apareci\u00f3 junto a &#8216;La Roca&#8217; en &#8216;R\u00e1pidos y Furiosos: Hobbs and Shaw&#8217;, y m\u00e1s tarde tuvo un cameo en &#8216;La otra Missy&#8217;, donde demostr\u00f3 que tiene lo necesario para industria cinematogr\u00e1fica.<\/li>\n<li>Asimismo, el &#8216;Jefe de la Tribu&#8217; podr\u00eda ser trasladado del programa de televisi\u00f3n&nbsp;<strong>&#8216;SmackDown&#8217; a &#8216;RAW&#8217;<\/strong> o aparecer en ambos, ya que posee juntos campeonatos.<\/li>\n<li>Reigns podr\u00eda estar insinuando que <strong>deja definitivamente la WWE<\/strong>, ya que, al estar en la c\u00faspide de su carrera, si quiere salir y seguir en otro sitio, entonces deber\u00e1 hacerlo mientras todav\u00eda su nombre sea familiar.<\/li>\n<li>Desde hace varios a\u00f1os, cuando Reigns se desempe\u00f1aba como jugador profesional de f\u00fatbol americano, su carrera en ese campo termin\u00f3 cuando le diagnosticaron <strong>leucemia<\/strong> en 2008, poco despu\u00e9s entr\u00f3 en remisi\u00f3n,&nbsp;sin embargo, algunos apuntan que estos problemas de salud lo han forzado a tomar un descanso y alejarse de sus actividades profesionales, como ya lo hizo en 2018.<\/li>\n<\/ol>\n<\/div>\n","protected":false},"excerpt":{"rendered":"<p>Publicado: 9 may 2022 03:58 GMT Problemas de salud, cambios de proyecci\u00f3n profesional, visi\u00f3n en Hollywood. Ya Son varias las teor\u00edas que explican d\u00f3nde est\u00e1 el futuro del &#8216;Jefe de la Tribu&#8217;. El Campe\u00f3n Universal de la WWE, Roman Reigns, ha sorprendido a sus seguidores luego de dirigirse al p\u00fablico durante un evento no televisado [&hellip;]<\/p>\n","protected":false},"author":1,"featured_media":39731,"comment_status":"closed","ping_status":"closed","sticky":false,"template":"","format":"standard","meta":[],"categories":[22],"tags":[],"_links":{"self":[{"href":"http:\/\/cordobainforma.info\/index.php\/wp-json\/wp\/v2\/posts\/39730"}],"collection":[{"href":"http:\/\/cordobainforma.info\/index.php\/wp-json\/wp\/v2\/posts"}],"about":[{"href":"http:\/\/cordobainforma.info\/index.php\/wp-json\/wp\/v2\/types\/post"}],"author":[{"embeddable":true,"href":"http:\/\/cordobainforma.info\/index.php\/wp-json\/wp\/v2\/users\/1"}],"replies":[{"embeddable":true,"href":"http:\/\/cordobainforma.info\/index.php\/wp-json\/wp\/v2\/comments?post=39730"}],"version-history":[{"count":0,"href":"http:\/\/cordobainforma.info\/index.php\/wp-json\/wp\/v2\/posts\/39730\/revisions"}],"wp:featuredmedia":[{"embeddable":true,"href":"http:\/\/cordobainforma.info\/index.php\/wp-json\/wp\/v2\/media\/39731"}],"wp:attachment":[{"href":"http:\/\/cordobainforma.info\/index.php\/wp-json\/wp\/v2\/media?parent=39730"}],"wp:term":[{"taxonomy":"category","embeddable":true,"href":"http:\/\/cordobainforma.info\/index.php\/wp-json\/wp\/v2\/categories?post=39730"},{"taxonomy":"post_tag","embeddable":true,"href":"http:\/\/cordobainforma.info\/index.php\/wp-json\/wp\/v2\/tags?post=39730"}],"curies":[{"name":"wp","href":"https:\/\/api.w.org\/{rel}","templated":true}]}}