{"id":39724,"date":"2022-05-08T16:10:24","date_gmt":"2022-05-08T16:10:24","guid":{"rendered":"https:\/\/www.mujerhoy.com\/moda\/no-te-pierdas\/vestido-punto-zara-barato-favorecedor-original-fresquito-look-primavera-verano-20220508110957-nt.html"},"modified":"2022-05-08T16:10:24","modified_gmt":"2022-05-08T16:10:24","slug":"el-vestido-de-zara-que-querras-tener-cuando-llegue-el-buen-tiempo-porque-es-original-y-fresquito","status":"publish","type":"post","link":"http:\/\/cordobainforma.info\/index.php\/2022\/05\/08\/el-vestido-de-zara-que-querras-tener-cuando-llegue-el-buen-tiempo-porque-es-original-y-fresquito\/","title":{"rendered":"El vestido de Zara que querr\u00e1s tener cuando llegue el buen tiempo porque es original y fresquito"},"content":{"rendered":"<p><!-- AUTHOR --><!-- COMPONENTS --><\/p>\n<p class=\"voc-paragraph\">A pesar de los d\u00edas de lluvia y tormenta que nos est\u00e1 dejando <a data-voc-vtm-id=\"in-text-traffic\" href=\"https:\/\/www.mujerhoy.com\/moda\/tendencias\/vestido-cruzado-zara-look-invitada-boda-barato-low-cost-elegante-desenfadado-juvenil-20220503164915-nt.html\">la primavera<\/a>, lo cierto es que <a data-voc-vtm-id=\"in-text-traffic\" href=\"https:\/\/www.mujerhoy.com\/moda\/tendencias\/vestidos-punto-crochet-zara-negro-blanco-verano-nueva-coleccion-20220504134453-nt.html\">el verano<\/a> se va acercando poco a poco y <strong>las temperaturas no tardar\u00e1n en empezar a subir<\/strong>. Sin duda, es importante tener el armario preparado para que ese momento no te pille desprevenida: una blusa estampada, unas sandalias muy ponibles, un bolso de rafia\u2026 Y, si hay un b\u00e1sico que no te puede faltar, es <strong>un vestido<\/strong> que sea <a data-voc-vtm-id=\"in-text-traffic\" href=\"https:\/\/www.mujerhoy.com\/moda\/tendencias\/vestido-vaquero-corto-barato-lefties-look-primavera-20220503140514-nt.html\">fresquito<\/a> y favorecedor.\n<\/p>\n<div class=\"voc-detail__cmp\">\n<div class=\"voc-grouper-related__wrapper\">\n<section class=\"voc-grouper-related voc-detail-section voc-detail-section--bdr-bottom\">\n<h4 class=\"voc-grouper-related-title voc-title-section voc-title-section--underline\"> TAMBI\u00c9N TE INTERESA: <\/h4>\n<div class=\"voc-grouper-related__grid voc-grid voc-grid--2-cols\">\n<div class=\"voc-article-container\">\n<article class=\"voc-article voc-article--cmp-related voc-article--cmp-related--2-cols voc-article--photo-left voc-home-tit-st \">\n<div class=\"voc-img-container \"><picture><a href=\"https:\/\/www.mujerhoy.com\/moda\/no-te-pierdas\/amal-clooney-looks-baratos-rejuvenecen-a-los-40-famosas-zara-mango-vestido-midi-vaqueros-blazer-20220508093203-nt.html#vca=modulos&amp;vso=mujerhoy&amp;vmc=noticias-rel-cmp&amp;vli=no%20te%20pierdas\" class=\"voc-horizontal voc-img-icon-link\"><img alt=\"Tres looks de Amal Clooney o c\u00f3mo ser un icono de estilo a los 40 con prendas que rejuvenecen y que est\u00e1n en el low cost\" class=\"lazy\" loading=\"lazy\" data-original=\" \/\/static2.mujerhoy.com\/www\/multimedia\/202205\/04\/media\/cortadas\/amal-clooney-looks-estilo-rejuvenece-kRXB-U1601889636348WPH-624x624@MujerHoy.jpg \"><\/a><\/picture><\/div>\n<\/article>\n<\/div>\n<div class=\"voc-article-container\">\n<article class=\"voc-article voc-article--cmp-related voc-article--cmp-related--2-cols voc-article--photo-left voc-home-tit-st \">\n<div class=\"voc-img-container \"><picture><a href=\"https:\/\/www.mujerhoy.com\/moda\/no-te-pierdas\/amaia-salamanca-chaqueta-entretiempo-rejuvenece-barata-rebajas-look-primavera-cazadora-mujer-20220508023050-nt.html#vca=modulos&amp;vso=mujerhoy&amp;vmc=noticias-rel-cmp&amp;vli=no%20te%20pierdas\" class=\"voc-horizontal voc-img-icon-link\"><img alt=\"La chaqueta de entretiempo m\u00e1s rejuvenecedora y ponible es esta que tiene Amaia Salamanca y que pega con todo\" class=\"lazy\" loading=\"lazy\" data-original=\" \/\/static1.mujerhoy.com\/www\/multimedia\/202205\/08\/media\/cortadas\/amaia-salamanca-look-kfBC-U17019920181ml-624x624@MujerHoy.jpg \"><\/a><\/picture><\/div>\n<\/article>\n<\/div>\n<\/div>\n<\/section>\n<\/div>\n<\/div>\n<p class=\"voc-paragraph\">Hoy te traemos un modelo especialmente <a data-voc-vtm-id=\"in-text-traffic\" href=\"https:\/\/www.mujerhoy.com\/moda\/no-te-pierdas\/vestido-hym-flecos-original-copia-barata-imita-lujo-agotado-lista-de-espera-20220504113717-nt.html\">original<\/a> que hemos encontrado en Zara. Nos referimos a un vestido de corte midi que ha sido confeccionado con un tejido de punto. Se trata de una tendencia que cada a\u00f1o vuelve a nuestras vidas por estas fechas, ya que es muy c\u00f3moda y sienta de maravilla.\n<\/p>\n<div class=\"voc-detail-photo-zoom\"><picture data-toggle=\"modal\" data-target=\"#photoZoomModal-446\" target=\"modal\">\n<div class=\"voc-img-icon-link\"><img loading=\"lazy\" data-original=\"\/\/static1.mujerhoy.com\/www\/multimedia\/202205\/05\/media\/cortadas\/vestido-punto-zara-kyR--460x637@MujerHoy.jpg\" class=\"lazy\" alt=\"El vestido tiene un aire desenfadado\"><noscript><img src=\"http:\/\/cordobainforma.info\/wp-content\/uploads\/2022\/05\/el-vestido-de-zara-que-querras-tener-cuando-llegue-el-buen-tiempo-porque-es-original-y-fresquito.jpg\" alt=\"El vestido tiene un aire desenfadado\"><\/noscript><i class=\"voc-icons zoom voc-multimedia-box voc-ico-l\"><\/i><\/div><figcaption class=\"figure-caption\">El vestido tiene un aire desenfadado<\/figcaption><\/picture><\/div>\n<div id=\"photoZoomModal-446\" class=\"voc-lightbox modal fade voc-lightbox--photo-zoom\" role=\"dialog\" data-voc-photozoom-lightbox>\n<div class=\"voc-lightbox__dialog\" role=\"document\">\n<div class=\"voc-lightbox__content\"><!-- Modal header --><\/p>\n<header class=\"voc-lightbox__header\"><span class=\"voc-lightbox__title\">El vestido tiene un aire desenfadado<\/span><\/header>\n<p><!-- Modal content --><\/p>\n<div class=\"voc-lightbox__photo-container\"><picture class><img loading=\"lazy\" data-original=\"\/\/static1.mujerhoy.com\/www\/multimedia\/202205\/05\/media\/cortadas\/vestido-punto-zara-kyR--460x637@MujerHoy.jpg\" alt=\"El vestido tiene un aire desenfadado\" class=\"lazy\"><noscript><img src=\"http:\/\/cordobainforma.info\/wp-content\/uploads\/2022\/05\/el-vestido-de-zara-que-querras-tener-cuando-llegue-el-buen-tiempo-porque-es-original-y-fresquito.jpg\" alt=\"El vestido tiene un aire desenfadado\"><\/noscript><\/picture><\/div>\n<\/div>\n<\/div>\n<\/div>\n<p class=\"voc-paragraph\">El vestido en cuesti\u00f3n es de color negro, pero est\u00e1 combinado con unos detalles de ganchillo en tono crudo a la altura del pecho. Esto es lo que le da ese toque tan original que nos ha conquistado. Tiene el escote recto y unos tirantes anchos. El bajo est\u00e1 acabado en flecos, lo que le da un aire desenfadado que lo hace perfecto para cuando llegue el buen tiempo.\n<\/p>\n<p class=\"voc-paragraph\">El vestido es tan bonito que <strong>no necesitar\u00e1s a\u00f1adirle complementos<\/strong> para conseguir un look impecable. Solo tienes que combinarlo con unas sencillas sandalias planas en color negro. Lo encontrar\u00e1s en tres tallas (S, M y L), tanto en la p\u00e1gina web de la marca como en tienda. Adem\u00e1s, tiene un precio que seguro que te puedes permitir, pues solo cuesta 35,95 euros.\n<\/p>\n<div class=\"voc-detail__cmp voc-detail__cmp--pad-lr voc-detail__cmp--pad-lr--bdr\">\n<div class=\"voc-ficha-detail__wrapper\">\n<section class=\"voc-ficha-detail\">\n<h4 class=\"voc-ficha-detail-title voc-title-section\">Te recomendamos<\/h4>\n<\/section>\n<\/div>\n<\/div>\n<p><!-- TOPICS --><\/p>\n","protected":false},"excerpt":{"rendered":"<p>A pesar de los d\u00edas de lluvia y tormenta que nos est\u00e1 dejando la primavera, lo cierto es que el verano se va acercando poco a poco y las temperaturas no tardar\u00e1n en empezar a subir. Sin duda, es importante tener el armario preparado para que ese momento no te pille desprevenida: una blusa estampada, [&hellip;]<\/p>\n","protected":false},"author":1,"featured_media":39725,"comment_status":"closed","ping_status":"closed","sticky":false,"template":"","format":"standard","meta":[],"categories":[24],"tags":[],"_links":{"self":[{"href":"http:\/\/cordobainforma.info\/index.php\/wp-json\/wp\/v2\/posts\/39724"}],"collection":[{"href":"http:\/\/cordobainforma.info\/index.php\/wp-json\/wp\/v2\/posts"}],"about":[{"href":"http:\/\/cordobainforma.info\/index.php\/wp-json\/wp\/v2\/types\/post"}],"author":[{"embeddable":true,"href":"http:\/\/cordobainforma.info\/index.php\/wp-json\/wp\/v2\/users\/1"}],"replies":[{"embeddable":true,"href":"http:\/\/cordobainforma.info\/index.php\/wp-json\/wp\/v2\/comments?post=39724"}],"version-history":[{"count":0,"href":"http:\/\/cordobainforma.info\/index.php\/wp-json\/wp\/v2\/posts\/39724\/revisions"}],"wp:featuredmedia":[{"embeddable":true,"href":"http:\/\/cordobainforma.info\/index.php\/wp-json\/wp\/v2\/media\/39725"}],"wp:attachment":[{"href":"http:\/\/cordobainforma.info\/index.php\/wp-json\/wp\/v2\/media?parent=39724"}],"wp:term":[{"taxonomy":"category","embeddable":true,"href":"http:\/\/cordobainforma.info\/index.php\/wp-json\/wp\/v2\/categories?post=39724"},{"taxonomy":"post_tag","embeddable":true,"href":"http:\/\/cordobainforma.info\/index.php\/wp-json\/wp\/v2\/tags?post=39724"}],"curies":[{"name":"wp","href":"https:\/\/api.w.org\/{rel}","templated":true}]}}