{"id":39672,"date":"2022-05-08T22:04:51","date_gmt":"2022-05-08T22:04:51","guid":{"rendered":"https:\/\/ahora.com.ar\/patronato-y-un-cierre-la-copa-la-liga-derrota-n4263410"},"modified":"2022-05-08T22:04:51","modified_gmt":"2022-05-08T22:04:51","slug":"patronato-y-un-cierre-de-la-copa-de-la-liga-con-derrota","status":"publish","type":"post","link":"http:\/\/cordobainforma.info\/index.php\/2022\/05\/08\/patronato-y-un-cierre-de-la-copa-de-la-liga-con-derrota\/","title":{"rendered":"Patronato y un cierre de la Copa de la Liga con derrota"},"content":{"rendered":"<div><img src=\"http:\/\/cordobainforma.info\/wp-content\/uploads\/2022\/05\/patronato-y-un-cierre-de-la-copa-de-la-liga-con-derrota.jpg\" class=\"ff-og-image-inserted\"><\/div>\n<p>La derrota en Florencio Varela reflej\u00f3 la p\u00e9sima campa\u00f1a de Patronato en el primer certamen de la temporada. El Rojinegro finaliz\u00f3 \u00faltimo en el Grupo y en los promedios. El futuro es muy complicado.<\/p>\n<p>En cuanto a la s\u00edntesis del partido, en la primera parte Defensa gener\u00f3 situaciones pero no las pudo convertir por imprecisiones en los ataques y la buena actuaci\u00f3n del arquero rival, Facundo Altamirano, aunque al final del per\u00edodo Patronato asust\u00f3 al local con sus salidas.<\/p>\n<p>En la segunda parte, a los 8 minutos Leonel Mosevich le cometi\u00f3 infracci\u00f3n a Carlos Rotondi en el \u00e1rea chica y el \u00e1rbitro N\u00e9stor Pitana sancion\u00f3 penal para Defensa, que Adonis Fr\u00edas convirti\u00f3 en gol a los 10 minutos.<\/p>\n<p>En los \u00faltimos momentos del encuentro Patronato acorral\u00f3 a la defensa del \u00abHalc\u00f3n de Varela\u00bb, pero pese al empuje del ingresado delantero Lucas Barrios, no pudo revertir el resultado.<\/p>\n<p>Adem\u00e1s de jugar con Boca por los cuartos de final del torneo de la LPF, Defensa y Justicia debe afrontar sus compromisos por la Copa Sudamericana (ya est\u00e1 eliminado), donde el pr\u00f3ximo mi\u00e9rcoles 18 se medir\u00e1 ante la Liga de Quito, de Ecuador, a las 21:30 (hora argentina), como visitante, por la quinta fecha.<\/p>\n<p>El jueves 24, tambi\u00e9n por la misma zona jugar\u00e1 como local con Antofagasta, de Chile en el mismo horario, de local por la sexta y \u00faltima fecha de la fase de grupos.<\/p>\n<p>El equipo de Florencio Varela integra el Grupo F del torneo subcontinental que lo lideran Goianiense, de Brasil y la Liga de Quito, con 9 puntos, mientras que Defensa y Antofagasta cuentan con 3 unidades y no tiene chances ya que un solo equipo pasa de ronda.<\/p>\n","protected":false},"excerpt":{"rendered":"<p>La derrota en Florencio Varela reflej\u00f3 la p\u00e9sima campa\u00f1a de Patronato en el primer certamen de la temporada. El Rojinegro finaliz\u00f3 \u00faltimo en el Grupo y en los promedios. El futuro es muy complicado. En cuanto a la s\u00edntesis del partido, en la primera parte Defensa gener\u00f3 situaciones pero no las pudo convertir por imprecisiones [&hellip;]<\/p>\n","protected":false},"author":1,"featured_media":39673,"comment_status":"closed","ping_status":"closed","sticky":false,"template":"","format":"standard","meta":[],"categories":[20],"tags":[],"_links":{"self":[{"href":"http:\/\/cordobainforma.info\/index.php\/wp-json\/wp\/v2\/posts\/39672"}],"collection":[{"href":"http:\/\/cordobainforma.info\/index.php\/wp-json\/wp\/v2\/posts"}],"about":[{"href":"http:\/\/cordobainforma.info\/index.php\/wp-json\/wp\/v2\/types\/post"}],"author":[{"embeddable":true,"href":"http:\/\/cordobainforma.info\/index.php\/wp-json\/wp\/v2\/users\/1"}],"replies":[{"embeddable":true,"href":"http:\/\/cordobainforma.info\/index.php\/wp-json\/wp\/v2\/comments?post=39672"}],"version-history":[{"count":0,"href":"http:\/\/cordobainforma.info\/index.php\/wp-json\/wp\/v2\/posts\/39672\/revisions"}],"wp:featuredmedia":[{"embeddable":true,"href":"http:\/\/cordobainforma.info\/index.php\/wp-json\/wp\/v2\/media\/39673"}],"wp:attachment":[{"href":"http:\/\/cordobainforma.info\/index.php\/wp-json\/wp\/v2\/media?parent=39672"}],"wp:term":[{"taxonomy":"category","embeddable":true,"href":"http:\/\/cordobainforma.info\/index.php\/wp-json\/wp\/v2\/categories?post=39672"},{"taxonomy":"post_tag","embeddable":true,"href":"http:\/\/cordobainforma.info\/index.php\/wp-json\/wp\/v2\/tags?post=39672"}],"curies":[{"name":"wp","href":"https:\/\/api.w.org\/{rel}","templated":true}]}}