{"id":39668,"date":"2022-05-08T20:09:00","date_gmt":"2022-05-08T20:09:00","guid":{"rendered":"https:\/\/somoscordobeses.com\/2022\/05\/08\/subieron-54-los-contagios-de-coronavirus-en-una-semana-hubo-17-646-nuevos-casos-en-los-ultimos-7-dias-2\/"},"modified":"2022-05-08T20:09:00","modified_gmt":"2022-05-08T20:09:00","slug":"subieron-54-los-contagios-de-coronavirus-en-una-semana-hubo-17-646-nuevos-casos-en-los-ultimos-7-dias","status":"publish","type":"post","link":"http:\/\/cordobainforma.info\/index.php\/2022\/05\/08\/subieron-54-los-contagios-de-coronavirus-en-una-semana-hubo-17-646-nuevos-casos-en-los-ultimos-7-dias\/","title":{"rendered":"Subieron 54% los contagios de coronavirus en una semana: hubo 17.646 nuevos casos en los \u00faltimos 7 d\u00edas"},"content":{"rendered":"<div>\n<p>Tras alcanzar el nivel m\u00e1s bajo del a\u00f1o, los contagios de coronavirus empiezan a mostrar una tendencia ascendente en la Argentina. Seg\u00fan datos del Ministerio de Salud, en los \u00faltimos 7 d\u00edas se detectaron <strong>17.646 nuevos casos<\/strong>, lo que represent\u00f3 un aumento semanal del <strong>54%<\/strong>. En cambio, se confirmaron<strong> otras 76 muertes<\/strong> por covid-19, un <strong>31% menos<\/strong> que en el informe anterior.<\/p>\n<p>Los datos salen del parte sanitario que public\u00f3 este domingo el Gobierno, en base a los datos que aportaron las carteras sanitarias de cada provincia en los \u00faltimos 7 d\u00edas.<\/p>\n<p>El domingo pasado el Gobierno hab\u00eda reportado 11.443 nuevos infectados, con datos del 25 de abril al 1\u00b0 de mayo. Los 17.446 registrados en los 7 d\u00edas posteriores constituyen <strong>un salto del 54,2% semanal<\/strong>. Un dato: en los \u00faltimos 21 d\u00edas -desde que los casos se reportan en forma semanal- <strong>el aumento fue del 110%<\/strong> (8.387 el 17 de abril).<\/p>\n<p>De todas formas, el nivel de nuevos positivos sigue estando entre los m\u00e1s bajos del a\u00f1o. Actualmente <strong>el promedio diario es de 2.520<\/strong> cuando en enero, en el pico de la tercera ola, hab\u00eda superado los 100 mil. <\/p>\n<div>\n<div> <picture><source media=\"(min-width: 720px)\"><\/picture><figcaption>\n<p>Argentina es el 13\u00b0 pa\u00eds con mayor cantidad de contagios detectados desde el inicio de la pandemia. Foto: Luciano Thieberger\/archivo <\/p>\n<\/figcaption><\/div>\n<\/div>\n<p>Actualmente hay&nbsp;295 pacientes con Covid en terapia intensiva y la ocupaci\u00f3n de camas cr\u00edticas en todo el sistema es del <strong>41,1%<\/strong>.<\/p>\n<p>Argentina&nbsp;alcanz\u00f3 las&nbsp;<strong>9.101.319&nbsp;infecciones<\/strong> desde el inicio de la pandemia, en marzo de 2020, por lo que <strong>se ubica 13\u00b0 entre los pa\u00edses m\u00e1s afectados<\/strong> en n\u00fameros absolutos. Por delante est\u00e1n Estados Unidos, India, Brasil, Francia, Alemania, Reino Unido, Rusia, Corea del Sur, Italia, Turqu\u00eda, Espa\u00f1a y Vietnam.<\/p>\n<p>En tanto, en estos dos a\u00f1os se registraron <strong>128.729 fallecidos <\/strong>a causa de la enfermedad, la <strong>14\u00b0<\/strong> cifra m\u00e1s alta a nivel global, de acuerdo al relevamiento del sitio Worldometers.<\/p>\n<h2>Las muertes, en baja<\/h2>\n<p>Como contrapartida de lo sucedido con los contagios, la cifra de fallecidos por Covid contin\u00faa su curva descendente. El reporte de este domingo consign\u00f3 76 muertes durante la \u00faltima semana, un <strong>31,5% menos<\/strong> que los 111 reportados el 1\u00b0 de mayo.<\/p>\n<p>M\u00e1s de la mitad de los casos fatales corresponden a Buenos Aires, mientras que 12 distritos no reportaron ninguno en los \u00faltimos 7 d\u00edas (Entre R\u00edos incluso descont\u00f3 uno por una actualizaci\u00f3n en los registros).&nbsp;El detalle&nbsp;es el siguiente:<\/p>\n<ul>\n<li>Buenos Aires 42 <\/li>\n<li>CABA 13<\/li>\n<li>Catamarca 0<\/li>\n<li> Chaco 0<\/li>\n<li> Chubut 5 <\/li>\n<li>Corrientes 0 <\/li>\n<li>C\u00f3rdoba 1<\/li>\n<li> Entre R\u00edos -1<\/li>\n<li>Formosa 0<\/li>\n<li> Jujuy 1<\/li>\n<li> La Pampa 1 <\/li>\n<li> La Rioja 0 <\/li>\n<li>Mendoza 0<\/li>\n<li> Misiones 0 <\/li>\n<li>Neuqu\u00e9n 0 <\/li>\n<li>R\u00edo Negro 1<\/li>\n<li>Salta 3 <\/li>\n<li> San Juan 0 <\/li>\n<li> San Luis 0 <\/li>\n<li>Santa Cruz 0 <\/li>\n<li> Santa Fe 2<\/li>\n<li>Santiago del Estero 1 <\/li>\n<li> Tierra del Fuego 1<\/li>\n<li> Tucum\u00e1n 6<\/li>\n<\/ul>\n<h2>Llaman a reforzar la vacunaci\u00f3n<\/h2>\n<p>Tras el repunte de los contagios, los expertos llamaron a mantener las medidas de prevenci\u00f3n y reforzar la vacunaci\u00f3n contra la Covid.<\/p>\n<p>La ministra de Salud, Carla Vizzotti, consider\u00f3 que el n\u00famero sigue siendo \u201cbajo\u201d, gracias a que la vacunaci\u00f3n est\u00e1 \u201cavanzada\u201d, pero inst\u00f3 a la poblaci\u00f3n a completar la primera dosis de refuerzo (tercera dosis) y a las personas incluidas en grupos prioritarios a la segunda dosis de refuerzo (cuarta dosis).<\/p>\n<div>\n<div> <meta charset=\"utf-8\"> <\/p>\n<section>\n<div>\n<div>\n<div>\n<p><span>CASOS<\/span><br \/><span id=\"casos_Argentina\">0.000.000<\/span><\/p>\n<hr>\n<p><span id=\"casosX_Argentina\">00.000<\/span> <br \/><span>por mill\u00f3n de hab.<\/span><\/p>\n<\/div>\n<\/div>\n<div>\n<div>\n<p><span>MUERTES<\/span><br \/><span id=\"muertes_Argentina\">00.000<\/span><\/p>\n<hr>\n<p><span id=\"muertesX_Argentina\">0.000<\/span><br \/><span>por mill\u00f3n de hab.<\/span><\/p>\n<\/div>\n<\/div>\n<\/div>\n<div>\n<hr>\n<p> <span>Fuente: <strong>Johns Hopkins<\/strong><\/span> <span> Chart: <strong>Flourish<\/strong> | Infograf\u00eda: <strong>Clar\u00edn<\/strong><\/span> <\/p>\n<\/div>\n<\/section>\n<\/div>\n<\/div>\n<p>El jefe de Terapia Intensiva del Hospital Universitario Austral, Pablo Pratesi, explic\u00f3 en una nota publicada por Clar\u00edn que \u201cpor ahora, las internaciones se mantienen estables\u201d, aunque asegur\u00f3 que hay que evaluar c\u00f3mo avanzan las variantes BA4 y BA5 y reforzar las medidas de precauci\u00f3n.<\/p>\n<p>\u201cNosotros tenemos ya hace varias semanas un solo paciente Covid en terapia. Es cierto que est\u00e1 aumentando la cantidad de casos ambulatorios y uno lo percibe en los pacientes que van a la guardia, en los que se detectan y en los contactos estrechos que est\u00e1n aislados, pero todav\u00eda no se ha reflejado en las internaciones, ni en piso ni en terapia intensiva\u201d, afirm\u00f3.<\/p>\n<h2>Mendoza, con barbijo opcional<\/h2>\n<p>En Mendoza ya <strong>no habr\u00e1 obligaci\u00f3n de llevar barbijo en lugares cerrados<\/strong>. La medida anunciada por el Gobierno provincial hace foco en dos variables: la mejor situaci\u00f3n sanitaria en cuanto a los contagios por coronavirus y la libertad individual.<\/p>\n<p>El gobernador Rodolfo Suarez (UCR) anunci\u00f3 que desde la semana que comienza el uso del barbijo ser\u00e1 optativo en Mendoza. La provincia se suma as\u00ed a Santa Fe, que hab\u00eda adoptado una postura similar semanas atr\u00e1s.<\/p>\n<p> \u201cLas normas determinan conductas y a veces las conductas determinan normas, esa es una antigua discusi\u00f3n jur\u00eddica\u201d, argument\u00f3 Suarez al fundamentar la nueva medida. Hasta este domingo, el uso del barbijo es obligatorio en ambientes cerrados, excepto en las escuelas y universidades donde ya no se utilizaba.<\/p>\n<p> A partir de la semana que inicia, y la publicaci\u00f3n de una nueva resoluci\u00f3n gubernamental, el uso de tapabocas pasar\u00e1 a ser optativo y solo recomendable para las personas de riesgo y adultos mayores.<\/p>\n<p> \u201cLa obligatoriedad ya no existir\u00e1\u201d, dijo el gobernador. Y aclar\u00f3 que comienza una etapa de mayor responsabilidad individual donde cada persona elegir\u00e1 si quiere llevarlo.<\/p>\n<h2>Las vacunas<\/h2>\n<p>Desde el comienzo de la campa\u00f1a de inmunizaci\u00f3n en el pa\u00eds, se repartieron 107.449.144 vacunas de las provincias, de las cuales se aplicaron 99.481.347, de acuerdos a los datos oficiales publicados en el Monitor P\u00fablico de Vacunaci\u00f3n.<\/p>\n<div>\n<div> <picture><source media=\"(min-width: 720px)\"><\/picture><figcaption>\n<p>Casi el 40% de la poblaci\u00f3n recibi\u00f3 el refuerzo de la vacuna tras completar su esquema original. Foto: Mart\u00edn Bonetto\/archivo <\/p>\n<\/figcaption><\/div>\n<\/div>\n<p>El desglose de estos \u201cpinchazos\u201d muestra que 40.732.502 iniciaron su esquema de vacunaci\u00f3n al recibir la primera dosis (<strong>88% de la poblaci\u00f3n<\/strong>)&nbsp;y 37.319.564 lo completaron con la segunda (<strong>80,7%)<\/strong>. Dentro de este grupo hay&nbsp;3.026.186 personas a las que se les suministr\u00f3 una dosis adicional, mayormente aquellas que hab\u00edan recibido Sinopharm.<\/p>\n<p>Ahora se est\u00e1 avanzando con el suministro de refuerzos, que alcanzaron hasta ahora a&nbsp;18.403.095 personas (<strong>39,8%<\/strong>).<\/p>\n<p><em>DD<\/em><\/p>\n<div>\n<h2>TEMAS QUE APARECEN EN ESTA NOTA<\/h2>\n<\/div>\n<\/div>\n<nav class=\"navigation post-navigation\" role=\"navigation\" aria-label=\"Continue Reading\">\n<h2 class=\"screen-reader-text\">Continue Reading<\/h2>\n<\/nav>\n","protected":false},"excerpt":{"rendered":"<p>Tras alcanzar el nivel m\u00e1s bajo del a\u00f1o, los contagios de coronavirus empiezan a mostrar una tendencia ascendente en la Argentina. Seg\u00fan datos del Ministerio de Salud, en los \u00faltimos 7 d\u00edas se detectaron 17.646 nuevos casos, lo que represent\u00f3 un aumento semanal del 54%. En cambio, se confirmaron otras 76 muertes por covid-19, un [&hellip;]<\/p>\n","protected":false},"author":1,"featured_media":39669,"comment_status":"closed","ping_status":"closed","sticky":false,"template":"","format":"standard","meta":[],"categories":[2,1],"tags":[],"_links":{"self":[{"href":"http:\/\/cordobainforma.info\/index.php\/wp-json\/wp\/v2\/posts\/39668"}],"collection":[{"href":"http:\/\/cordobainforma.info\/index.php\/wp-json\/wp\/v2\/posts"}],"about":[{"href":"http:\/\/cordobainforma.info\/index.php\/wp-json\/wp\/v2\/types\/post"}],"author":[{"embeddable":true,"href":"http:\/\/cordobainforma.info\/index.php\/wp-json\/wp\/v2\/users\/1"}],"replies":[{"embeddable":true,"href":"http:\/\/cordobainforma.info\/index.php\/wp-json\/wp\/v2\/comments?post=39668"}],"version-history":[{"count":0,"href":"http:\/\/cordobainforma.info\/index.php\/wp-json\/wp\/v2\/posts\/39668\/revisions"}],"wp:featuredmedia":[{"embeddable":true,"href":"http:\/\/cordobainforma.info\/index.php\/wp-json\/wp\/v2\/media\/39669"}],"wp:attachment":[{"href":"http:\/\/cordobainforma.info\/index.php\/wp-json\/wp\/v2\/media?parent=39668"}],"wp:term":[{"taxonomy":"category","embeddable":true,"href":"http:\/\/cordobainforma.info\/index.php\/wp-json\/wp\/v2\/categories?post=39668"},{"taxonomy":"post_tag","embeddable":true,"href":"http:\/\/cordobainforma.info\/index.php\/wp-json\/wp\/v2\/tags?post=39668"}],"curies":[{"name":"wp","href":"https:\/\/api.w.org\/{rel}","templated":true}]}}