{"id":39578,"date":"2022-05-07T11:58:00","date_gmt":"2022-05-07T11:58:00","guid":{"rendered":"https:\/\/somoscordobeses.com\/2022\/05\/07\/marco-ruben-se-despide-del-futbol-en-rosario-frente-a-estudiantes\/"},"modified":"2022-05-07T11:58:00","modified_gmt":"2022-05-07T11:58:00","slug":"marco-ruben-se-despide-del-futbol-en-rosario-frente-a-estudiantes","status":"publish","type":"post","link":"http:\/\/cordobainforma.info\/index.php\/2022\/05\/07\/marco-ruben-se-despide-del-futbol-en-rosario-frente-a-estudiantes\/","title":{"rendered":"Marco Ruben se despide del f\u00fatbol en Rosario frente a Estudiantes"},"content":{"rendered":"<div>\n<figure><figcaption> El goleador hist\u00f3rico canalla se despide del f\u00fatbol \/ Foto: Archivo <\/figcaption><\/figure>\n<p><strong>Rosario Central, \u00faltimo con 11 puntos<\/strong>, vivir\u00e1 una jornada especial cuando despida este s\u00e1bado a su m\u00e1ximo goleador hist\u00f3rico, Marco Ruben, en un partido <strong>contra los suplentes de Estudiantes de La Plata<\/strong>, por la 14ta. y \u00faltima fecha de la fase regular de la Copa de la Liga Profesional de F\u00fatbol (LPF).<\/p>\n<p> El encuentro, que Central necesita ganar para no terminar \u00faltimo en la Zona B, se jugar\u00e1 desde las 19 <strong>en el estadio Gigante de Arroyito con arbitraje de Pablo Gim\u00e9nez y televisaci\u00f3n de TNT<\/strong>.<\/p>\n<p> Sin ning\u00fan objetivo en el torneo, <strong>Central despedir\u00e1 del f\u00fatbol a Ruben, de 35 a\u00f1o<\/strong>s, 18 a\u00f1os despu\u00e9s de su debut en el club, el 26 de agosto de 2004 en un empate sin goles con Quilmes en el estadio Centenario.<\/p>\n<p> Estudiantes es el ganador de la Zona con 28 puntos y sin nada por jugar usar\u00e1 un equipo suplente debido a que su gran momento tambi\u00e9n se traslad\u00f3 a la Copa Libertadores donde en la semana venci\u00f3 a Nacional de Montevideo (1-0) y se clasific\u00f3 a los octavos de final.<\/p>\n<p><strong>Probables formaciones<\/strong><\/p>\n<p><strong>Rosario Central<\/strong>: Gaspar Servio; Dami\u00e1n Mart\u00ednez, Facundo Almada, Juan Cruz Komar y Lautaro Blanco; Mateo Tanlongo, Claudio Yacob, Marcelo Ben\u00edtez y Luciano Ferreyra; Lucas Gamba y Marco Ruben. DT: Leandro Somoza.<\/p>\n<p><strong>Estudiantes (La Plata)<\/strong>: Jer\u00f3nimo Pourtau o Juan Pablo Zozaya; Emanuel Beltr\u00e1n, Santiago N\u00fa\u00f1ez, Bruno Valdez y Nicol\u00e1s Fern\u00e1ndez; Hern\u00e1n Toledo, Bautista Kociubinski, Nelson Deossa y Carlo Lattanzio; Franco Zapiola y Alan Marinelli. DT: Ricardo Zielinski.<\/p>\n<p> \u00c1rbitro: Pablo Gim\u00e9nez.<\/p>\n<p> Cancha: Gigante de Arroyito.<\/p>\n<p><strong>Hora de inicio: 19.<\/strong><\/p>\n<p> TV: TNT.<\/p>\n<\/p><\/div>\n<nav class=\"navigation post-navigation\" role=\"navigation\" aria-label=\"Continue Reading\">\n<h2 class=\"screen-reader-text\">Continue Reading<\/h2>\n<\/nav>\n","protected":false},"excerpt":{"rendered":"<p>El goleador hist\u00f3rico canalla se despide del f\u00fatbol \/ Foto: Archivo Rosario Central, \u00faltimo con 11 puntos, vivir\u00e1 una jornada especial cuando despida este s\u00e1bado a su m\u00e1ximo goleador hist\u00f3rico, Marco Ruben, en un partido contra los suplentes de Estudiantes de La Plata, por la 14ta. y \u00faltima fecha de la fase regular de la [&hellip;]<\/p>\n","protected":false},"author":1,"featured_media":39579,"comment_status":"closed","ping_status":"closed","sticky":false,"template":"","format":"standard","meta":[],"categories":[20,2],"tags":[],"_links":{"self":[{"href":"http:\/\/cordobainforma.info\/index.php\/wp-json\/wp\/v2\/posts\/39578"}],"collection":[{"href":"http:\/\/cordobainforma.info\/index.php\/wp-json\/wp\/v2\/posts"}],"about":[{"href":"http:\/\/cordobainforma.info\/index.php\/wp-json\/wp\/v2\/types\/post"}],"author":[{"embeddable":true,"href":"http:\/\/cordobainforma.info\/index.php\/wp-json\/wp\/v2\/users\/1"}],"replies":[{"embeddable":true,"href":"http:\/\/cordobainforma.info\/index.php\/wp-json\/wp\/v2\/comments?post=39578"}],"version-history":[{"count":0,"href":"http:\/\/cordobainforma.info\/index.php\/wp-json\/wp\/v2\/posts\/39578\/revisions"}],"wp:featuredmedia":[{"embeddable":true,"href":"http:\/\/cordobainforma.info\/index.php\/wp-json\/wp\/v2\/media\/39579"}],"wp:attachment":[{"href":"http:\/\/cordobainforma.info\/index.php\/wp-json\/wp\/v2\/media?parent=39578"}],"wp:term":[{"taxonomy":"category","embeddable":true,"href":"http:\/\/cordobainforma.info\/index.php\/wp-json\/wp\/v2\/categories?post=39578"},{"taxonomy":"post_tag","embeddable":true,"href":"http:\/\/cordobainforma.info\/index.php\/wp-json\/wp\/v2\/tags?post=39578"}],"curies":[{"name":"wp","href":"https:\/\/api.w.org\/{rel}","templated":true}]}}