{"id":39576,"date":"2022-05-07T13:16:00","date_gmt":"2022-05-07T13:16:00","guid":{"rendered":"https:\/\/somoscordobeses.com\/2022\/05\/07\/luis-brandoni-cuenta-lo-que-nadie-vio-del-rodaje-con-su-amigo-robert-de-niro\/"},"modified":"2022-05-07T13:16:00","modified_gmt":"2022-05-07T13:16:00","slug":"luis-brandoni-cuenta-lo-que-nadie-vio-del-rodaje-con-su-amigo-robert-de-niro","status":"publish","type":"post","link":"http:\/\/cordobainforma.info\/index.php\/2022\/05\/07\/luis-brandoni-cuenta-lo-que-nadie-vio-del-rodaje-con-su-amigo-robert-de-niro\/","title":{"rendered":"Luis Brandoni cuenta lo que nadie vio del rodaje con su amigo Robert De Niro"},"content":{"rendered":"<div>\n<p>Est\u00e1 entendiblemente cansado, pero contento, feliz. Rodar todos los d\u00edas un promedio de 11 horas, a los 82 a\u00f1os, agota a cualquiera. Pero no a <strong>Luis Brandoni<\/strong>, que filma con su amigo -s\u00ed, amigo- <strong>Robert De Niro<\/strong> <em>Nad<\/em>a, la serie que dirigen <strong>Mariano Cohn y Gast\u00f3n Duprat<\/strong>, y que estrenar\u00e1 Star+ en 2023.<\/p>\n<p> Nadie habla oficialmente de la serie, ni los directores, pero Brandoni acepta dialogar con<strong> Clar\u00edn<\/strong>, en dos altos de las grabaciones.<\/p>\n<p> \u201cMenos mal que estoy bien de salud, porque es algo tremendo, la exigencia del trabajo es enorme\u201d arranca sin que le pregunte nada sobre<em> Nada<\/em>. \u201cAcabo de sentarme despu\u00e9s de 11 horas de trabajo, y esto es todos los d\u00edas, lo m\u00e1s barato son 10 horas. Y nos quedan 7 semanas. Por suerte estoy bien\u201d.<\/p>\n<div>\n<div> <picture><source media=\"(min-width: 720px)\"><\/picture><figcaption>\n<p>El domingo 1\u00b0 de mayo acompa\u00f1\u00f3 a De Niro al Museo Nacional de Bellas Artes. Foto RSFotos <\/p>\n<\/figcaption><\/div>\n<\/div>\n<p> Brandoni es Manuel, un cr\u00edtico gastron\u00f3mico en plena crisis, y el ganador de dos Oscar es Vincent, su amigo estadounidense que viene a Buenos Aires a presentar un libro de Manuel.<\/p>\n<p> <strong>-\u00bfC\u00f3mo nace el proyecto, o c\u00f3mo llegaste vos a \u00e9l?<\/strong><\/p>\n<p> -Mir\u00e1, nosotros logramos un acercamiento y afecto, tanto con Gast\u00f3n (Duprat) como con Mariano (Cohn) muy lindo, muy cari\u00f1oso, muy cercano -\u00e9l trabaj\u00f3 en <em>Mi obra maestra<\/em>, dirigido por Duprat, y en <em>4\u00d74<\/em>, por Cohn-. Y ellos empezaron a contarme sus pr\u00f3ximos proyectos, uno que se concret\u00f3 despu\u00e9s, que es el de <em>El encargado<\/em>.<\/p>\n<div>\n<div> <picture><source media=\"(min-width: 720px)\"><\/picture><figcaption>\n<p>Con el director Gast\u00f3n Duprat ya hab\u00eda trabajado en \u201cMi obra maestra\u201d. En la foto, con \u00e9l y Francella en Venecia. AFP <\/p>\n<\/figcaption><\/div>\n<\/div>\n<p> <strong>-Que protagoniza Guillermo Francella, y vos ten\u00e9s un peque\u00f1o papel en esa serie.<\/strong><\/p>\n<p> -S\u00ed. Eso se dio en una cena junto con Guillermo, apareci\u00f3 la idea de que yo hiciera un cap\u00edtulo, como una participaci\u00f3n especial, y Guillermo lo hiciera en el otro proyecto, que es<em> Nada<\/em>. La diferencia con la otra serie es que en \u00e9sta son solamente cinco episodios, pero demanda mucho trabajo. Ellos son muy laboriosos, muy cuidadosos y detallistas.<\/p>\n<p> <strong>-\u00bfY cu\u00e1ndo entra De Niro en consideraci\u00f3n para actuar en la serie?<\/strong><\/p>\n<p> -Cuando terminaron los libros. Yo tengo una relaci\u00f3n de afecto personal con \u00e9l, que nos vemos muy de vez en cuando. La \u00faltima vez que nos hab\u00edamos visto fue en mi casa, ac\u00e1 de Buenos Aires, hace 6 a\u00f1os. (Cohn y Duprat)&nbsp;establecieron un contacto con el representante de De Niro, que quiso leer los libretos de la serie, y la verdad que los chicos trabajaron con un rigor profesional extraordinario. Los mejoraron mucho, hay varias versiones de los cinco cap\u00edtulos. Yo me siento muy exigido y protegido al mismo tiempo.<\/p>\n<div>\n<div> <picture><source media=\"(min-width: 720px)\"><\/picture><figcaption>\n<p>Brandoni le dijo a Clar\u00edn que De Niro le cont\u00f3 que se neg\u00f3 a interpretar a Carlos Gardel \u201cporque no sab\u00eda nada de \u00e9l\u201d. <\/p>\n<\/figcaption><\/div>\n<\/div>\n<p> A Rob lo conoc\u00ed por intermedio de Lito Cruz. Lito lo vio en una obra de teatro en Nueva York \u2013<em>Cuba y su peque\u00f1o Teddy<\/em>, de Reynaldo Povod-, que le gust\u00f3 y compr\u00f3 los derechos. Y cuando la puso en escena aqu\u00ed lo llam\u00f3 a De Niro, y Bob se vino con un amigo al estreno. All\u00ed lo conoc\u00ed, y despu\u00e9s nos vimos en Punta del Este, y en Buenos Aires. S\u00ed, mi relaci\u00f3n con De Niro viene por parte del pobre Lito.<\/p>\n<div>\n<div> <picture><source media=\"(min-width: 720px)\"><\/picture><figcaption>\n<p>Filmaba \u201cMade in Argentina\u201d con Marta BIanchi en Nueva York, y De Niro los invit\u00f3 a pasar Nochebuena en su casa. Archivo <\/p>\n<\/figcaption><\/div>\n<\/div>\n<p> <strong>-Vos pasaste una Nochebuena en la casa de De Niro, en Nueva York.<\/strong><\/p>\n<p>-Pero fue porque est\u00e1bamos filmando cerca de la fecha de Navidad <em>Made in Argentina<\/em> all\u00e1, unas escenas del final de la pel\u00edcula en Nueva York. Y hab\u00eda un personaje que lo hac\u00eda un estadounidense, que par\u00f3 en el mismo hotel que nosotros. El no viv\u00eda en Manhattan. La noche anterior hab\u00edamos estado ensayando, y despu\u00e9s se fue a cenar a uno de los restaurantes de De Niro.<\/p>\n<p>El le pregunt\u00f3 qu\u00e9 hac\u00eda en Nueva York. \u201cVine a hacer una participaci\u00f3n en una pel\u00edcula argentina\u201d, le dijo. \u201c\u00bfY qui\u00e9nes est\u00e1n?\u201d, le pregunt\u00f3 Robert. \u201cYo al \u00fanico que conoc\u00ed es a Brandoni\u201d, le respondi\u00f3. \u201cDecile que me llame sin falta\u201d, le orden\u00f3 De Niro.<\/p>\n<p>Es que imagin\u00f3 que yo iba a pasar la Nochebuena solo, y as\u00ed fue como fui con Marta (Bianchi), que por entonces era mi esposa, y una de mis hijas a pasar la Nochebuena con \u00e9l. Nos recibi\u00f3 como buen padre de una familia italiana.<\/p>\n<div>\n<div> <picture><source media=\"(min-width: 720px)\"><\/picture><figcaption>\n<p>Con Dady Brieva actu\u00f3 en \u201c4\u00d74\u201d, de Mariano Cohn, uno de los dos directores de la serie \u201cNada\u201d. Archivo Clar\u00edn <\/p>\n<\/figcaption><\/div>\n<\/div>\n<p> <strong>-As\u00ed que se conoc\u00edan, pero nunca hab\u00edas trabajado, actuado con De Niro.<\/strong><\/p>\n<p> -Nunca. Debutamos el martes, porque el lunes cada uno film\u00f3 sus escenas en la misma casona, pero por separado. Es un gusto, \u00e9l es un gran profesional, una persona encantadora, deliciosa, es todo, por decirlo de alguna manera.<\/p>\n<div>\n<div> <picture><source media=\"(min-width: 720px)\"><\/picture><figcaption>\n<p>Brandoni le ense\u00f1\u00f3 las se\u00f1as del truco a De Niro. Y lo hab\u00eda recibido en su casa de la calle Suipacha en su visita anterior, en 2016. EFE <\/p>\n<\/figcaption><\/div>\n<\/div>\n<p> <strong>-\u00bfHay algo que te haya sorprendido de De Niro, en su forma de trabajar, de actuar?<\/strong><\/p>\n<p> -La disposici\u00f3n que \u00e9l tiene para el trabajo. Est\u00e1 acostumbrado a trabajar muchas horas, y \u00e9sta es una experiencia nueva para \u00e9l. El nunca hizo una serie de televisi\u00f3n, as\u00ed que est\u00e1 debutando, y no deja de ser una novedad. Hoy lo pude comprobar, es muy respetuoso, acepta sugerencias tanto de compa\u00f1eros de elenco como de los dos directores, es un gusto trabajar con este hombre.<\/p>\n<p> Vamos a ver si hacemos una segunda versi\u00f3n, una secuela o segunda temporada, y nos vamos a filmar a los Estados Unidos\u2026 Es una fantas\u00eda, vamos a ver c\u00f3mo termina esto, pero son muy buenos los libretos.<\/p>\n<p> A la hora de definir a Manuel, su personaje que es el protagonista de la serie, Brandoni comenta que \u201cuna de las caracter\u00edsticas es que es un fan\u00e1tico de Buenos Aires. Te doy un ejemplo. El mantiene una conversaci\u00f3n con su hija, que est\u00e1 en Londres, por tel\u00e9fono, y ella se queja. \u2018No te encuentro nunca en tu casa\u2019, le dice, y mi personaje le responde \u2018Mi casa es Buenos Aires, siempre estoy en mi casa\u2019. Te digo que se va a lucir la ciudad en la serie\u201d.<\/p>\n<p> Su hija -una voz en el tel\u00e9fono, en principio- ser\u00e1 Cecilia Dopazo. \u201cPor suerte voy a volver a trabajar con ella, despu\u00e9s de muchos a\u00f1os. Era tambi\u00e9n mi hija en <em>Mi cu\u00f1ado<\/em>\u201d, rememora y se acuerda de la tira con Ricardo Dar\u00edn, en los a\u00f1os \u201990 por Telefe.<\/p>\n<div>\n<div> <picture><source media=\"(min-width: 720px)\"><\/picture><figcaption>\n<p>Con Ricardo Dar\u00edn en \u201cMi cu\u00f1ado\u201d (1991). Ahora vuelve a trabajar con Cecilia Dopazo, de nuevo su hija en la ficci\u00f3n. <\/p>\n<\/figcaption><\/div>\n<\/div>\n<p>Volviendo a Manuel \u201ces un bon vivant, un hombre muy bien relacionado socialmente. Un poco estramb\u00f3tico -concede-. Ha hecho muchas cosas en su vida, en sus \u00faltimos a\u00f1os se ha convertido en un cr\u00edtico gastron\u00f3mico prestigioso, y ha publicado muchos libros exitosos. Es un tipo de car\u00e1cter dif\u00edcil, y si me pregunt\u00e1s el g\u00e9nero de la serie podr\u00edamos decir que es una comedia, pero es un personaje m\u00e1s bien curioso, con muchos amigos.<\/p>\n<p>Y si vive solo es porque se separ\u00f3 hace muchos a\u00f1os. Ten\u00eda una empleada que era una especie de gerente en su casa, y con la muerte de ella se le pierde media vida, porque no sabe hacer un huevo frito este experto en gastronom\u00eda\u201d.<\/p>\n<p>\u201cHay muchos personajes de Buenos Aires en la trama. Y \u00e9l, Vincent -o sea De Niro- lo explica, lo habla al p\u00fablico, lo cuenta. El es un periodista y escritor estadounidense muy c\u00e9lebre y exitoso, y parece que lo que se vio este martes, que debutamos trabajando juntos\u2026 El comentario de nuestros dos directores era que se ve\u00eda que hab\u00eda afecto sincero y que efectivamente los dos personajes eran amigos.\u201d<\/p>\n<div>\n<div> <picture><source media=\"(min-width: 720px)\"><\/picture><figcaption>\n<p>Robert De Niro y su primera salida en la noche de Buenos Aires. El actor sale del hotel Jard\u00edn Escondido. RS FOTOS <\/p>\n<\/figcaption><\/div>\n<\/div>\n<p>\u201cMi personaje, Manuel, dice \u2018Un amigo no es una planta: no hay que regarlo todos los d\u00edas, cuando est\u00e1, est\u00e1, est\u00e1 siempre\u2019. El verdadero amigo est\u00e1 cuando uno lo necesita, cuando quieren verse hacen lo imposible por encontrarse, que es la relaci\u00f3n que tenemos con Robert. La \u00faltima vez que nos hab\u00edamos visto hab\u00eda sido en mi casa de la calle Suipacha, y \u00e9l se trajo su c\u00e1mara de fotos para retratar el momento\u201d.<\/p>\n<p> <strong>-Tu primer reencuentro con De Niro fue el domingo, un d\u00eda antes de comenzar a rodar.<\/strong><\/p>\n<p> -S\u00ed, que nos acercamos al Hotel Four Seasons, y por la tarde fuimos al Museo Nacional de Bellas Artes.<\/p>\n<div>\n<div> <picture><source media=\"(min-width: 720px)\"><\/picture><figcaption>\n<p>Este verano Brandoni estaba en Mar del Plata con la obra \u201cEl acompa\u00f1amiento\u201d cuando hizo un Zoom con De Niro\u2026 E. Fern\u00e1ndez <\/p>\n<\/figcaption><\/div>\n<\/div>\n<p> <strong>-\u00bfY cu\u00e1nto hac\u00eda desde la \u00faltima vez que hab\u00edan hablado?<\/strong><\/p>\n<p> -Fue este a\u00f1o. Yo estaba haciendo temporada en Mar del Plata (con <em>El acompa\u00f1amiento<\/em>) y tuvimos un encuentro v\u00eda Zoom con \u00e9l.<\/p>\n<p> <strong>-\u00bfDe qu\u00e9 hablaron?<\/strong><\/p>\n<p> -Y, conversamos bastante sobre este proyecto. Yo quer\u00eda saber cu\u00e1nto le interesaba venir, y me di cuenta de que much\u00edsimo. Ha venido con su novia, Tiffany, y con su hija m\u00e1s peque\u00f1a, de 10 a\u00f1os, y la verdad es que est\u00e1 encantado. A \u00e9l le gusta Buenos Aires desde hace muchos a\u00f1os. Hemos pasado algunas tardes, y algunas noches, muy entretenidas.<\/p>\n<div>\n<div> <picture><source media=\"(min-width: 720px)\"><\/picture><figcaption>\n<p>\u201cA (De Niro) le gusta Buenos Aires desde hace muchos a\u00f1os. Hemos pasado algunas noches, muy entretenidas\u2026\u201d. Mart\u00edn Bonetto <\/p>\n<\/figcaption><\/div>\n<\/div>\n<p> <strong>-No tienen mucho tiempo libre como para verse fuera del rodaje.<\/strong><\/p>\n<p> -Noooooo. No es f\u00e1cil para m\u00ed, ni para \u00e9l. Todo se trabaj\u00f3 con una anticipaci\u00f3n grande&nbsp;y por suerte coincidieron las cosas, \u00e9l no ten\u00eda por estas fechas otra filmaci\u00f3n. Pero las ganas que ten\u00eda de estar ac\u00e1\u2026 Ten\u00e9s que preguntarles a los muchachos (por Cohn y Duprat). Est\u00e1 muy contento.<\/p>\n<p> El plan de rodaje de <em>Nada<\/em> fue bastante apretado en las seis jornadas que estuvo De Niro. \u201cMa\u00f1ana -nos dec\u00eda Brandoni el martes, en el primer encuentro que tuvimos; el segundo fue el viernes- tenemos una citaci\u00f3n a las 6.10 de la ma\u00f1ana. Hay una escena global de la serie que es complicada de filmar, pero creo que esta serie nos va a acercar mucho m\u00e1s con Rob\u201d.<\/p>\n<p> Brandoni estuvo de festejo por estos d\u00edas. \u201cEstuve de cumplea\u00f1os, no m\u00edo, sino de mi vida profesional. El lunes 2 de mayo cumpl\u00ed 60 a\u00f1os de haber debutado profesionalmente. Fue en el Teatro Coliseo, el 2 de mayo del \u201962, con la obra <em>El novio<\/em> (<em>The Boyfriend<\/em>)\u201d, comenta, antes de lanzarse a recordar an\u00e9cdotas frescas de este rodaje.<\/p>\n<div>\n<div> <picture><source media=\"(min-width: 720px)\"><\/picture><figcaption>\n<p>Brandoni cumpli\u00f3 el mismo d\u00eda que empez\u00f3 el rodaje de \u201cNada\u201d 60 a\u00f1os con la actuaci\u00f3n. Foto: Andr\u00e9s D\u2019Elia <\/p>\n<\/figcaption><\/div>\n<\/div>\n<h2>An\u00e9cdotas del rodaje<\/h2>\n<p>\u201cLo que puedo decirte que m\u00e1s me impresion\u00f3 de De Niro ocurri\u00f3 el martes. Ese d\u00eda nos encontramos frente a frente, sentados a una mesa en una parrilla, y empezamos el di\u00e1logo de los personajes. \u00bfY sab\u00e9s qu\u00e9? Despu\u00e9s de un rato, cuando pasaron algunas tomas, me di cuenta de que era la primera vez que trabajaba con \u00e9l, y me sent\u00ed c\u00f3modo, pero c\u00f3modo como si fu\u00e9ramos compa\u00f1eros de trabajo ya de otras oportunidades\u201d.<\/p>\n<p>\u201cEs un profesional muy serio y cuidadoso, no le preocupa cu\u00e1ntas tomas hagamos, no se fastidia por nada. Y nos permitimos, de pronto, hacer alg\u00fan agregado, alguna cosa que se nos ocurre y lo consultamos con los directores, y si lo llev\u00e1s a cabo o no despu\u00e9s, no importa. Pero \u00e9sta es la primera vez que trabajo con \u00e9l, y en este aspecto me llevo una gran alegr\u00eda.<\/p>\n<div>\n<div> <picture><source media=\"(min-width: 720px)\"><\/picture><figcaption>\n<p>De Niro y la parrilla Lo de Omar, donde se sent\u00f3 a una mesa y film\u00f3 por primera vez con Luis Brandoni, el martes 3. <\/p>\n<\/figcaption><\/div>\n<\/div>\n<p> <strong>-Este s\u00e1bado ya regresa a Nueva York.<\/strong><\/p>\n<p> -Ma\u00f1ana (la entrevista se termin\u00f3 ayer, viernes) se va, y no solo yo, o los directores lo vamos a extra\u00f1ar. Lo van a extra\u00f1ar los miembros del equipo t\u00e9cnico, que est\u00e1n encantados de la vida con este hombre sencillo y tan aplicado al trabajo, que dice que s\u00ed a todo, y que si se presentan algunos problemas de horario, no se preocupa. Me queda la mejor impresi\u00f3n de \u00e9l.<\/p>\n<p> Nos entendemos con una enorme facilidad, y lo que se expresa en la c\u00e1mara es que la gente puede creer r\u00e1pidamente que nosotros somos amigos en la ficci\u00f3n como lo somos en la vida real. Parece ser que es veros\u00edmil en la pantalla.<\/p>\n<p> Brandoni ahora est\u00e1 rodando en La Boca. El decorado es la casa de Manuel, su personaje, y Vincent \u201cviene a vivir, se hospeda en mi casa los pocos d\u00edas que est\u00e1\u201d, aclara como si hiciera falta.<\/p>\n<div>\n<div> <picture><source media=\"(min-width: 720px)\"><\/picture><figcaption>\n<p>De Niro el mi\u00e9rcoles 4, al ingresar al Faena Art Center, donde su personaje presenta un libro de Manuel (Brandoni). RS Fotos <\/p>\n<\/figcaption><\/div>\n<\/div>\n<p> <strong>-\u00bfEn qu\u00e9 idioma habl\u00e1s vos con De Niro?<\/strong><\/p>\n<p> -En italiano, yo hablo muy poco el ingl\u00e9s, \u00e9l entonces me habla en italiano, y anda bastante con pretensiones de hablar castellano reiteradamente -se r\u00ede-.<\/p>\n<p> <strong>-\u00bfY de qu\u00e9 temas hablan, cuando no est\u00e1n en plena toma?<\/strong><\/p>\n<p> -Me entiendo muy bien con \u00e9l, siempre hemos hablado de la profesi\u00f3n, tambi\u00e9n cosas que le han gustado y otras que no en su carrera profesional.<\/p>\n<p> <strong>-\u00bfPor ejemplo?<\/strong><\/p>\n<p> -Le he preguntado qu\u00e9 cosas le han gustado hacer y qu\u00e9 cosas no. Un d\u00eda me habl\u00f3 de los personajes que puede hacer y los que no, y yo le pregunt\u00e9 \u201c\u00bfA&nbsp;qu\u00e9 personajes les dijiste que no?\u201d \u201cMe ofrecieron hacer de Gardel. Y yo no s\u00e9 nada de Gardel, no s\u00e9 qui\u00e9n era, c\u00f3mo era. \u00bfY c\u00f3mo voy a hacer a alguien que existi\u00f3 de verdad, de manera seria\u2026?\u201d.<\/p>\n<p> Cuando le saco el tema de la supuesta rabieta que se habr\u00eda agarrado con el visitante ilustre por otras tambi\u00e9n supuestas llegadas tardes de De Niro al set de rodaje a la ma\u00f1ana, Brandoni casi que me corta en seco.<\/p>\n<p>\u201cEs un disparate, un desprop\u00f3sito indigno. No solo no hemos discutido, De Niro tampoco ha manifestado un disgusto por nada, como que haya faltado algo, ni siquiera un vaso, o porque haya aparecido donde no deb\u00eda. Es una patra\u00f1a. Ser\u00eda bueno, si me permit\u00eds una sugerencia, que le hicieras una nota al equipo t\u00e9cnico, despu\u00e9s que se haya ido De Niro, para que saques conclusiones y datos interesantes, sin que est\u00e9n los directores, \u00bfeh?, para saber qu\u00e9 piensan todos de este se\u00f1or.<\/p>\n<p>Es una persona que vale la pena considerar, muy buena gente, con lo que hizo aquella Nochebuena, ya te das una idea.<\/p>\n<div>\n<h2>TEMAS QUE APARECEN EN ESTA NOTA<\/h2>\n<\/div>\n<\/div>\n<nav class=\"navigation post-navigation\" role=\"navigation\" aria-label=\"Continue Reading\">\n<h2 class=\"screen-reader-text\">Continue Reading<\/h2>\n<\/nav>\n","protected":false},"excerpt":{"rendered":"<p>Est\u00e1 entendiblemente cansado, pero contento, feliz. Rodar todos los d\u00edas un promedio de 11 horas, a los 82 a\u00f1os, agota a cualquiera. Pero no a Luis Brandoni, que filma con su amigo -s\u00ed, amigo- Robert De Niro Nada, la serie que dirigen Mariano Cohn y Gast\u00f3n Duprat, y que estrenar\u00e1 Star+ en 2023. Nadie habla [&hellip;]<\/p>\n","protected":false},"author":1,"featured_media":39577,"comment_status":"closed","ping_status":"closed","sticky":false,"template":"","format":"standard","meta":[],"categories":[2],"tags":[],"_links":{"self":[{"href":"http:\/\/cordobainforma.info\/index.php\/wp-json\/wp\/v2\/posts\/39576"}],"collection":[{"href":"http:\/\/cordobainforma.info\/index.php\/wp-json\/wp\/v2\/posts"}],"about":[{"href":"http:\/\/cordobainforma.info\/index.php\/wp-json\/wp\/v2\/types\/post"}],"author":[{"embeddable":true,"href":"http:\/\/cordobainforma.info\/index.php\/wp-json\/wp\/v2\/users\/1"}],"replies":[{"embeddable":true,"href":"http:\/\/cordobainforma.info\/index.php\/wp-json\/wp\/v2\/comments?post=39576"}],"version-history":[{"count":0,"href":"http:\/\/cordobainforma.info\/index.php\/wp-json\/wp\/v2\/posts\/39576\/revisions"}],"wp:featuredmedia":[{"embeddable":true,"href":"http:\/\/cordobainforma.info\/index.php\/wp-json\/wp\/v2\/media\/39577"}],"wp:attachment":[{"href":"http:\/\/cordobainforma.info\/index.php\/wp-json\/wp\/v2\/media?parent=39576"}],"wp:term":[{"taxonomy":"category","embeddable":true,"href":"http:\/\/cordobainforma.info\/index.php\/wp-json\/wp\/v2\/categories?post=39576"},{"taxonomy":"post_tag","embeddable":true,"href":"http:\/\/cordobainforma.info\/index.php\/wp-json\/wp\/v2\/tags?post=39576"}],"curies":[{"name":"wp","href":"https:\/\/api.w.org\/{rel}","templated":true}]}}